{"id":1795,"date":"2021-06-29T21:57:20","date_gmt":"2021-06-29T21:57:20","guid":{"rendered":"https:\/\/www.confederaciondelcobre.cl\/?p=1795"},"modified":"2021-06-29T21:59:32","modified_gmt":"2021-06-29T21:59:32","slug":"se-abre-postulacion-a-fondo-unico-de-vivienda-concursable-proceso-2021","status":"publish","type":"post","link":"https:\/\/www.confederaciondelcobre.cl\/index.php\/2021\/06\/29\/se-abre-postulacion-a-fondo-unico-de-vivienda-concursable-proceso-2021\/","title":{"rendered":"Se abre postulaci\u00f3n a Fondo \u00danico de Vivienda Concursable, proceso 2021."},"content":{"rendered":"\n<p>Compa\u00f1eras y compa\u00f1eros, comunicamos que<strong>\u00a0ya ha comenzado<\/strong> (hasta el mi\u00e9rcoles 28 de julio) <strong> el proceso de postulaci\u00f3n y entrega de antecedentes para acceder al Fondo \u00danico de Vivienda Concursable a\u00f1o 2021<\/strong>. Un derecho y beneficio <strong>para\u00a0trabajadores\u00a0Contratistas y Subcontratistas que prestan servicios a Codelco, y que corresponde al Acuerdo Marco vigente entre la Confederaci\u00f3n de Trabajadores del Cobre (CTC), Agema y Codelco<\/strong>.<\/p>\n\n\n\n<ul class=\"wp-block-list\"><li>Dicho&nbsp;beneficio consiste en un&nbsp;<strong>aporte \u00fanico<\/strong>&nbsp;<strong>para<\/strong>&nbsp;<strong>la compra, construcci\u00f3n o prepago de cr\u00e9ditos hipotecarios&nbsp;de la primera vivienda<\/strong>.<\/li><\/ul>\n\n\n\n<p><strong>Desde el a\u00f1o 2007 las y los trabajadores contratistas y subcontratistas de Codelco, adem\u00e1s de sus familias, tienen acceso a una variedad de derechos laborales y beneficios sociales que establece el&nbsp;Acuerdo Marco, firmado entre la Confederaci\u00f3n de Trabajadores del Cobre (CTC), <strong>Codelco<\/strong> y las empresas contratistas. Esta conquista de la Clase Trabajadora, cabe recordar, ha sido \u00fanicamente gracias a la&nbsp;Unidad, Organizaci\u00f3n y Lucha&nbsp;de todas y todos quienes, agrupados en la CTC, lograron el Acuerdo Marco con la cupr\u00edfera estatal.<\/strong><\/p>\n\n\n\n<blockquote class=\"wp-block-quote is-layout-flow wp-block-quote-is-layout-flow\"><p><strong>Para este a\u00f1o 2021 se dispondr\u00e1 de 1.000 (mil) cupos por un monto de UF20 (veinte Unidades de Fomento) cada uno, que ser\u00e1n pagados el d\u00eda 14 de octubre de 2021<\/strong> mediante vale vista que podr\u00e1 ser cobrado en cualquier sucursal del Banco de Chile.&nbsp;<strong>Este documento ser\u00e1 emitido a nombre del beneficiario y podr\u00e1 ser retirado a partir de la fecha indicada, por el titular junto a su C\u00e9dula de Identidad y en un plazo de 6 meses<\/strong>. Posterior a dicho plazo (seis meses) el documento quedar\u00e1 sin efecto.<\/p><\/blockquote>\n\n\n\n<ul class=\"wp-block-list\"><li>Este beneficio&nbsp;<strong>es exclusivo y \u00fanico para la primera vivienda<\/strong>&nbsp;del o la trabajadora,&nbsp;<strong>por lo que toda compa\u00f1era o compa\u00f1ero que se haya adjudicado este beneficio en a\u00f1os anteriores deber\u00e1 abstenerse de postular nuevamente en este proceso<\/strong>.<\/li><\/ul>\n\n\n\n<blockquote class=\"wp-block-quote is-layout-flow wp-block-quote-is-layout-flow\"><p><strong>Para postular\u00a0al Fondo \u00danico de Vivienda Concursable, a\u00f1o 2021,\u00a0puedes hacerlo ingresando al sitio web de la OTIC de la C\u00e1mara Chilena de la Construcci\u00f3n\u00a0(<a rel=\"noreferrer noopener\" href=\"http:\/\/www.oticdelaconstruccion.cl\/fondos2021\/portada.php\" target=\"_blank\"><u>haciendo click aqu\u00ed<\/u><\/a>). All\u00ed encontrar\u00e1s la secci\u00f3n \u201cFondos para la Primera Vivienda\u201d, donde se solicitar\u00e1 ingresar el RUT del trabajador o trabajadora que postula. Una vez all\u00ed, tambi\u00e9n encontrar\u00e1s informaci\u00f3n sobre las Bases y Documentaci\u00f3n requerida.<\/strong><br><br>IMPORTANTE: sugerimos hacer consulta y proceso de postulaci\u00f3n desde un computador de escritorio.<\/p><\/blockquote>\n\n\n\n<p><strong>Los beneficios y derechos conquistados gracias a la unidad, organizaci\u00f3n y lucha de las y los trabajadores agrupados en la CTC<\/strong>&nbsp;tienen por objetivo&nbsp;<strong>mejorar nuestras condiciones laborales, sociales y de calidad de vida<\/strong>, por lo que llamamos a todas y todos&nbsp;<strong>a difundir esta informaci\u00f3n y proceso de postulaci\u00f3n entre sus compa\u00f1eras y compa\u00f1eros<\/strong>.<\/p>\n\n\n\n<p>A continuaci\u00f3n, para su consideraci\u00f3n, dejamos calendario del proceso.<\/p>\n\n\n\n<figure class=\"wp-block-image size-large\"><img loading=\"lazy\" decoding=\"async\" width=\"720\" height=\"930\" src=\"https:\/\/www.confederaciondelcobre.cl\/wp-content\/uploads\/2021\/06\/FondoVivienda2021.png\" alt=\"\" class=\"wp-image-1799\" srcset=\"https:\/\/www.confederaciondelcobre.cl\/wp-content\/uploads\/2021\/06\/FondoVivienda2021.png 720w, https:\/\/www.confederaciondelcobre.cl\/wp-content\/uploads\/2021\/06\/FondoVivienda2021-232x300.png 232w\" sizes=\"auto, (max-width: 720px) 100vw, 720px\" \/><\/figure>\n","protected":false},"excerpt":{"rendered":"<p>Compa\u00f1eras y compa\u00f1eros, comunicamos que\u00a0ya ha comenzado (hasta el mi\u00e9rcoles 28 de julio) el proceso de postulaci\u00f3n y entrega de antecedentes para acceder al Fondo \u00danico de Vivienda Concursable a\u00f1o &hellip; <\/p>\n","protected":false},"author":2,"featured_media":1800,"comment_status":"closed","ping_status":"closed","sticky":false,"template":"","format":"standard","meta":{"jetpack_post_was_ever_published":false,"_jetpack_newsletter_access":"","_jetpack_dont_email_post_to_subs":false,"_jetpack_newsletter_tier_id":0,"_jetpack_memberships_contains_paywalled_content":false,"_jetpack_memberships_contains_paid_content":false,"footnotes":"","jetpack_publicize_message":"","jetpack_publicize_feature_enabled":true,"jetpack_social_post_already_shared":false,"jetpack_social_options":{"image_generator_settings":{"template":"highway","default_image_id":0,"enabled":false},"version":2}},"categories":[5,23,9,21,22,28,26,25,29,31],"tags":[],"class_list":["post-1795","post","type-post","status-publish","format-standard","has-post-thumbnail","hentry","category-acuerdo-marco","category-acuerdo-marco-codelco","category-confederacion","category-federaciones","category-feminort","category-fesal","category-fesamab","category-fesamav","category-fetramac","category-fetratec"],"jetpack_publicize_connections":[],"jetpack_featured_media_url":"https:\/\/www.confederaciondelcobre.cl\/wp-content\/uploads\/2021\/06\/FondoViv21.jpg","jetpack_sharing_enabled":true,"post_mailing_queue_ids":[],"_links":{"self":[{"href":"https:\/\/www.confederaciondelcobre.cl\/index.php\/wp-json\/wp\/v2\/posts\/1795","targetHints":{"allow":["GET"]}}],"collection":[{"href":"https:\/\/www.confederaciondelcobre.cl\/index.php\/wp-json\/wp\/v2\/posts"}],"about":[{"href":"https:\/\/www.confederaciondelcobre.cl\/index.php\/wp-json\/wp\/v2\/types\/post"}],"author":[{"embeddable":true,"href":"https:\/\/www.confederaciondelcobre.cl\/index.php\/wp-json\/wp\/v2\/users\/2"}],"replies":[{"embeddable":true,"href":"https:\/\/www.confederaciondelcobre.cl\/index.php\/wp-json\/wp\/v2\/comments?post=1795"}],"version-history":[{"count":9,"href":"https:\/\/www.confederaciondelcobre.cl\/index.php\/wp-json\/wp\/v2\/posts\/1795\/revisions"}],"predecessor-version":[{"id":1809,"href":"https:\/\/www.confederaciondelcobre.cl\/index.php\/wp-json\/wp\/v2\/posts\/1795\/revisions\/1809"}],"wp:featuredmedia":[{"embeddable":true,"href":"https:\/\/www.confederaciondelcobre.cl\/index.php\/wp-json\/wp\/v2\/media\/1800"}],"wp:attachment":[{"href":"https:\/\/www.confederaciondelcobre.cl\/index.php\/wp-json\/wp\/v2\/media?parent=1795"}],"wp:term":[{"taxonomy":"category","embeddable":true,"href":"https:\/\/www.confederaciondelcobre.cl\/index.php\/wp-json\/wp\/v2\/categories?post=1795"},{"taxonomy":"post_tag","embeddable":true,"href":"https:\/\/www.confederaciondelcobre.cl\/index.php\/wp-json\/wp\/v2\/tags?post=1795"}],"curies":[{"name":"wp","href":"https:\/\/api.w.org\/{rel}","templated":true}]}}