{"id":181,"date":"2019-04-12T16:42:34","date_gmt":"2019-04-12T16:42:34","guid":{"rendered":"http:\/\/www.ctc2018.cl\/?p=181"},"modified":"2020-04-27T00:28:17","modified_gmt":"2020-04-27T00:28:17","slug":"masivo-paroactivo-convocado-por-la-cut","status":"publish","type":"post","link":"https:\/\/www.confederaciondelcobre.cl\/index.php\/2019\/04\/12\/masivo-paroactivo-convocado-por-la-cut\/","title":{"rendered":"Masivo #ParoActivo convocado por la CUT"},"content":{"rendered":"\n<p>El d\u00eda de hoy, en la ciudad de Santiago de Chile y en distintos puntos del pa\u00eds, se llev\u00f3 a cabo el Paro Nacional Activo convocado por la Central Unitaria de Trabajadores (CUT). Una movilizaci\u00f3n y manifestaciones a las que la Confederaci\u00f3n de Trabajadores del Cobre (CTC) tambi\u00e9n se sum\u00f3.&nbsp;<br><br><\/p>\n\n\n\n<figure class=\"wp-block-image\"><a href=\"http:\/\/www.confederaciondelcobre.cl\/erbocefnoc\/masivo-paroactivo-convocado-por-la-cut\/stephie\/\"><img decoding=\"async\" src=\"http:\/\/www.confederaciondelcobre.cl\/erbocefnoc\/wp-content\/uploads\/2019\/04\/Stephie.jpg\" alt=\"Stephie\" class=\"wp-image-10986\"\/><\/a><\/figure>\n\n\n\n<p>La jornada nacional comenz\u00f3 muy temprano, por ejemplo, con una asamblea general llevada a cabo por la Federaci\u00f3n de Trabajadores Contratistas MantoVerde (FESAMAV, brazo org\u00e1nico de la CTC en el territorio) dando a conocer su rechazo ante los abusos a los que constantemente son sometidos los trabajadores, y la disconformidad frente a las reformas del gobierno que solo benefician a unos pocos y no al conjunto de la sociedad. Tambi\u00e9n insistieron en la exigencia por una salud y educaci\u00f3n p\u00fablicas, gratuitas y de calidad; por viviendas dignas y no m\u00e1s AFP, entre otras reclamaciones que les afectan de forma particular a los trabajadores de esa Divisi\u00f3n.&nbsp;<br><\/p>\n\n\n\n<figure class=\"wp-block-image\"><a href=\"http:\/\/www.confederaciondelcobre.cl\/erbocefnoc\/masivo-paroactivo-convocado-por-la-cut\/pancho\/\"><img decoding=\"async\" src=\"http:\/\/www.confederaciondelcobre.cl\/erbocefnoc\/wp-content\/uploads\/2019\/04\/Pancho.jpg\" alt=\"Pancho\" class=\"wp-image-10987\"\/><\/a><\/figure>\n\n\n\n<p>Los trabajadores y sus organizaciones, incluida la Federaci\u00f3n Minera del Norte (FEMINORT, brazo org\u00e1nico de la CTC en el territorio), tambi\u00e9n se movilizaron en la ciudad de Iquique realizando una marcha y un acto pol\u00edtico cultural encabezado por la CUT de Iquique, cuyo discurso central estuvo a cargo de su presidenta, Esmeralda Contreras.&nbsp;<br><br>En tanto en la ciudad de Santiago la masiva convocatoria de este Paro Activo, en una marcha desarrollada por la Alameda, reuni\u00f3 a organizaciones sindicales, territoriales, asociaciones gremiales, estudiantes, pobladores, partidos pol\u00edticos y al mundo social en general. Tuvo como bandera de lucha variadas consignas que inclu\u00edan \u201cbasta de alzas, no m\u00e1s abusos\u201d, \u201cPor pensiones dignas, no m\u00e1s AFP\u201d, \u201cSalud y Educaci\u00f3n gratuita y de calidad\u201d, \u201cPor viviendas dignas\u201d, \u201cNo m\u00e1s cesant\u00eda\u201d y muchas m\u00e1s que rechazan la profundizaci\u00f3n de la precarizaci\u00f3n laboral que evidentemente disminuye -adem\u00e1s- la calidad de vida de las personas. Todo lo anterior, por cierto, con el claro \u00e1nimo entre los asistentes de avanzar en la unidad de todos los sectores afectados por las medidas regresivas que se est\u00e1n impulsando, particularmente desde el gobierno con el aval de los sectores empresariales. As\u00ed lo reafirm\u00f3 la presidenta de la Central Unitaria de Trabajadores, B\u00e1rbara Figueroa, quien en su discurso destac\u00f3 que la jornada de hoy, esta marcha y movilizaci\u00f3n nacional, fueron una marcha y movilizaci\u00f3n de la unidad: unidad de los trabajadores, los pobladores, de los estudiantes y el movimiento social en general.&nbsp;<br><br><\/p>\n\n\n\n<ul class=\"wp-block-list\"><li><em>En la marcha de Santiago y por parte de la Confederaci\u00f3n de Trabajadores del Cobre&nbsp;estuvieron Manuel Ahumada, presidente; Miguel Santana, vicepresidente; Ana Lamas, secretaria general; Jedry Velis, tesorero; Patricio Roco, director nacional encargado de organizaci\u00f3n; Guillermo Candia, director nacional encargado de comunicaciones y Jos\u00e9 Irarr\u00e1zabal, director nacional encargado de investigaci\u00f3n y formaci\u00f3n. Tambi\u00e9n, desde la sexta regi\u00f3n, de la Divisi\u00f3n el Teniente, representantes y dirigentes de la Federaci\u00f3n de Trabajadores Territorial del Cobre (FETRATEC) y del sindicato Contitech Chile.<\/em><\/li><\/ul>\n\n\n\n<figure class=\"wp-block-image\"><a href=\"http:\/\/www.confederaciondelcobre.cl\/erbocefnoc\/masivo-paroactivo-convocado-por-la-cut\/img_2473\/\"><img decoding=\"async\" src=\"http:\/\/www.confederaciondelcobre.cl\/erbocefnoc\/wp-content\/uploads\/2019\/04\/IMG_2473.jpg\" alt=\"IMG_2473\" class=\"wp-image-10991\"\/><\/a><\/figure>\n\n\n\n<p>Cada vez son m\u00e1s las razones que motivan a las personas y al pueblo desde el descontento. De la misma forma y como consecuencia; cada vez son m\u00e1s los \u00e1nimos de unidad y lucha para hacer frente a la desigualdad e injusticias. La manifestaci\u00f3n y el reclamo son importantes pasos, \u00a1qu\u00e9 duda cabe!, pero tal y como qued\u00f3 demostrado en la jornada de hoy; como Confederaci\u00f3n de Trabajadores del Cobre nos sumamos al llamado de unidad y m\u00e1s unidad, de organizaci\u00f3n y m\u00e1s organizaci\u00f3n, porque Chile necesita al pueblo unido y unidos derrotaremos la desigualdad.&nbsp;Nota: a continuaci\u00f3n dejamos un \u00e1lbum con lo que fue la marcha por la Alameda de Santiago, en este Paro Activo convocado por la Central Unitaria de Trabajadores.<\/p>\n","protected":false},"excerpt":{"rendered":"<p>El d\u00eda de hoy, en la ciudad de Santiago de Chile y en distintos puntos del pa\u00eds, se llev\u00f3 a cabo el Paro Nacional Activo convocado por la Central Unitaria &hellip; <\/p>\n","protected":false},"author":2,"featured_media":183,"comment_status":"open","ping_status":"open","sticky":false,"template":"","format":"standard","meta":{"jetpack_post_was_ever_published":false,"_jetpack_newsletter_access":"","_jetpack_dont_email_post_to_subs":false,"_jetpack_newsletter_tier_id":0,"_jetpack_memberships_contains_paywalled_content":false,"_jetpack_memberships_contains_paid_content":false,"footnotes":"","jetpack_publicize_message":"","jetpack_publicize_feature_enabled":true,"jetpack_social_post_already_shared":false,"jetpack_social_options":{"image_generator_settings":{"template":"highway","default_image_id":0,"enabled":false},"version":2}},"categories":[9,21,14,15,19],"tags":[],"class_list":["post-181","post","type-post","status-publish","format-standard","has-post-thumbnail","hentry","category-confederacion","category-federaciones","category-movimientos-sociales","category-nacional","category-trabajadores"],"jetpack_publicize_connections":[],"jetpack_featured_media_url":"https:\/\/www.confederaciondelcobre.cl\/wp-content\/uploads\/2019\/04\/ParoActivoPortadaWebCTC.jpg","jetpack_sharing_enabled":true,"post_mailing_queue_ids":[],"_links":{"self":[{"href":"https:\/\/www.confederaciondelcobre.cl\/index.php\/wp-json\/wp\/v2\/posts\/181","targetHints":{"allow":["GET"]}}],"collection":[{"href":"https:\/\/www.confederaciondelcobre.cl\/index.php\/wp-json\/wp\/v2\/posts"}],"about":[{"href":"https:\/\/www.confederaciondelcobre.cl\/index.php\/wp-json\/wp\/v2\/types\/post"}],"author":[{"embeddable":true,"href":"https:\/\/www.confederaciondelcobre.cl\/index.php\/wp-json\/wp\/v2\/users\/2"}],"replies":[{"embeddable":true,"href":"https:\/\/www.confederaciondelcobre.cl\/index.php\/wp-json\/wp\/v2\/comments?post=181"}],"version-history":[{"count":1,"href":"https:\/\/www.confederaciondelcobre.cl\/index.php\/wp-json\/wp\/v2\/posts\/181\/revisions"}],"predecessor-version":[{"id":182,"href":"https:\/\/www.confederaciondelcobre.cl\/index.php\/wp-json\/wp\/v2\/posts\/181\/revisions\/182"}],"wp:featuredmedia":[{"embeddable":true,"href":"https:\/\/www.confederaciondelcobre.cl\/index.php\/wp-json\/wp\/v2\/media\/183"}],"wp:attachment":[{"href":"https:\/\/www.confederaciondelcobre.cl\/index.php\/wp-json\/wp\/v2\/media?parent=181"}],"wp:term":[{"taxonomy":"category","embeddable":true,"href":"https:\/\/www.confederaciondelcobre.cl\/index.php\/wp-json\/wp\/v2\/categories?post=181"},{"taxonomy":"post_tag","embeddable":true,"href":"https:\/\/www.confederaciondelcobre.cl\/index.php\/wp-json\/wp\/v2\/tags?post=181"}],"curies":[{"name":"wp","href":"https:\/\/api.w.org\/{rel}","templated":true}]}}