{"id":1825,"date":"2021-07-09T18:03:06","date_gmt":"2021-07-09T18:03:06","guid":{"rendered":"https:\/\/www.confederaciondelcobre.cl\/?p=1825"},"modified":"2021-07-09T18:03:08","modified_gmt":"2021-07-09T18:03:08","slug":"seminario-royalty-minero-renacionalizacion-del-cobre-e-industrializacion","status":"publish","type":"post","link":"https:\/\/www.confederaciondelcobre.cl\/index.php\/2021\/07\/09\/seminario-royalty-minero-renacionalizacion-del-cobre-e-industrializacion\/","title":{"rendered":"Seminario Royalty Minero, Renacionalizaci\u00f3n del Cobre e Industrializaci\u00f3n."},"content":{"rendered":"\n<p>Con la presentaci\u00f3n de propuestas <strong>sobre Royalty Minero, Renacionalizaci\u00f3n del Cobre e Industrializaci\u00f3n<\/strong> por parte de organizaciones de trabajadoras y trabajadores del cobre y la industria, este lunes 12 de julio y a partir de las 18:00 horas, se realizar\u00e1 el <strong>Seminario Miner\u00eda e Industria<\/strong>.<\/p>\n\n\n\n<p>Dicho evento, que se enmarca en el actual proceso constituyente, y a cincuenta a\u00f1os de la nacionalizaci\u00f3n del cobre, hito conocido como &#8220;el d\u00eda de la dignidad nacional y de la solidaridad&#8221; (as\u00ed instaurado por el Presidente Salvador Allende en 1971), tiene adem\u00e1s la intenci\u00f3n de iniciar un proceso  de profundizaci\u00f3n en la discusi\u00f3n de los temas a exponer, pero ya con la visi\u00f3n y participaci\u00f3n de las y los trabajadores y sus organizaciones. Es as\u00ed como lo expres\u00f3 <strong>Manuel Ahumada Letelier, Presidente de la Confederaci\u00f3n de Trabajadores del Cobre<\/strong>,  quien adem\u00e1s tendr\u00e1 a su cargo la presentaci\u00f3n del segmento &#8220;Renacionalizaci\u00f3n del cobre&#8221;, al se\u00f1alar que &#8220;hemos decidido, como organizaciones de la miner\u00eda y la industria, y en el marco del d\u00eda de la dignidad y la solidaridad nacional, presentar desde los trabajadores propuestas de discusi\u00f3n y s\u00edntesis, de manera p\u00fablica, como insumo y posici\u00f3n, important\u00edsimas propuestas para el nuevo Chile que se construye&#8221;, a la vez que reiter\u00f3 la invitaci\u00f3n a conectarse y participar de dicho seminario a realizarse el lunes pr\u00f3ximo.<\/p>\n\n\n\n<blockquote class=\"wp-block-quote is-layout-flow wp-block-quote-is-layout-flow\"><p>Cabe se\u00f1alar que el Seminario Miner\u00eda e Industria ser\u00e1 transmitido en vivo y en directo, de forma telem\u00e1tica y v\u00eda redes sociales de todas las organizaciones convocantes, entre ellas la <a rel=\"noreferrer noopener\" href=\"https:\/\/www.facebook.com\/ConfederaciondeTrabajadoresdelCobre\/\" target=\"_blank\">Confederaci\u00f3n de Trabajadores del Cobre (CTC)<\/a>.<\/p><\/blockquote>\n\n\n\n<p>Finalmente, el Seminario Miner\u00eda e Industria, que es organizado y convocado por la Confederaci\u00f3n de Trabajadores del Cobre (CTC), la Confederaci\u00f3n de Trabajadores Metal\u00fargicos de la Industria y Servicio (Industriall Chile-CONSTRAMET), la Confederaci\u00f3n Minera de Chile (CONFEMIN), la Confederaci\u00f3n Nacional de Sindicatos y Federaci\u00f3n de Trabajadores Electrometal\u00fargicos, Mineros, Automotrices y Ramos Conexos de Chile (CONSFETEMA), la Federaci\u00f3n de Sindicatos Antofagasta Minerals (FESAM), la Federaci\u00f3n de Sindicatos de Supervisores Rol A y Profesionales de Codelco Chile (FESUC), la Federaci\u00f3n de Supervisores de la Miner\u00eda Privada (FESUMIN), la Federaci\u00f3n Minera de Chile (FMC) y la Federaci\u00f3n de Trabajadores del Cobre (FTC), contar\u00e1 con la participaci\u00f3n y comentarios de las y los economistas Gabriel Palma, Orlando Caputo, Marcela Vera y Nicol\u00e1s Bohme, a quienes adem\u00e1s se suman el Diputado Daniel N\u00fa\u00f1ez, Pablo Sep\u00falveda Allende y Roxana Pey.<\/p>\n\n\n\n<figure class=\"wp-block-image size-large\"><img loading=\"lazy\" decoding=\"async\" width=\"819\" height=\"1024\" src=\"https:\/\/www.confederaciondelcobre.cl\/wp-content\/uploads\/2021\/07\/SeminarioMinInd-819x1024.jpg\" alt=\"\" class=\"wp-image-1832\" srcset=\"https:\/\/www.confederaciondelcobre.cl\/wp-content\/uploads\/2021\/07\/SeminarioMinInd-819x1024.jpg 819w, https:\/\/www.confederaciondelcobre.cl\/wp-content\/uploads\/2021\/07\/SeminarioMinInd-240x300.jpg 240w, https:\/\/www.confederaciondelcobre.cl\/wp-content\/uploads\/2021\/07\/SeminarioMinInd-768x960.jpg 768w, https:\/\/www.confederaciondelcobre.cl\/wp-content\/uploads\/2021\/07\/SeminarioMinInd.jpg 1080w\" sizes=\"auto, (max-width: 819px) 100vw, 819px\" \/><\/figure>\n","protected":false},"excerpt":{"rendered":"<p>Con la presentaci\u00f3n de propuestas sobre Royalty Minero, Renacionalizaci\u00f3n del Cobre e Industrializaci\u00f3n por parte de organizaciones de trabajadoras y trabajadores del cobre y la industria, este lunes 12 de &hellip; <\/p>\n","protected":false},"author":2,"featured_media":1826,"comment_status":"closed","ping_status":"closed","sticky":false,"template":"","format":"standard","meta":{"jetpack_post_was_ever_published":false,"_jetpack_newsletter_access":"","_jetpack_dont_email_post_to_subs":false,"_jetpack_newsletter_tier_id":0,"_jetpack_memberships_contains_paywalled_content":false,"_jetpack_memberships_contains_paid_content":false,"footnotes":"","jetpack_publicize_message":"","jetpack_publicize_feature_enabled":true,"jetpack_social_post_already_shared":false,"jetpack_social_options":{"image_generator_settings":{"template":"highway","default_image_id":0,"enabled":false},"version":2}},"categories":[9,11,15,19],"tags":[],"class_list":["post-1825","post","type-post","status-publish","format-standard","has-post-thumbnail","hentry","category-confederacion","category-ctmin","category-nacional","category-trabajadores"],"jetpack_publicize_connections":[],"jetpack_featured_media_url":"https:\/\/www.confederaciondelcobre.cl\/wp-content\/uploads\/2021\/07\/Seminario.jpg","jetpack_sharing_enabled":true,"post_mailing_queue_ids":[],"_links":{"self":[{"href":"https:\/\/www.confederaciondelcobre.cl\/index.php\/wp-json\/wp\/v2\/posts\/1825","targetHints":{"allow":["GET"]}}],"collection":[{"href":"https:\/\/www.confederaciondelcobre.cl\/index.php\/wp-json\/wp\/v2\/posts"}],"about":[{"href":"https:\/\/www.confederaciondelcobre.cl\/index.php\/wp-json\/wp\/v2\/types\/post"}],"author":[{"embeddable":true,"href":"https:\/\/www.confederaciondelcobre.cl\/index.php\/wp-json\/wp\/v2\/users\/2"}],"replies":[{"embeddable":true,"href":"https:\/\/www.confederaciondelcobre.cl\/index.php\/wp-json\/wp\/v2\/comments?post=1825"}],"version-history":[{"count":11,"href":"https:\/\/www.confederaciondelcobre.cl\/index.php\/wp-json\/wp\/v2\/posts\/1825\/revisions"}],"predecessor-version":[{"id":1838,"href":"https:\/\/www.confederaciondelcobre.cl\/index.php\/wp-json\/wp\/v2\/posts\/1825\/revisions\/1838"}],"wp:featuredmedia":[{"embeddable":true,"href":"https:\/\/www.confederaciondelcobre.cl\/index.php\/wp-json\/wp\/v2\/media\/1826"}],"wp:attachment":[{"href":"https:\/\/www.confederaciondelcobre.cl\/index.php\/wp-json\/wp\/v2\/media?parent=1825"}],"wp:term":[{"taxonomy":"category","embeddable":true,"href":"https:\/\/www.confederaciondelcobre.cl\/index.php\/wp-json\/wp\/v2\/categories?post=1825"},{"taxonomy":"post_tag","embeddable":true,"href":"https:\/\/www.confederaciondelcobre.cl\/index.php\/wp-json\/wp\/v2\/tags?post=1825"}],"curies":[{"name":"wp","href":"https:\/\/api.w.org\/{rel}","templated":true}]}}