{"id":1839,"date":"2021-07-11T12:00:00","date_gmt":"2021-07-11T12:00:00","guid":{"rendered":"https:\/\/www.confederaciondelcobre.cl\/?p=1839"},"modified":"2021-07-11T18:34:12","modified_gmt":"2021-07-11T18:34:12","slug":"a-50-anos-de-la-nacionalizacion-del-cobre-a-renacionalizarlo","status":"publish","type":"post","link":"https:\/\/www.confederaciondelcobre.cl\/index.php\/2021\/07\/11\/a-50-anos-de-la-nacionalizacion-del-cobre-a-renacionalizarlo\/","title":{"rendered":"A 50 a\u00f1os de la Nacionalizaci\u00f3n del Cobre: \u00a1A Renacionalizarlo!"},"content":{"rendered":"\n<p>El 11 de julio de 1971, el Congreso Pleno de la Rep\u00fablica de Chile, y por unanimidad, aprob\u00f3 la reforma constitucional propuesta por el Presidente Salvador Allende que permiti\u00f3 la nacionalizaci\u00f3n de la gran miner\u00eda del cobre, estableciendo que <strong>&#8220;El Estado tiene el dominio absoluto, exclusivo, inalienable e imprescriptible de todas las minas\u2026\u201d<\/strong>.<\/p>\n\n\n\n<p>A cincuenta a\u00f1os de aquel hist\u00f3rico hito, conocido como nuestra segunda independencia (la independencia econ\u00f3mica), y despu\u00e9s de un largo proceso de privatizaciones y desnacionalizaci\u00f3n, es imprescindible reafirmar esta independencia y volver a hacerla real para el nuevo Chile que nace.<\/p>\n\n\n\n<p class=\"has-text-align-center\"><strong>En la nueva constituci\u00f3n&#8230; \u00a1A renacionalizar el cobre!<\/strong><\/p>\n\n\n\n<figure class=\"wp-block-image size-large\"><img loading=\"lazy\" decoding=\"async\" width=\"1024\" height=\"1024\" src=\"https:\/\/www.confederaciondelcobre.cl\/wp-content\/uploads\/2021\/07\/Renacionalizacion-1024x1024.png\" alt=\"\" class=\"wp-image-1841\" srcset=\"https:\/\/www.confederaciondelcobre.cl\/wp-content\/uploads\/2021\/07\/Renacionalizacion-1024x1024.png 1024w, https:\/\/www.confederaciondelcobre.cl\/wp-content\/uploads\/2021\/07\/Renacionalizacion-300x300.png 300w, https:\/\/www.confederaciondelcobre.cl\/wp-content\/uploads\/2021\/07\/Renacionalizacion-150x150.png 150w, https:\/\/www.confederaciondelcobre.cl\/wp-content\/uploads\/2021\/07\/Renacionalizacion-768x768.png 768w, https:\/\/www.confederaciondelcobre.cl\/wp-content\/uploads\/2021\/07\/Renacionalizacion.png 1080w\" sizes=\"auto, (max-width: 1024px) 100vw, 1024px\" \/><\/figure>\n","protected":false},"excerpt":{"rendered":"<p>El 11 de julio de 1971, el Congreso Pleno de la Rep\u00fablica de Chile, y por unanimidad, aprob\u00f3 la reforma constitucional propuesta por el Presidente Salvador Allende que permiti\u00f3 la &hellip; <\/p>\n","protected":false},"author":2,"featured_media":1840,"comment_status":"closed","ping_status":"closed","sticky":false,"template":"","format":"standard","meta":{"jetpack_post_was_ever_published":false,"_jetpack_newsletter_access":"","_jetpack_dont_email_post_to_subs":false,"_jetpack_newsletter_tier_id":0,"_jetpack_memberships_contains_paywalled_content":false,"_jetpack_memberships_contains_paid_content":false,"footnotes":"","jetpack_publicize_message":"","jetpack_publicize_feature_enabled":true,"jetpack_social_post_already_shared":false,"jetpack_social_options":{"image_generator_settings":{"template":"highway","default_image_id":0,"enabled":false},"version":2}},"categories":[9,21,15,19],"tags":[],"class_list":["post-1839","post","type-post","status-publish","format-standard","has-post-thumbnail","hentry","category-confederacion","category-federaciones","category-nacional","category-trabajadores"],"jetpack_publicize_connections":[],"jetpack_featured_media_url":"https:\/\/www.confederaciondelcobre.cl\/wp-content\/uploads\/2021\/07\/NacCobre.jpg","jetpack_sharing_enabled":true,"post_mailing_queue_ids":[],"_links":{"self":[{"href":"https:\/\/www.confederaciondelcobre.cl\/index.php\/wp-json\/wp\/v2\/posts\/1839","targetHints":{"allow":["GET"]}}],"collection":[{"href":"https:\/\/www.confederaciondelcobre.cl\/index.php\/wp-json\/wp\/v2\/posts"}],"about":[{"href":"https:\/\/www.confederaciondelcobre.cl\/index.php\/wp-json\/wp\/v2\/types\/post"}],"author":[{"embeddable":true,"href":"https:\/\/www.confederaciondelcobre.cl\/index.php\/wp-json\/wp\/v2\/users\/2"}],"replies":[{"embeddable":true,"href":"https:\/\/www.confederaciondelcobre.cl\/index.php\/wp-json\/wp\/v2\/comments?post=1839"}],"version-history":[{"count":2,"href":"https:\/\/www.confederaciondelcobre.cl\/index.php\/wp-json\/wp\/v2\/posts\/1839\/revisions"}],"predecessor-version":[{"id":1843,"href":"https:\/\/www.confederaciondelcobre.cl\/index.php\/wp-json\/wp\/v2\/posts\/1839\/revisions\/1843"}],"wp:featuredmedia":[{"embeddable":true,"href":"https:\/\/www.confederaciondelcobre.cl\/index.php\/wp-json\/wp\/v2\/media\/1840"}],"wp:attachment":[{"href":"https:\/\/www.confederaciondelcobre.cl\/index.php\/wp-json\/wp\/v2\/media?parent=1839"}],"wp:term":[{"taxonomy":"category","embeddable":true,"href":"https:\/\/www.confederaciondelcobre.cl\/index.php\/wp-json\/wp\/v2\/categories?post=1839"},{"taxonomy":"post_tag","embeddable":true,"href":"https:\/\/www.confederaciondelcobre.cl\/index.php\/wp-json\/wp\/v2\/tags?post=1839"}],"curies":[{"name":"wp","href":"https:\/\/api.w.org\/{rel}","templated":true}]}}