{"id":184,"date":"2019-04-17T16:44:57","date_gmt":"2019-04-17T16:44:57","guid":{"rendered":"http:\/\/www.ctc2018.cl\/?p=184"},"modified":"2020-04-27T00:26:57","modified_gmt":"2020-04-27T00:26:57","slug":"pronto-firma-de-convenio-achifarp-ctc","status":"publish","type":"post","link":"https:\/\/www.confederaciondelcobre.cl\/index.php\/2019\/04\/17\/pronto-firma-de-convenio-achifarp-ctc\/","title":{"rendered":"PRONTO: firma de convenio ACHIFARP-CTC"},"content":{"rendered":"\n<p><strong>La Asociaci\u00f3n Chilena de Farmacias Populares (ACHIFARP) y la Confederaci\u00f3n de Trabajadores (CTC) pronto firmar\u00e1n un convenio que ampliar\u00e1 el acceso a ayuda t\u00e9cnica y dispositivos m\u00e9dicos, para trabajadoras y trabajadores contratistas y subcontratistas que se encuentren afiliados a la CTC.<\/strong><\/p>\n\n\n\n<ul class=\"wp-block-list\"><li><em>Dicho convenio permitir\u00e1, por ejemplo, que&nbsp;<strong>trabajadoras y trabajadores afiliados a la Confederaci\u00f3n de Trabajadores del Cobre puedan acceder a la compra de equipamiento y dispositivos m\u00e9dicos a precios m\u00e1s bajos que los del mercado en general.<\/strong><\/em><\/li><\/ul>\n\n\n\n<p><strong>Si est\u00e1s interesada o interesado en la adquisici\u00f3n de alg\u00fan art\u00edculo&nbsp;puedes ingresar a la secci\u00f3n Farmacia Popular de nuestro sitio (<a href=\"http:\/\/www.confederaciondelcobre.cl\/erbocefnoc\/farmacia-popular\/\">haciendo click aqu\u00ed<\/a>)<\/strong>, y revisar el cat\u00e1logo que hemos dispuesto con algunos de los productos que pronto estar\u00e1n disponibles.&nbsp;<strong>Para indicarnos cual(es) son de tu inter\u00e9s solo debes completar el formulario que all\u00ed mismo se encuentra y pronto nos pondremos en contacto contigo<\/strong>.<\/p>\n\n\n\n<p><strong>Este acuerdo y pronta puesta en marcha del convenio entre la Asociaci\u00f3n Chilena de Farmacias Populares y la Confederaci\u00f3n de Trabajadores del Cobre viene a avanzar en justicia social para las y los trabajadores<\/strong>, por cuanto a que ayuda en la democratizaci\u00f3n del acceso a una parte fundamental de lo que deber\u00eda ser una salud m\u00e1s integral.&nbsp;<strong>Hacemos el llamado, entonces, a difundir entre las y los compa\u00f1eros esta gran e importante noticia.<\/strong><\/p>\n","protected":false},"excerpt":{"rendered":"<p>La Asociaci\u00f3n Chilena de Farmacias Populares (ACHIFARP) y la Confederaci\u00f3n de Trabajadores (CTC) pronto firmar\u00e1n un convenio que ampliar\u00e1 el acceso a ayuda t\u00e9cnica y dispositivos m\u00e9dicos, para trabajadoras y &hellip; <\/p>\n","protected":false},"author":2,"featured_media":186,"comment_status":"open","ping_status":"open","sticky":false,"template":"","format":"standard","meta":{"jetpack_post_was_ever_published":false,"_jetpack_newsletter_access":"","_jetpack_dont_email_post_to_subs":false,"_jetpack_newsletter_tier_id":0,"_jetpack_memberships_contains_paywalled_content":false,"_jetpack_memberships_contains_paid_content":false,"footnotes":"","jetpack_publicize_message":"","jetpack_publicize_feature_enabled":true,"jetpack_social_post_already_shared":false,"jetpack_social_options":{"image_generator_settings":{"template":"highway","default_image_id":0,"enabled":false},"version":2}},"categories":[9,21,22,28,26,25,29,31,15,19],"tags":[],"class_list":["post-184","post","type-post","status-publish","format-standard","has-post-thumbnail","hentry","category-confederacion","category-federaciones","category-feminort","category-fesal","category-fesamab","category-fesamav","category-fetramac","category-fetratec","category-nacional","category-trabajadores"],"jetpack_publicize_connections":[],"jetpack_featured_media_url":"https:\/\/www.confederaciondelcobre.cl\/wp-content\/uploads\/2019\/11\/PortadaWebFPCTC-1.jpg","jetpack_sharing_enabled":true,"post_mailing_queue_ids":[],"_links":{"self":[{"href":"https:\/\/www.confederaciondelcobre.cl\/index.php\/wp-json\/wp\/v2\/posts\/184","targetHints":{"allow":["GET"]}}],"collection":[{"href":"https:\/\/www.confederaciondelcobre.cl\/index.php\/wp-json\/wp\/v2\/posts"}],"about":[{"href":"https:\/\/www.confederaciondelcobre.cl\/index.php\/wp-json\/wp\/v2\/types\/post"}],"author":[{"embeddable":true,"href":"https:\/\/www.confederaciondelcobre.cl\/index.php\/wp-json\/wp\/v2\/users\/2"}],"replies":[{"embeddable":true,"href":"https:\/\/www.confederaciondelcobre.cl\/index.php\/wp-json\/wp\/v2\/comments?post=184"}],"version-history":[{"count":1,"href":"https:\/\/www.confederaciondelcobre.cl\/index.php\/wp-json\/wp\/v2\/posts\/184\/revisions"}],"predecessor-version":[{"id":185,"href":"https:\/\/www.confederaciondelcobre.cl\/index.php\/wp-json\/wp\/v2\/posts\/184\/revisions\/185"}],"wp:featuredmedia":[{"embeddable":true,"href":"https:\/\/www.confederaciondelcobre.cl\/index.php\/wp-json\/wp\/v2\/media\/186"}],"wp:attachment":[{"href":"https:\/\/www.confederaciondelcobre.cl\/index.php\/wp-json\/wp\/v2\/media?parent=184"}],"wp:term":[{"taxonomy":"category","embeddable":true,"href":"https:\/\/www.confederaciondelcobre.cl\/index.php\/wp-json\/wp\/v2\/categories?post=184"},{"taxonomy":"post_tag","embeddable":true,"href":"https:\/\/www.confederaciondelcobre.cl\/index.php\/wp-json\/wp\/v2\/tags?post=184"}],"curies":[{"name":"wp","href":"https:\/\/api.w.org\/{rel}","templated":true}]}}