{"id":1845,"date":"2021-07-15T17:55:29","date_gmt":"2021-07-15T17:55:29","guid":{"rendered":"https:\/\/www.confederaciondelcobre.cl\/?p=1845"},"modified":"2021-07-15T17:55:30","modified_gmt":"2021-07-15T17:55:30","slug":"finalmente-sindicato-fepasa-los-andes-cierra-exitosa-negociacion-colectiva","status":"publish","type":"post","link":"https:\/\/www.confederaciondelcobre.cl\/index.php\/2021\/07\/15\/finalmente-sindicato-fepasa-los-andes-cierra-exitosa-negociacion-colectiva\/","title":{"rendered":"Finalmente, Sindicato FEPASA Los Andes cierra exitosa Negociaci\u00f3n Colectiva."},"content":{"rendered":"\n<p>El martes reci\u00e9n pasado, y luego de una serie de tratativas durante el per\u00edodo de mediaci\u00f3n obligada ante la Inspecci\u00f3n del Trabajo, el Sindicato FEPASA Los Andes y la empresa finalmente llegaron a un acuerdo, cerrando as\u00ed la Negociaci\u00f3n Colectiva que regir\u00e1 sus relaciones y condiciones laborales durante los pr\u00f3ximos dos a\u00f1os.<\/p>\n\n\n\n<p><strong>Junto con mantener y mejorar las condiciones<\/strong> que ya ten\u00edan del contrato anterior, la dirigencia sindical destac\u00f3 que, a pesar de las dif\u00edciles condiciones, debido principalmente a las constantes negativas por parte de la empresa, que adem\u00e1s insist\u00eda en prorrogar \u2014una vez m\u00e1s\u2014 las negociaciones por tres a\u00f1os (hasta el 2024), <strong>se logr\u00f3 cerrar lo que originalmente debi\u00f3 ocurrir el a\u00f1o pasado<\/strong>. Esto, y de manera determinante, fue gracias a la cohesi\u00f3n de los socios del Sindicato. As\u00ed lo expres\u00f3 Sergio Figueroa, Presidente del Sindicato FEPASA los Andes, al se\u00f1alar que <strong>\u201c\u2026como siempre se dijo, desde un principio, la uni\u00f3n, la fuerza, el di\u00e1logo y la colaboraci\u00f3n de nuestros socios fue fundamental\u2026\u201d a la vez que valor\u00f3 la importante colaboraci\u00f3n y asesor\u00edas de parte de la Confederaci\u00f3n de Trabajadores del Cobre (CTC) a trav\u00e9s de sus Directores Nacionales Miguel Santana y Patricio Roco (Vicepresidente y Director Nacional Encargado de Organizaci\u00f3n, respectivamente) y su Equipo Jur\u00eddico<\/strong>.<\/p>\n\n\n\n<p>Junto con mantener las condiciones del contrato anterior, se encuentran mejoras como el reajuste salarial, mejoras en bonos que van directamente con la operaci\u00f3n ferroviaria, un pr\u00e9stamo y la incorporaci\u00f3n al contrato de socios que ven\u00edan de otros sindicatos, entre otras. <\/p>\n\n\n\n<p><strong>Finalmente, el Presidente del Sindicato FEPASA Los Andes, se\u00f1al\u00f3 que en dos a\u00f1os m\u00e1s esperan volver a negociar \u201c\u2026en condiciones diferentes, con otro gobierno y, si dios quiere, con una nueva constituci\u00f3n\u201d.<\/strong><\/p>\n","protected":false},"excerpt":{"rendered":"<p>El martes reci\u00e9n pasado, y luego de una serie de tratativas durante el per\u00edodo de mediaci\u00f3n obligada ante la Inspecci\u00f3n del Trabajo, el Sindicato FEPASA Los Andes y la empresa &hellip; <\/p>\n","protected":false},"author":2,"featured_media":1848,"comment_status":"closed","ping_status":"closed","sticky":false,"template":"","format":"standard","meta":{"jetpack_post_was_ever_published":false,"_jetpack_newsletter_access":"","_jetpack_dont_email_post_to_subs":false,"_jetpack_newsletter_tier_id":0,"_jetpack_memberships_contains_paywalled_content":false,"_jetpack_memberships_contains_paid_content":false,"footnotes":"","jetpack_publicize_message":"","jetpack_publicize_feature_enabled":true,"jetpack_social_post_already_shared":false,"jetpack_social_options":{"image_generator_settings":{"template":"highway","default_image_id":0,"enabled":false},"version":2}},"categories":[9,20,19],"tags":[],"class_list":["post-1845","post","type-post","status-publish","format-standard","has-post-thumbnail","hentry","category-confederacion","category-negociacion-colectiva","category-trabajadores"],"jetpack_publicize_connections":[],"jetpack_featured_media_url":"https:\/\/www.confederaciondelcobre.cl\/wp-content\/uploads\/2021\/07\/SindFEPASANC2021.jpg","jetpack_sharing_enabled":true,"post_mailing_queue_ids":[],"_links":{"self":[{"href":"https:\/\/www.confederaciondelcobre.cl\/index.php\/wp-json\/wp\/v2\/posts\/1845","targetHints":{"allow":["GET"]}}],"collection":[{"href":"https:\/\/www.confederaciondelcobre.cl\/index.php\/wp-json\/wp\/v2\/posts"}],"about":[{"href":"https:\/\/www.confederaciondelcobre.cl\/index.php\/wp-json\/wp\/v2\/types\/post"}],"author":[{"embeddable":true,"href":"https:\/\/www.confederaciondelcobre.cl\/index.php\/wp-json\/wp\/v2\/users\/2"}],"replies":[{"embeddable":true,"href":"https:\/\/www.confederaciondelcobre.cl\/index.php\/wp-json\/wp\/v2\/comments?post=1845"}],"version-history":[{"count":2,"href":"https:\/\/www.confederaciondelcobre.cl\/index.php\/wp-json\/wp\/v2\/posts\/1845\/revisions"}],"predecessor-version":[{"id":1847,"href":"https:\/\/www.confederaciondelcobre.cl\/index.php\/wp-json\/wp\/v2\/posts\/1845\/revisions\/1847"}],"wp:featuredmedia":[{"embeddable":true,"href":"https:\/\/www.confederaciondelcobre.cl\/index.php\/wp-json\/wp\/v2\/media\/1848"}],"wp:attachment":[{"href":"https:\/\/www.confederaciondelcobre.cl\/index.php\/wp-json\/wp\/v2\/media?parent=1845"}],"wp:term":[{"taxonomy":"category","embeddable":true,"href":"https:\/\/www.confederaciondelcobre.cl\/index.php\/wp-json\/wp\/v2\/categories?post=1845"},{"taxonomy":"post_tag","embeddable":true,"href":"https:\/\/www.confederaciondelcobre.cl\/index.php\/wp-json\/wp\/v2\/tags?post=1845"}],"curies":[{"name":"wp","href":"https:\/\/api.w.org\/{rel}","templated":true}]}}