{"id":1849,"date":"2021-07-15T19:41:47","date_gmt":"2021-07-15T19:41:47","guid":{"rendered":"https:\/\/www.confederaciondelcobre.cl\/?p=1849"},"modified":"2021-07-15T19:55:56","modified_gmt":"2021-07-15T19:55:56","slug":"organizaciones-de-trabajadores-de-la-mineria-y-la-industria-se-reunieron-con-equipo-programatico-laboral-de-la-candidatura-presidencial-de-daniel-jadue","status":"publish","type":"post","link":"https:\/\/www.confederaciondelcobre.cl\/index.php\/2021\/07\/15\/organizaciones-de-trabajadores-de-la-mineria-y-la-industria-se-reunieron-con-equipo-programatico-laboral-de-la-candidatura-presidencial-de-daniel-jadue\/","title":{"rendered":"Organizaciones de Trabajadores de la Miner\u00eda y la Industria se reunieron con Equipo Program\u00e1tico Laboral de la Candidatura Presidencial de Daniel Jadue."},"content":{"rendered":"\n<p>Con m\u00e1s de cuarenta <strong>dirigentes de sindicatos, federaciones y confederaciones, de la miner\u00eda y la industria nacional, se desarroll\u00f3 la tarde del d\u00eda martes 13 un encuentro con el Equipo Program\u00e1tico Laboral de la Campa\u00f1a Presidencial de Daniel Jadue<\/strong>. El encuentro, que se realiz\u00f3 v\u00eda telem\u00e1tica, tuvo por objetivo recoger los aportes y propuestas de parte de las organizaciones de trabajadores con la finalidad de incorporarlas al programa de su eventual gobierno.<\/p>\n\n\n\n<figure class=\"wp-block-image size-large\"><img loading=\"lazy\" decoding=\"async\" width=\"800\" height=\"500\" src=\"https:\/\/www.confederaciondelcobre.cl\/wp-content\/uploads\/2021\/07\/SaludoManuelAhumadaLetelier.jpg\" alt=\"\" class=\"wp-image-1850\" srcset=\"https:\/\/www.confederaciondelcobre.cl\/wp-content\/uploads\/2021\/07\/SaludoManuelAhumadaLetelier.jpg 800w, https:\/\/www.confederaciondelcobre.cl\/wp-content\/uploads\/2021\/07\/SaludoManuelAhumadaLetelier-300x188.jpg 300w, https:\/\/www.confederaciondelcobre.cl\/wp-content\/uploads\/2021\/07\/SaludoManuelAhumadaLetelier-768x480.jpg 768w\" sizes=\"auto, (max-width: 800px) 100vw, 800px\" \/><figcaption>Manuel Ahumada Letelier, Presidente de la Confederaci\u00f3n de Trabajadores del Cobre (CTC), da saludo de bienvenida al Encuentro de Organizaciones de Trabajadores del Cobre y la Industra con el Equipo Program\u00e1tico Laboral de la candidatura Presidencial de Daniel Jadue.<\/figcaption><\/figure>\n\n\n\n<p>La instancia parti\u00f3 con palabras de bienvenida por parte de <strong>Manuel Ahumada Letelier, Presidente de la Confederaci\u00f3n de Trabajadores del Cobre (CTC), quien destac\u00f3 la importancia de este encuentro, se\u00f1alando que si bien el programa presidencial de Daniel Jadue ya recoge gran parte de las demandas mas sentidas de las y los trabajadores, este se encuentra en permanente construcci\u00f3n y abierto a nuevos aportes. En ese sentido, entonces, el Presidente de la CTC valor\u00f3 la reuni\u00f3n como una oportunidad de enriquecer las propuestas de gobierno, pero ya con el aporte de las organizaciones de trabajadoras y trabajadores del cobre y la industria<\/strong>.<\/p>\n\n\n\n<p>Por su parte, <strong>el Equipo Program\u00e1tico Laboral de Daniel Jadue, que tambi\u00e9n valor\u00f3 el encuentro calific\u00e1ndolo de muy importante para el complemento y enriquecimiento del programa presidencial en su conjunto, agradeci\u00f3 la instancia con el compromiso de que este ser\u00e1 solo uno de m\u00e1s encuentros a realizar con las organizaciones de las y los trabajadores del cobre y la industria de Chile<\/strong>.<\/p>\n\n\n\n<figure class=\"wp-block-gallery columns-2 is-cropped wp-block-gallery-1 is-layout-flex wp-block-gallery-is-layout-flex\"><ul class=\"blocks-gallery-grid\"><li class=\"blocks-gallery-item\"><figure><img loading=\"lazy\" decoding=\"async\" width=\"800\" height=\"500\" src=\"https:\/\/www.confederaciondelcobre.cl\/wp-content\/uploads\/2021\/07\/Cap1-1.jpg\" alt=\"\" data-id=\"1853\" data-full-url=\"https:\/\/www.confederaciondelcobre.cl\/wp-content\/uploads\/2021\/07\/Cap1-1.jpg\" data-link=\"https:\/\/www.confederaciondelcobre.cl\/?attachment_id=1853\" class=\"wp-image-1853\" srcset=\"https:\/\/www.confederaciondelcobre.cl\/wp-content\/uploads\/2021\/07\/Cap1-1.jpg 800w, https:\/\/www.confederaciondelcobre.cl\/wp-content\/uploads\/2021\/07\/Cap1-1-300x188.jpg 300w, https:\/\/www.confederaciondelcobre.cl\/wp-content\/uploads\/2021\/07\/Cap1-1-768x480.jpg 768w\" sizes=\"auto, (max-width: 800px) 100vw, 800px\" \/><\/figure><\/li><li class=\"blocks-gallery-item\"><figure><img loading=\"lazy\" decoding=\"async\" width=\"800\" height=\"500\" src=\"https:\/\/www.confederaciondelcobre.cl\/wp-content\/uploads\/2021\/07\/Cap2.jpg\" alt=\"\" data-id=\"1854\" data-full-url=\"https:\/\/www.confederaciondelcobre.cl\/wp-content\/uploads\/2021\/07\/Cap2.jpg\" data-link=\"https:\/\/www.confederaciondelcobre.cl\/?attachment_id=1854\" class=\"wp-image-1854\" srcset=\"https:\/\/www.confederaciondelcobre.cl\/wp-content\/uploads\/2021\/07\/Cap2.jpg 800w, https:\/\/www.confederaciondelcobre.cl\/wp-content\/uploads\/2021\/07\/Cap2-300x188.jpg 300w, https:\/\/www.confederaciondelcobre.cl\/wp-content\/uploads\/2021\/07\/Cap2-768x480.jpg 768w\" sizes=\"auto, (max-width: 800px) 100vw, 800px\" \/><\/figure><\/li><\/ul><\/figure>\n","protected":false},"excerpt":{"rendered":"<p>Con m\u00e1s de cuarenta dirigentes de sindicatos, federaciones y confederaciones, de la miner\u00eda y la industria nacional, se desarroll\u00f3 la tarde del d\u00eda martes 13 un encuentro con el Equipo &hellip; <\/p>\n","protected":false},"author":2,"featured_media":1851,"comment_status":"closed","ping_status":"closed","sticky":false,"template":"","format":"standard","meta":{"jetpack_post_was_ever_published":false,"_jetpack_newsletter_access":"","_jetpack_dont_email_post_to_subs":false,"_jetpack_newsletter_tier_id":0,"_jetpack_memberships_contains_paywalled_content":false,"_jetpack_memberships_contains_paid_content":false,"footnotes":"","jetpack_publicize_message":"","jetpack_publicize_feature_enabled":true,"jetpack_social_post_already_shared":false,"jetpack_social_options":{"image_generator_settings":{"template":"highway","default_image_id":0,"enabled":false},"version":2}},"categories":[9,15,19],"tags":[],"class_list":["post-1849","post","type-post","status-publish","format-standard","has-post-thumbnail","hentry","category-confederacion","category-nacional","category-trabajadores"],"jetpack_publicize_connections":[],"jetpack_featured_media_url":"https:\/\/www.confederaciondelcobre.cl\/wp-content\/uploads\/2021\/07\/EncuentroEqProgLabJadue.jpg","jetpack_sharing_enabled":true,"post_mailing_queue_ids":[],"_links":{"self":[{"href":"https:\/\/www.confederaciondelcobre.cl\/index.php\/wp-json\/wp\/v2\/posts\/1849","targetHints":{"allow":["GET"]}}],"collection":[{"href":"https:\/\/www.confederaciondelcobre.cl\/index.php\/wp-json\/wp\/v2\/posts"}],"about":[{"href":"https:\/\/www.confederaciondelcobre.cl\/index.php\/wp-json\/wp\/v2\/types\/post"}],"author":[{"embeddable":true,"href":"https:\/\/www.confederaciondelcobre.cl\/index.php\/wp-json\/wp\/v2\/users\/2"}],"replies":[{"embeddable":true,"href":"https:\/\/www.confederaciondelcobre.cl\/index.php\/wp-json\/wp\/v2\/comments?post=1849"}],"version-history":[{"count":4,"href":"https:\/\/www.confederaciondelcobre.cl\/index.php\/wp-json\/wp\/v2\/posts\/1849\/revisions"}],"predecessor-version":[{"id":1861,"href":"https:\/\/www.confederaciondelcobre.cl\/index.php\/wp-json\/wp\/v2\/posts\/1849\/revisions\/1861"}],"wp:featuredmedia":[{"embeddable":true,"href":"https:\/\/www.confederaciondelcobre.cl\/index.php\/wp-json\/wp\/v2\/media\/1851"}],"wp:attachment":[{"href":"https:\/\/www.confederaciondelcobre.cl\/index.php\/wp-json\/wp\/v2\/media?parent=1849"}],"wp:term":[{"taxonomy":"category","embeddable":true,"href":"https:\/\/www.confederaciondelcobre.cl\/index.php\/wp-json\/wp\/v2\/categories?post=1849"},{"taxonomy":"post_tag","embeddable":true,"href":"https:\/\/www.confederaciondelcobre.cl\/index.php\/wp-json\/wp\/v2\/tags?post=1849"}],"curies":[{"name":"wp","href":"https:\/\/api.w.org\/{rel}","templated":true}]}}