{"id":1862,"date":"2021-07-20T17:15:39","date_gmt":"2021-07-20T17:15:39","guid":{"rendered":"https:\/\/www.confederaciondelcobre.cl\/?p=1862"},"modified":"2021-07-20T23:46:21","modified_gmt":"2021-07-20T23:46:21","slug":"jornada-de-capacitacion-legal-laboral-se-realizo-entre-la-ctc-y-la-cut-el-loa","status":"publish","type":"post","link":"https:\/\/www.confederaciondelcobre.cl\/index.php\/2021\/07\/20\/jornada-de-capacitacion-legal-laboral-se-realizo-entre-la-ctc-y-la-cut-el-loa\/","title":{"rendered":"Jornada de capacitaci\u00f3n legal laboral se realiz\u00f3 entre la CTC y la CUT El Loa."},"content":{"rendered":"\n<p>En una alianza entre la Confederaci\u00f3n de Trabajadores del Cobre (CTC) y la Central Unitaria de Trabajadores (CUT) Provincial El Loa, y con la participaci\u00f3n de m\u00e1s de 60 dirigentes sindicales se realiz\u00f3 el mi\u00e9rcoles 14 de julio la capacitaci\u00f3n <strong>\u201cLey 21.342, de los Protocolos de Seguridad Sanitaria Laboral COVID-19, Seguro individual Obligatorio de Salud, Trabajo Remoto y otras normas\u201d<\/strong>.<\/p>\n\n\n\n<p>Dicha capacitaci\u00f3n, que se desarroll\u00f3 v\u00eda telem\u00e1tica, cont\u00f3 con la participaron de trabajadoras y trabajadores, como tambi\u00e9n de dirigentas y dirigentes de gremios de la Salud P\u00fablica Municipal, del Retail, del Comercio y Contratistas de la Miner\u00eda, quienes junto con manifestar su gratitud por la iniciativa valoraron la instancia pues sirvi\u00f3 para profundizar en el conocimiento sus derechos sobre la materia tratada. Es as\u00ed como la Presidenta de la CUT El Loa de Calama, Liliana Araya, expres\u00f3 a nombre del directorio sus agradecimientos y satisfacci\u00f3n por la participaci\u00f3n de las y los dirigentes y por su compromiso, ya que esta herramienta de conocimiento ser\u00e1 de mucha utilidad para sus representadas y representados. De igual manera, tambi\u00e9n, agradeci\u00f3 la participaci\u00f3n de los abogados relatores Marcela D\u00edaz y Rodrigo Garc\u00eda. En tanto los Directores Nacionales de la CTC, Jos\u00e9 Mardones, Juan Galindo y Jedry Velis, manifestaron y reafirmaron a nombre del directorio de la CTC su permanente compromiso para seguir colaborando con estas iniciativas, que no son solo en beneficio de sus representadas y representados (trabajadoras y trabajadores contratistas y subcontratistas del cobre) sino tambi\u00e9n para todas las y los trabajadores en esta alianza con las CUT Provinciales y\/\u00f3 Comunales que se encuentran a lo largo del pa\u00eds.<\/p>\n\n\n\n<p>Los contenidos en que se centr\u00f3 la jornada del mi\u00e9rcoles fueron tres pilares principales de la Ley 21.342:<\/p>\n\n\n\n<ul class=\"wp-block-list\"><li>Protocolo de Seguridad Sanitaria Laboral para el Retorno Gradual y Seguro al Trabajo en el marco de la Alerta Sanitaria COVID-19;<\/li><li>Trabajo Remoto;<\/li><li>Seguro Individual Obligatorio de Salud asociado al Covid-19.<\/li><\/ul>\n\n\n\n<p>En ese marco, el abogado Rodrigo Garc\u00eda, quien tambi\u00e9n es Vicepresidente de la Asociaci\u00f3n Gremial de Abogados Laboralistas (AGAL), agradeci\u00f3 la invitaci\u00f3n expresando lo importante que es el hecho de que las y los trabajadores se mantengan informados de sus derechos, sobre todo en materias de seguridad en medio de la actual emergencia sanitaria, y de como se ha ido implementando modificaciones a la Ley para proporcionar m\u00e1s seguridad. Se\u00f1al\u00f3, adem\u00e1s, que si bien es cierto que esta Ley nace a iniciativa de parlamentarios del Partido Comunista y el Frente Amplio, y que originalmente buscaba la ampliaci\u00f3n de derechos para las y los trabajadores en torno a un retorno m\u00e1s seguro, adem\u00e1s de proteger a aquellas y aquellos trabajadores que pudiesen ser contactos estrechos o haber sido contagiados de Covid, fue en el posterior proceso de discusi\u00f3n parlamentaria que esta iniciativa fue siendo modificada y desvirtuada por otras bancadas, quienes terminaron por incorporarle elementos que en realidad se orientan mas a la protecci\u00f3n de los intereses empresariales. Es por ello, entonces, que resulta importante que las y los dirigentes, como tambi\u00e9n las y los propios trabajadores, logren entender como esta Ley puede protegerles y, en definitiva, como hacer el mejor uso de ella.<\/p>\n","protected":false},"excerpt":{"rendered":"<p>En una alianza entre la Confederaci\u00f3n de Trabajadores del Cobre (CTC) y la Central Unitaria de Trabajadores (CUT) Provincial El Loa, y con la participaci\u00f3n de m\u00e1s de 60 dirigentes &hellip; <\/p>\n","protected":false},"author":2,"featured_media":1863,"comment_status":"closed","ping_status":"closed","sticky":false,"template":"","format":"standard","meta":{"jetpack_post_was_ever_published":false,"_jetpack_newsletter_access":"","_jetpack_dont_email_post_to_subs":false,"_jetpack_newsletter_tier_id":0,"_jetpack_memberships_contains_paywalled_content":false,"_jetpack_memberships_contains_paid_content":false,"footnotes":"","jetpack_publicize_message":"","jetpack_publicize_feature_enabled":true,"jetpack_social_post_already_shared":false,"jetpack_social_options":{"image_generator_settings":{"template":"highway","default_image_id":0,"enabled":false},"version":2}},"categories":[9,27,21,17,19],"tags":[],"class_list":["post-1862","post","type-post","status-publish","format-standard","has-post-thumbnail","hentry","category-confederacion","category-cut","category-federaciones","category-regiones","category-trabajadores"],"jetpack_publicize_connections":[],"jetpack_featured_media_url":"https:\/\/www.confederaciondelcobre.cl\/wp-content\/uploads\/2021\/07\/CapElLoa.jpg","jetpack_sharing_enabled":true,"post_mailing_queue_ids":[],"_links":{"self":[{"href":"https:\/\/www.confederaciondelcobre.cl\/index.php\/wp-json\/wp\/v2\/posts\/1862","targetHints":{"allow":["GET"]}}],"collection":[{"href":"https:\/\/www.confederaciondelcobre.cl\/index.php\/wp-json\/wp\/v2\/posts"}],"about":[{"href":"https:\/\/www.confederaciondelcobre.cl\/index.php\/wp-json\/wp\/v2\/types\/post"}],"author":[{"embeddable":true,"href":"https:\/\/www.confederaciondelcobre.cl\/index.php\/wp-json\/wp\/v2\/users\/2"}],"replies":[{"embeddable":true,"href":"https:\/\/www.confederaciondelcobre.cl\/index.php\/wp-json\/wp\/v2\/comments?post=1862"}],"version-history":[{"count":4,"href":"https:\/\/www.confederaciondelcobre.cl\/index.php\/wp-json\/wp\/v2\/posts\/1862\/revisions"}],"predecessor-version":[{"id":1868,"href":"https:\/\/www.confederaciondelcobre.cl\/index.php\/wp-json\/wp\/v2\/posts\/1862\/revisions\/1868"}],"wp:featuredmedia":[{"embeddable":true,"href":"https:\/\/www.confederaciondelcobre.cl\/index.php\/wp-json\/wp\/v2\/media\/1863"}],"wp:attachment":[{"href":"https:\/\/www.confederaciondelcobre.cl\/index.php\/wp-json\/wp\/v2\/media?parent=1862"}],"wp:term":[{"taxonomy":"category","embeddable":true,"href":"https:\/\/www.confederaciondelcobre.cl\/index.php\/wp-json\/wp\/v2\/categories?post=1862"},{"taxonomy":"post_tag","embeddable":true,"href":"https:\/\/www.confederaciondelcobre.cl\/index.php\/wp-json\/wp\/v2\/tags?post=1862"}],"curies":[{"name":"wp","href":"https:\/\/api.w.org\/{rel}","templated":true}]}}