{"id":1869,"date":"2021-07-24T16:45:52","date_gmt":"2021-07-24T16:45:52","guid":{"rendered":"https:\/\/www.confederaciondelcobre.cl\/?p=1869"},"modified":"2021-07-24T16:45:53","modified_gmt":"2021-07-24T16:45:53","slug":"nelson-quichillao-a-seis-anos-de-su-asesinato-a-manos-de-fuerzas-represivas-del-estado-de-chile","status":"publish","type":"post","link":"https:\/\/www.confederaciondelcobre.cl\/index.php\/2021\/07\/24\/nelson-quichillao-a-seis-anos-de-su-asesinato-a-manos-de-fuerzas-represivas-del-estado-de-chile\/","title":{"rendered":"Nelson Quichillao, a seis a\u00f1os de su asesinato a manos de fuerzas represivas del Estado de Chile."},"content":{"rendered":"\n<p>Nelson Quichillao L\u00f3pez era un trabajador subcontratado de la miner\u00eda del cobre, socio del Sindicato N\u00ba2 de la empresa Geovita, afiliado a la Federaci\u00f3n de Sindicatos El Salvador y a la Confederaci\u00f3n de Trabajadores del Cobre.<\/p>\n\n\n\n<p>En julio de 2015, Nelson se manifestaba junto a sus compa\u00f1eras y compa\u00f1eros en el campamento minero de El Salvador (Chile), por la renovaci\u00f3n, ampliaci\u00f3n y mejoramiento del Acuerdo Marco entre la Confederaci\u00f3n de Trabajadores del Cobre y Codelco. Es en ese contexto, que las autoridades pol\u00edticas del momento tomaron la determinaci\u00f3n de reprimir la movilizaci\u00f3n de las y los trabajadores contratistas y subcontratistas del cobre, desatando as\u00ed, sobre ellas y ellos, una acci\u00f3n criminal llevada a cabo por Fuerzas Especiales de Carabineros durante la madrugada del 24.<\/p>\n\n\n\n<p class=\"has-medium-font-size\">Esta acci\u00f3n de criminal represi\u00f3n, que se desarroll\u00f3 de manera planificada y clandestina, dej\u00f3 a compa\u00f1eras y compa\u00f1eros heridos, y a Nelson Quichillao, nuestro compa\u00f1ero, muerto de un disparo.<\/p>\n\n\n\n<p>Desde que ocurri\u00f3 su asesinato, en la madrugada del 24 de julio de 2015, y <strong>a pesar de todas las acciones legales y de denuncia emprendidas por la Confederaci\u00f3n de Trabajadores del Cobre, en conjunto con la familia de Nelson Quichillao, ante el Juzgado de Garant\u00eda de Diego de Almagro, el Instituto Nacional de Derechos Humanos, el Relator Encargado Especial de la Organizaci\u00f3n de Naciones Unidas sobre el Derecho a la Libertad de Reuni\u00f3n y Asociaci\u00f3n, la Organizaci\u00f3n Internacional del Trabajo, y la denuncia realizada ante la Comisi\u00f3n Interamericana de Derechos Humanos en contra del Estado de Chile, por no investigar adecuadamente la muerte de Nelson a manos de Carabineros de Chile, por vulnerar el derecho a la verdad, a la justicia, a la integridad f\u00edsica, y, en definitiva, el derecho a la vida de Nelson Quichillao, el asesinato de nuestro compa\u00f1ero sigue impune<\/strong>.<\/p>\n\n\n\n<p class=\"has-medium-font-size\">Hoy, el Estado de Chile, y habiendo ya transcurrido el plazo que la Comisi\u00f3n Interamericana de Derechos Humanos le impusiera, para informar en detalle los antecedentes del crimen cometido en contra de Nelson Quichillao, no ha respondido y ha guardado absoluto silencio.<\/p>\n\n\n\n<p class=\"has-medium-font-size\">Hoy, a seis a\u00f1os de su asesinato a manos de fuerzas represivas del Estado de Chile, la Confederaci\u00f3n de Trabajadores del Cobre reafirmamos nuestro compromiso: <strong>no descansaremos, hasta encontrar verdad y justicia, para nuestro compa\u00f1ero Nelson Quichillao, y con ello tambi\u00e9n, en parte, para todo el movimiento obrero. Hasta que la dignidad se haga costumbre<\/strong>.<\/p>\n","protected":false},"excerpt":{"rendered":"<p>Nelson Quichillao L\u00f3pez era un trabajador subcontratado de la miner\u00eda del cobre, socio del Sindicato N\u00ba2 de la empresa Geovita, afiliado a la Federaci\u00f3n de Sindicatos El Salvador y a &hellip; <\/p>\n","protected":false},"author":2,"featured_media":1870,"comment_status":"closed","ping_status":"closed","sticky":false,"template":"","format":"standard","meta":{"jetpack_post_was_ever_published":false,"_jetpack_newsletter_access":"","_jetpack_dont_email_post_to_subs":false,"_jetpack_newsletter_tier_id":0,"_jetpack_memberships_contains_paywalled_content":false,"_jetpack_memberships_contains_paid_content":false,"footnotes":"","jetpack_publicize_message":"","jetpack_publicize_feature_enabled":true,"jetpack_social_post_already_shared":false,"jetpack_social_options":{"image_generator_settings":{"template":"highway","default_image_id":0,"enabled":false},"version":2}},"categories":[9,21,22,28,26,25,29,31,15,32,19],"tags":[],"class_list":["post-1869","post","type-post","status-publish","format-standard","has-post-thumbnail","hentry","category-confederacion","category-federaciones","category-feminort","category-fesal","category-fesamab","category-fesamav","category-fetramac","category-fetratec","category-nacional","category-nelson-quichillao","category-trabajadores"],"jetpack_publicize_connections":[],"jetpack_featured_media_url":"https:\/\/www.confederaciondelcobre.cl\/wp-content\/uploads\/2021\/07\/NelsonQuichillaoASeisAn\u0303os.jpg","jetpack_sharing_enabled":true,"post_mailing_queue_ids":[],"_links":{"self":[{"href":"https:\/\/www.confederaciondelcobre.cl\/index.php\/wp-json\/wp\/v2\/posts\/1869","targetHints":{"allow":["GET"]}}],"collection":[{"href":"https:\/\/www.confederaciondelcobre.cl\/index.php\/wp-json\/wp\/v2\/posts"}],"about":[{"href":"https:\/\/www.confederaciondelcobre.cl\/index.php\/wp-json\/wp\/v2\/types\/post"}],"author":[{"embeddable":true,"href":"https:\/\/www.confederaciondelcobre.cl\/index.php\/wp-json\/wp\/v2\/users\/2"}],"replies":[{"embeddable":true,"href":"https:\/\/www.confederaciondelcobre.cl\/index.php\/wp-json\/wp\/v2\/comments?post=1869"}],"version-history":[{"count":3,"href":"https:\/\/www.confederaciondelcobre.cl\/index.php\/wp-json\/wp\/v2\/posts\/1869\/revisions"}],"predecessor-version":[{"id":1873,"href":"https:\/\/www.confederaciondelcobre.cl\/index.php\/wp-json\/wp\/v2\/posts\/1869\/revisions\/1873"}],"wp:featuredmedia":[{"embeddable":true,"href":"https:\/\/www.confederaciondelcobre.cl\/index.php\/wp-json\/wp\/v2\/media\/1870"}],"wp:attachment":[{"href":"https:\/\/www.confederaciondelcobre.cl\/index.php\/wp-json\/wp\/v2\/media?parent=1869"}],"wp:term":[{"taxonomy":"category","embeddable":true,"href":"https:\/\/www.confederaciondelcobre.cl\/index.php\/wp-json\/wp\/v2\/categories?post=1869"},{"taxonomy":"post_tag","embeddable":true,"href":"https:\/\/www.confederaciondelcobre.cl\/index.php\/wp-json\/wp\/v2\/tags?post=1869"}],"curies":[{"name":"wp","href":"https:\/\/api.w.org\/{rel}","templated":true}]}}