{"id":1875,"date":"2021-07-25T21:47:05","date_gmt":"2021-07-25T21:47:05","guid":{"rendered":"https:\/\/www.confederaciondelcobre.cl\/?p=1875"},"modified":"2021-07-26T16:09:40","modified_gmt":"2021-07-26T16:09:40","slug":"nelson-quichillao-conmemoracion-en-el-salvador","status":"publish","type":"post","link":"https:\/\/www.confederaciondelcobre.cl\/index.php\/2021\/07\/25\/nelson-quichillao-conmemoracion-en-el-salvador\/","title":{"rendered":"Nelson Quichillao: conmemoraci\u00f3n en El Salvador"},"content":{"rendered":"\n<p>El viernes 23 y 24 de julio, y a seis a\u00f1os del asesinato de Nelson Quichillao L\u00f3pez, trabajador contratista de la miner\u00eda del cobre asesinado por FF.EE de Carabineros de Chile el a\u00f1o 2015, mientras se manifestaba junto a sus compa\u00f1eras y compa\u00f1eros en el campamento minero de El Salvador, por la mejora de sus condiciones laborales a prop\u00f3sito de la renegociaci\u00f3n del Acuerdo Marco entre la Confederaci\u00f3n de Trabajadores del Cobre (CTC) y Codelco, la Federaci\u00f3n de Sindicatos El Salvador realiz\u00f3 actividades de conmemoraci\u00f3n en el Memorial de Nelson Quichillao en el \u00faltimo campamento minero activo del pa\u00eds.<\/p>\n\n\n\n<p><strong><strong>El viernes 23<\/strong>, la actividad const\u00f3 de trabajos de mantenci\u00f3n y hermoseamiento del sitio de memoria que incluy\u00f3, gracias a la donaci\u00f3n de Juan Pablo Astudillo y Patricio Castillo (de &#8220;Hijos del Cha\u00f1ar&#8221;) y al vivero Isa\u00edas de SMH (Soc. Manr\u00edquez de Pampa Austral), familia Soto Manr\u00edquez, la plantaci\u00f3n de \u00e1rboles en su entorno como s\u00edmbolos de esperanza, verdad y justicia. S\u00ed, todo en medio del desierto, donde trabajadoras y trabajadores no solo extraen la riqueza mas importante de nuestro pa\u00eds, sino que tambi\u00e9n le porf\u00edan, con unidad, organizaci\u00f3n y lucha sindical, a la \u00e1rida historia del movimiento obrero chileno. <strong>Cabe recalcar la participaci\u00f3n Juan Pablo Astudillo, Concejal de la Ciudad de Diego de Almagro, quien de forma permanente ha mostrado cercan\u00eda y una permanente solidaridad con las justas causas del pueblo trabajador en general, y con las de las y los trabajadores subcontratados del cobre en particular<\/strong>.<\/strong><\/p>\n\n\n\n<div class=\"wp-block-group\"><div class=\"wp-block-group__inner-container is-layout-flow wp-block-group-is-layout-flow\">\n<figure class=\"wp-block-gallery columns-3 is-cropped wp-block-gallery-1 is-layout-flex wp-block-gallery-is-layout-flex\"><ul class=\"blocks-gallery-grid\"><li class=\"blocks-gallery-item\"><figure><img loading=\"lazy\" decoding=\"async\" width=\"800\" height=\"600\" src=\"https:\/\/www.confederaciondelcobre.cl\/wp-content\/uploads\/2021\/07\/003587ee-534b-4590-a989-e4da2d04e424.jpg\" alt=\"\" data-id=\"1883\" data-full-url=\"https:\/\/www.confederaciondelcobre.cl\/wp-content\/uploads\/2021\/07\/003587ee-534b-4590-a989-e4da2d04e424.jpg\" data-link=\"https:\/\/www.confederaciondelcobre.cl\/?attachment_id=1883\" class=\"wp-image-1883\" srcset=\"https:\/\/www.confederaciondelcobre.cl\/wp-content\/uploads\/2021\/07\/003587ee-534b-4590-a989-e4da2d04e424.jpg 800w, https:\/\/www.confederaciondelcobre.cl\/wp-content\/uploads\/2021\/07\/003587ee-534b-4590-a989-e4da2d04e424-300x225.jpg 300w, https:\/\/www.confederaciondelcobre.cl\/wp-content\/uploads\/2021\/07\/003587ee-534b-4590-a989-e4da2d04e424-768x576.jpg 768w\" sizes=\"auto, (max-width: 800px) 100vw, 800px\" \/><\/figure><\/li><li class=\"blocks-gallery-item\"><figure><img loading=\"lazy\" decoding=\"async\" width=\"800\" height=\"600\" src=\"https:\/\/www.confederaciondelcobre.cl\/wp-content\/uploads\/2021\/07\/212511407_10227151934248882_6189524934057387504_n.jpg\" alt=\"\" data-id=\"1884\" data-full-url=\"https:\/\/www.confederaciondelcobre.cl\/wp-content\/uploads\/2021\/07\/212511407_10227151934248882_6189524934057387504_n.jpg\" data-link=\"https:\/\/www.confederaciondelcobre.cl\/?attachment_id=1884\" class=\"wp-image-1884\" srcset=\"https:\/\/www.confederaciondelcobre.cl\/wp-content\/uploads\/2021\/07\/212511407_10227151934248882_6189524934057387504_n.jpg 800w, https:\/\/www.confederaciondelcobre.cl\/wp-content\/uploads\/2021\/07\/212511407_10227151934248882_6189524934057387504_n-300x225.jpg 300w, https:\/\/www.confederaciondelcobre.cl\/wp-content\/uploads\/2021\/07\/212511407_10227151934248882_6189524934057387504_n-768x576.jpg 768w\" sizes=\"auto, (max-width: 800px) 100vw, 800px\" \/><\/figure><\/li><li class=\"blocks-gallery-item\"><figure><img loading=\"lazy\" decoding=\"async\" width=\"800\" height=\"600\" src=\"https:\/\/www.confederaciondelcobre.cl\/wp-content\/uploads\/2021\/07\/212582596_10227151932088828_1894002669612647929_n.jpg\" alt=\"\" data-id=\"1885\" data-full-url=\"https:\/\/www.confederaciondelcobre.cl\/wp-content\/uploads\/2021\/07\/212582596_10227151932088828_1894002669612647929_n.jpg\" data-link=\"https:\/\/www.confederaciondelcobre.cl\/?attachment_id=1885\" class=\"wp-image-1885\" srcset=\"https:\/\/www.confederaciondelcobre.cl\/wp-content\/uploads\/2021\/07\/212582596_10227151932088828_1894002669612647929_n.jpg 800w, https:\/\/www.confederaciondelcobre.cl\/wp-content\/uploads\/2021\/07\/212582596_10227151932088828_1894002669612647929_n-300x225.jpg 300w, https:\/\/www.confederaciondelcobre.cl\/wp-content\/uploads\/2021\/07\/212582596_10227151932088828_1894002669612647929_n-768x576.jpg 768w\" sizes=\"auto, (max-width: 800px) 100vw, 800px\" \/><\/figure><\/li><li class=\"blocks-gallery-item\"><figure><img loading=\"lazy\" decoding=\"async\" width=\"800\" height=\"600\" src=\"https:\/\/www.confederaciondelcobre.cl\/wp-content\/uploads\/2021\/07\/213153344_10227151934688893_3327418362047610376_n.jpg\" alt=\"\" data-id=\"1886\" data-full-url=\"https:\/\/www.confederaciondelcobre.cl\/wp-content\/uploads\/2021\/07\/213153344_10227151934688893_3327418362047610376_n.jpg\" data-link=\"https:\/\/www.confederaciondelcobre.cl\/?attachment_id=1886\" class=\"wp-image-1886\" srcset=\"https:\/\/www.confederaciondelcobre.cl\/wp-content\/uploads\/2021\/07\/213153344_10227151934688893_3327418362047610376_n.jpg 800w, https:\/\/www.confederaciondelcobre.cl\/wp-content\/uploads\/2021\/07\/213153344_10227151934688893_3327418362047610376_n-300x225.jpg 300w, https:\/\/www.confederaciondelcobre.cl\/wp-content\/uploads\/2021\/07\/213153344_10227151934688893_3327418362047610376_n-768x576.jpg 768w\" sizes=\"auto, (max-width: 800px) 100vw, 800px\" \/><\/figure><\/li><li class=\"blocks-gallery-item\"><figure><img loading=\"lazy\" decoding=\"async\" width=\"800\" height=\"600\" src=\"https:\/\/www.confederaciondelcobre.cl\/wp-content\/uploads\/2021\/07\/214572493_10227151924848647_9117885466035425553_n.jpg\" alt=\"\" data-id=\"1887\" data-full-url=\"https:\/\/www.confederaciondelcobre.cl\/wp-content\/uploads\/2021\/07\/214572493_10227151924848647_9117885466035425553_n.jpg\" data-link=\"https:\/\/www.confederaciondelcobre.cl\/?attachment_id=1887\" class=\"wp-image-1887\" srcset=\"https:\/\/www.confederaciondelcobre.cl\/wp-content\/uploads\/2021\/07\/214572493_10227151924848647_9117885466035425553_n.jpg 800w, https:\/\/www.confederaciondelcobre.cl\/wp-content\/uploads\/2021\/07\/214572493_10227151924848647_9117885466035425553_n-300x225.jpg 300w, https:\/\/www.confederaciondelcobre.cl\/wp-content\/uploads\/2021\/07\/214572493_10227151924848647_9117885466035425553_n-768x576.jpg 768w\" sizes=\"auto, (max-width: 800px) 100vw, 800px\" \/><\/figure><\/li><li class=\"blocks-gallery-item\"><figure><img loading=\"lazy\" decoding=\"async\" width=\"800\" height=\"600\" src=\"https:\/\/www.confederaciondelcobre.cl\/wp-content\/uploads\/2021\/07\/214801272_10227151933768870_335831396030381643_n.jpg\" alt=\"\" data-id=\"1888\" data-full-url=\"https:\/\/www.confederaciondelcobre.cl\/wp-content\/uploads\/2021\/07\/214801272_10227151933768870_335831396030381643_n.jpg\" data-link=\"https:\/\/www.confederaciondelcobre.cl\/?attachment_id=1888\" class=\"wp-image-1888\" srcset=\"https:\/\/www.confederaciondelcobre.cl\/wp-content\/uploads\/2021\/07\/214801272_10227151933768870_335831396030381643_n.jpg 800w, https:\/\/www.confederaciondelcobre.cl\/wp-content\/uploads\/2021\/07\/214801272_10227151933768870_335831396030381643_n-300x225.jpg 300w, https:\/\/www.confederaciondelcobre.cl\/wp-content\/uploads\/2021\/07\/214801272_10227151933768870_335831396030381643_n-768x576.jpg 768w\" sizes=\"auto, (max-width: 800px) 100vw, 800px\" \/><\/figure><\/li><li class=\"blocks-gallery-item\"><figure><img loading=\"lazy\" decoding=\"async\" width=\"800\" height=\"600\" src=\"https:\/\/www.confederaciondelcobre.cl\/wp-content\/uploads\/2021\/07\/217400346_10227151926688693_8095111950411820250_n.jpg\" alt=\"\" data-id=\"1889\" data-full-url=\"https:\/\/www.confederaciondelcobre.cl\/wp-content\/uploads\/2021\/07\/217400346_10227151926688693_8095111950411820250_n.jpg\" data-link=\"https:\/\/www.confederaciondelcobre.cl\/?attachment_id=1889\" class=\"wp-image-1889\" srcset=\"https:\/\/www.confederaciondelcobre.cl\/wp-content\/uploads\/2021\/07\/217400346_10227151926688693_8095111950411820250_n.jpg 800w, https:\/\/www.confederaciondelcobre.cl\/wp-content\/uploads\/2021\/07\/217400346_10227151926688693_8095111950411820250_n-300x225.jpg 300w, https:\/\/www.confederaciondelcobre.cl\/wp-content\/uploads\/2021\/07\/217400346_10227151926688693_8095111950411820250_n-768x576.jpg 768w\" sizes=\"auto, (max-width: 800px) 100vw, 800px\" \/><\/figure><\/li><li class=\"blocks-gallery-item\"><figure><img loading=\"lazy\" decoding=\"async\" width=\"800\" height=\"600\" src=\"https:\/\/www.confederaciondelcobre.cl\/wp-content\/uploads\/2021\/07\/217634952_10227151925688668_6133275874458991505_n.jpg\" alt=\"\" data-id=\"1890\" data-full-url=\"https:\/\/www.confederaciondelcobre.cl\/wp-content\/uploads\/2021\/07\/217634952_10227151925688668_6133275874458991505_n.jpg\" data-link=\"https:\/\/www.confederaciondelcobre.cl\/?attachment_id=1890\" class=\"wp-image-1890\" srcset=\"https:\/\/www.confederaciondelcobre.cl\/wp-content\/uploads\/2021\/07\/217634952_10227151925688668_6133275874458991505_n.jpg 800w, https:\/\/www.confederaciondelcobre.cl\/wp-content\/uploads\/2021\/07\/217634952_10227151925688668_6133275874458991505_n-300x225.jpg 300w, https:\/\/www.confederaciondelcobre.cl\/wp-content\/uploads\/2021\/07\/217634952_10227151925688668_6133275874458991505_n-768x576.jpg 768w\" sizes=\"auto, (max-width: 800px) 100vw, 800px\" \/><\/figure><\/li><li class=\"blocks-gallery-item\"><figure><img loading=\"lazy\" decoding=\"async\" width=\"800\" height=\"600\" src=\"https:\/\/www.confederaciondelcobre.cl\/wp-content\/uploads\/2021\/07\/218949941_10227151929048752_2042577410133746143_n.jpg\" alt=\"\" data-id=\"1891\" data-full-url=\"https:\/\/www.confederaciondelcobre.cl\/wp-content\/uploads\/2021\/07\/218949941_10227151929048752_2042577410133746143_n.jpg\" data-link=\"https:\/\/www.confederaciondelcobre.cl\/?attachment_id=1891\" class=\"wp-image-1891\" srcset=\"https:\/\/www.confederaciondelcobre.cl\/wp-content\/uploads\/2021\/07\/218949941_10227151929048752_2042577410133746143_n.jpg 800w, https:\/\/www.confederaciondelcobre.cl\/wp-content\/uploads\/2021\/07\/218949941_10227151929048752_2042577410133746143_n-300x225.jpg 300w, https:\/\/www.confederaciondelcobre.cl\/wp-content\/uploads\/2021\/07\/218949941_10227151929048752_2042577410133746143_n-768x576.jpg 768w\" sizes=\"auto, (max-width: 800px) 100vw, 800px\" \/><\/figure><\/li><li class=\"blocks-gallery-item\"><figure><img loading=\"lazy\" decoding=\"async\" width=\"800\" height=\"600\" src=\"https:\/\/www.confederaciondelcobre.cl\/wp-content\/uploads\/2021\/07\/221119873_10227151933368860_600134392440720888_n.jpg\" alt=\"\" data-id=\"1892\" data-full-url=\"https:\/\/www.confederaciondelcobre.cl\/wp-content\/uploads\/2021\/07\/221119873_10227151933368860_600134392440720888_n.jpg\" data-link=\"https:\/\/www.confederaciondelcobre.cl\/?attachment_id=1892\" class=\"wp-image-1892\" srcset=\"https:\/\/www.confederaciondelcobre.cl\/wp-content\/uploads\/2021\/07\/221119873_10227151933368860_600134392440720888_n.jpg 800w, https:\/\/www.confederaciondelcobre.cl\/wp-content\/uploads\/2021\/07\/221119873_10227151933368860_600134392440720888_n-300x225.jpg 300w, https:\/\/www.confederaciondelcobre.cl\/wp-content\/uploads\/2021\/07\/221119873_10227151933368860_600134392440720888_n-768x576.jpg 768w\" sizes=\"auto, (max-width: 800px) 100vw, 800px\" \/><\/figure><\/li><\/ul><\/figure>\n<\/div><\/div>\n\n\n\n<p><strong>El s\u00e1bado 24<\/strong>, en tanto, d\u00eda en que se cumplieron seis a\u00f1os exactos del asesinato de nuestro compa\u00f1ero Nelson Quichillao, la actividad se centr\u00f3 en la <strong>reivindicaci\u00f3n de su memoria y lucha como trabajador activo en la organizaci\u00f3n y luchas sindicales. Un trabajador &#8220;amante de la justicia y con un alto sentido de solidaridad de clase&#8221;, as\u00ed lo describi\u00f3 en su discurso Ana Lamas Aguirre, Secretaria General de la Confederaci\u00f3n de Trabajadores del Cobre y Presidenta de la Federaci\u00f3n de Sindicatos El Salvador<\/strong>.<\/p>\n\n\n\n<p><strong>El acto, conducido por Daniel C\u00e1ceres, Presidente del Sindicato Interempresa Tramsalpo, cont\u00f3 con muestras art\u00edsticas de danza contempor\u00e1nea y poes\u00eda. Las interpretaciones danc\u00edsticas a cargo de Luna Torres Araya y Crist\u00f3bal Torres Araya, y la declamaci\u00f3n po\u00e9tica de &#8220;Un nuevo invierno&#8221; en voz de Yorka Riffo, quien tambi\u00e9n presentara su poema en la Segunda versi\u00f3n del Festival Cultural Nelson en la Memoria el a\u00f1o 2019, dieron el ambiente inseparable y tradicionalmente presente en los actos organizados por la Confederaci\u00f3n de Trabajadores del Cobre y sus Federaciones<\/strong>. Cabe destacar que el acto del d\u00eda 24 cont\u00f3 con la presencia y participaci\u00f3n de<strong> Wilson Chinga, Concejal de la Ciudad de Copiap\u00f3, quien tambi\u00e9n ha sido permanentemente cercano y solidario con las luchas de las y los m\u00e1s despose\u00eddos<\/strong>.<\/p>\n\n\n\n<div class=\"wp-block-group\"><div class=\"wp-block-group__inner-container is-layout-flow wp-block-group-is-layout-flow\">\n<figure class=\"wp-block-gallery columns-3 is-cropped wp-block-gallery-2 is-layout-flex wp-block-gallery-is-layout-flex\"><ul class=\"blocks-gallery-grid\"><li class=\"blocks-gallery-item\"><figure><img loading=\"lazy\" decoding=\"async\" width=\"800\" height=\"600\" src=\"https:\/\/www.confederaciondelcobre.cl\/wp-content\/uploads\/2021\/07\/0bec76a2-7f42-4e7f-80aa-0c1959ee072c.jpg\" alt=\"\" data-id=\"1894\" data-full-url=\"https:\/\/www.confederaciondelcobre.cl\/wp-content\/uploads\/2021\/07\/0bec76a2-7f42-4e7f-80aa-0c1959ee072c.jpg\" data-link=\"https:\/\/www.confederaciondelcobre.cl\/?attachment_id=1894\" class=\"wp-image-1894\" srcset=\"https:\/\/www.confederaciondelcobre.cl\/wp-content\/uploads\/2021\/07\/0bec76a2-7f42-4e7f-80aa-0c1959ee072c.jpg 800w, https:\/\/www.confederaciondelcobre.cl\/wp-content\/uploads\/2021\/07\/0bec76a2-7f42-4e7f-80aa-0c1959ee072c-300x225.jpg 300w, https:\/\/www.confederaciondelcobre.cl\/wp-content\/uploads\/2021\/07\/0bec76a2-7f42-4e7f-80aa-0c1959ee072c-768x576.jpg 768w\" sizes=\"auto, (max-width: 800px) 100vw, 800px\" \/><\/figure><\/li><li class=\"blocks-gallery-item\"><figure><img loading=\"lazy\" decoding=\"async\" width=\"800\" height=\"600\" src=\"https:\/\/www.confederaciondelcobre.cl\/wp-content\/uploads\/2021\/07\/11bd544a-ff2e-4cf4-ab24-59d894516015.jpg\" alt=\"\" data-id=\"1895\" data-full-url=\"https:\/\/www.confederaciondelcobre.cl\/wp-content\/uploads\/2021\/07\/11bd544a-ff2e-4cf4-ab24-59d894516015.jpg\" data-link=\"https:\/\/www.confederaciondelcobre.cl\/?attachment_id=1895\" class=\"wp-image-1895\" srcset=\"https:\/\/www.confederaciondelcobre.cl\/wp-content\/uploads\/2021\/07\/11bd544a-ff2e-4cf4-ab24-59d894516015.jpg 800w, https:\/\/www.confederaciondelcobre.cl\/wp-content\/uploads\/2021\/07\/11bd544a-ff2e-4cf4-ab24-59d894516015-300x225.jpg 300w, https:\/\/www.confederaciondelcobre.cl\/wp-content\/uploads\/2021\/07\/11bd544a-ff2e-4cf4-ab24-59d894516015-768x576.jpg 768w\" sizes=\"auto, (max-width: 800px) 100vw, 800px\" \/><\/figure><\/li><li class=\"blocks-gallery-item\"><figure><img loading=\"lazy\" decoding=\"async\" width=\"800\" height=\"600\" src=\"https:\/\/www.confederaciondelcobre.cl\/wp-content\/uploads\/2021\/07\/47a91c5d-f4e0-4d28-88ba-58ecc94d3354.jpg\" alt=\"\" data-id=\"1896\" data-full-url=\"https:\/\/www.confederaciondelcobre.cl\/wp-content\/uploads\/2021\/07\/47a91c5d-f4e0-4d28-88ba-58ecc94d3354.jpg\" data-link=\"https:\/\/www.confederaciondelcobre.cl\/?attachment_id=1896\" class=\"wp-image-1896\" srcset=\"https:\/\/www.confederaciondelcobre.cl\/wp-content\/uploads\/2021\/07\/47a91c5d-f4e0-4d28-88ba-58ecc94d3354.jpg 800w, https:\/\/www.confederaciondelcobre.cl\/wp-content\/uploads\/2021\/07\/47a91c5d-f4e0-4d28-88ba-58ecc94d3354-300x225.jpg 300w, https:\/\/www.confederaciondelcobre.cl\/wp-content\/uploads\/2021\/07\/47a91c5d-f4e0-4d28-88ba-58ecc94d3354-768x576.jpg 768w\" sizes=\"auto, (max-width: 800px) 100vw, 800px\" \/><\/figure><\/li><li class=\"blocks-gallery-item\"><figure><img loading=\"lazy\" decoding=\"async\" width=\"558\" height=\"800\" src=\"https:\/\/www.confederaciondelcobre.cl\/wp-content\/uploads\/2021\/07\/576a5df7-87bf-41bb-b49c-a7cc1b2fea60.jpg\" alt=\"\" data-id=\"1897\" data-full-url=\"https:\/\/www.confederaciondelcobre.cl\/wp-content\/uploads\/2021\/07\/576a5df7-87bf-41bb-b49c-a7cc1b2fea60.jpg\" data-link=\"https:\/\/www.confederaciondelcobre.cl\/?attachment_id=1897\" class=\"wp-image-1897\" srcset=\"https:\/\/www.confederaciondelcobre.cl\/wp-content\/uploads\/2021\/07\/576a5df7-87bf-41bb-b49c-a7cc1b2fea60.jpg 558w, https:\/\/www.confederaciondelcobre.cl\/wp-content\/uploads\/2021\/07\/576a5df7-87bf-41bb-b49c-a7cc1b2fea60-209x300.jpg 209w\" sizes=\"auto, (max-width: 558px) 100vw, 558px\" \/><\/figure><\/li><li class=\"blocks-gallery-item\"><figure><img loading=\"lazy\" decoding=\"async\" width=\"800\" height=\"537\" src=\"https:\/\/www.confederaciondelcobre.cl\/wp-content\/uploads\/2021\/07\/6684299a-ba68-474f-a896-74992d4bfa1c-1.jpg\" alt=\"\" data-id=\"1904\" data-full-url=\"https:\/\/www.confederaciondelcobre.cl\/wp-content\/uploads\/2021\/07\/6684299a-ba68-474f-a896-74992d4bfa1c-1.jpg\" data-link=\"https:\/\/www.confederaciondelcobre.cl\/?attachment_id=1904\" class=\"wp-image-1904\" srcset=\"https:\/\/www.confederaciondelcobre.cl\/wp-content\/uploads\/2021\/07\/6684299a-ba68-474f-a896-74992d4bfa1c-1.jpg 800w, https:\/\/www.confederaciondelcobre.cl\/wp-content\/uploads\/2021\/07\/6684299a-ba68-474f-a896-74992d4bfa1c-1-300x201.jpg 300w, https:\/\/www.confederaciondelcobre.cl\/wp-content\/uploads\/2021\/07\/6684299a-ba68-474f-a896-74992d4bfa1c-1-768x516.jpg 768w\" sizes=\"auto, (max-width: 800px) 100vw, 800px\" \/><\/figure><\/li><li class=\"blocks-gallery-item\"><figure><img loading=\"lazy\" decoding=\"async\" width=\"800\" height=\"450\" src=\"https:\/\/www.confederaciondelcobre.cl\/wp-content\/uploads\/2021\/07\/a00e4d98-5d80-4abc-bef9-bd97aa6d5091-1.jpg\" alt=\"\" data-id=\"1905\" data-full-url=\"https:\/\/www.confederaciondelcobre.cl\/wp-content\/uploads\/2021\/07\/a00e4d98-5d80-4abc-bef9-bd97aa6d5091-1.jpg\" data-link=\"https:\/\/www.confederaciondelcobre.cl\/?attachment_id=1905\" class=\"wp-image-1905\" srcset=\"https:\/\/www.confederaciondelcobre.cl\/wp-content\/uploads\/2021\/07\/a00e4d98-5d80-4abc-bef9-bd97aa6d5091-1.jpg 800w, https:\/\/www.confederaciondelcobre.cl\/wp-content\/uploads\/2021\/07\/a00e4d98-5d80-4abc-bef9-bd97aa6d5091-1-300x169.jpg 300w, https:\/\/www.confederaciondelcobre.cl\/wp-content\/uploads\/2021\/07\/a00e4d98-5d80-4abc-bef9-bd97aa6d5091-1-768x432.jpg 768w\" sizes=\"auto, (max-width: 800px) 100vw, 800px\" \/><\/figure><\/li><li class=\"blocks-gallery-item\"><figure><img loading=\"lazy\" decoding=\"async\" width=\"800\" height=\"600\" src=\"https:\/\/www.confederaciondelcobre.cl\/wp-content\/uploads\/2021\/07\/c33bdf94-2926-4f2f-9791-cbe42bd33c87-1.jpg\" alt=\"\" data-id=\"1906\" data-full-url=\"https:\/\/www.confederaciondelcobre.cl\/wp-content\/uploads\/2021\/07\/c33bdf94-2926-4f2f-9791-cbe42bd33c87-1.jpg\" data-link=\"https:\/\/www.confederaciondelcobre.cl\/?attachment_id=1906\" class=\"wp-image-1906\" srcset=\"https:\/\/www.confederaciondelcobre.cl\/wp-content\/uploads\/2021\/07\/c33bdf94-2926-4f2f-9791-cbe42bd33c87-1.jpg 800w, https:\/\/www.confederaciondelcobre.cl\/wp-content\/uploads\/2021\/07\/c33bdf94-2926-4f2f-9791-cbe42bd33c87-1-300x225.jpg 300w, https:\/\/www.confederaciondelcobre.cl\/wp-content\/uploads\/2021\/07\/c33bdf94-2926-4f2f-9791-cbe42bd33c87-1-768x576.jpg 768w\" sizes=\"auto, (max-width: 800px) 100vw, 800px\" \/><\/figure><\/li><li class=\"blocks-gallery-item\"><figure><img loading=\"lazy\" decoding=\"async\" width=\"800\" height=\"600\" src=\"https:\/\/www.confederaciondelcobre.cl\/wp-content\/uploads\/2021\/07\/eec32e8d-d4f1-4e2f-927c-9bed07c4047f-1.jpg\" alt=\"\" data-id=\"1907\" data-full-url=\"https:\/\/www.confederaciondelcobre.cl\/wp-content\/uploads\/2021\/07\/eec32e8d-d4f1-4e2f-927c-9bed07c4047f-1.jpg\" data-link=\"https:\/\/www.confederaciondelcobre.cl\/?attachment_id=1907\" class=\"wp-image-1907\" srcset=\"https:\/\/www.confederaciondelcobre.cl\/wp-content\/uploads\/2021\/07\/eec32e8d-d4f1-4e2f-927c-9bed07c4047f-1.jpg 800w, https:\/\/www.confederaciondelcobre.cl\/wp-content\/uploads\/2021\/07\/eec32e8d-d4f1-4e2f-927c-9bed07c4047f-1-300x225.jpg 300w, https:\/\/www.confederaciondelcobre.cl\/wp-content\/uploads\/2021\/07\/eec32e8d-d4f1-4e2f-927c-9bed07c4047f-1-768x576.jpg 768w\" sizes=\"auto, (max-width: 800px) 100vw, 800px\" \/><\/figure><\/li><li class=\"blocks-gallery-item\"><figure><img loading=\"lazy\" decoding=\"async\" width=\"800\" height=\"549\" src=\"https:\/\/www.confederaciondelcobre.cl\/wp-content\/uploads\/2021\/07\/f8bc9951-18ff-4cd1-a697-0f1f018ae7a9-1.jpg\" alt=\"\" data-id=\"1908\" data-full-url=\"https:\/\/www.confederaciondelcobre.cl\/wp-content\/uploads\/2021\/07\/f8bc9951-18ff-4cd1-a697-0f1f018ae7a9-1.jpg\" data-link=\"https:\/\/www.confederaciondelcobre.cl\/?attachment_id=1908\" class=\"wp-image-1908\" srcset=\"https:\/\/www.confederaciondelcobre.cl\/wp-content\/uploads\/2021\/07\/f8bc9951-18ff-4cd1-a697-0f1f018ae7a9-1.jpg 800w, https:\/\/www.confederaciondelcobre.cl\/wp-content\/uploads\/2021\/07\/f8bc9951-18ff-4cd1-a697-0f1f018ae7a9-1-300x206.jpg 300w, https:\/\/www.confederaciondelcobre.cl\/wp-content\/uploads\/2021\/07\/f8bc9951-18ff-4cd1-a697-0f1f018ae7a9-1-768x527.jpg 768w, https:\/\/www.confederaciondelcobre.cl\/wp-content\/uploads\/2021\/07\/f8bc9951-18ff-4cd1-a697-0f1f018ae7a9-1-135x93.jpg 135w\" sizes=\"auto, (max-width: 800px) 100vw, 800px\" \/><\/figure><\/li><\/ul><\/figure>\n<\/div><\/div>\n\n\n\n<p>A continuaci\u00f3n, dejamos un <strong>video compacto del acto del 24 de julio en el memorial de Nelson Quichillao L\u00f3pez<\/strong> y despu\u00e9s la transcripci\u00f3n del <strong>discurso ofrecido por Ana Lamas Aguirre, Secretaria General de la Confederaci\u00f3n de Trabajadores del Cobre (CTC), y Presidenta de la Federaci\u00f3n de Sindicatos El Salvador (FESAL)<\/strong>:<\/p>\n\n\n\n<figure class=\"wp-block-embed is-type-video is-provider-youtube wp-block-embed-youtube wp-embed-aspect-16-9 wp-has-aspect-ratio\"><div class=\"wp-block-embed__wrapper\">\n<div class=\"jetpack-video-wrapper\"><iframe loading=\"lazy\" title=\"Nelson Quichillao: a seis a\u00f1os de su asesinato a manos de fuerzas represivas del Estado de Chile.\" width=\"735\" height=\"413\" src=\"https:\/\/www.youtube.com\/embed\/sZBP9QEuKag?feature=oembed\" frameborder=\"0\" allow=\"accelerometer; autoplay; clipboard-write; encrypted-media; gyroscope; picture-in-picture\" allowfullscreen><\/iframe><\/div>\n<\/div><\/figure>\n\n\n\n<p class=\"has-medium-font-size\">&#8220;Queridas compa\u00f1eras, queridos compa\u00f1eros:<\/p>\n\n\n\n<p class=\"has-medium-font-size\">Quiero entregar a todas y todos un fraternal saludo, esperando que nos encontremos en buenas condiciones de salud y guardando las precauciones necesarias en esta larga etapa de pandemia que nos ha tocado vivir.<\/p>\n\n\n\n<p class=\"has-medium-font-size\">Enviamos nuestro saludo y nuestros respetos, de manera especial, a la familia de Nelson Quichillao L\u00f3pez, nuestro querido compa\u00f1ero y amigo que, en este mismo lugar, cayera alevosamente asesinado por Fuerzas Especiales de Carabineros de Chile.<\/p>\n\n\n\n<p class=\"has-medium-font-size\">Recordamos a Nelson como un trabajador honesto, responsable, que se gan\u00f3 siempre el amor de su familia y el cari\u00f1o de sus compa\u00f1eros de trabajo, y que siendo como era, amante de la justicia y con un alto sentido de solidaridad de clase, no dud\u00f3 en incorporarse al movimiento de los trabajadores contratistas del cobre y a las luchas en demanda de mejores y m\u00e1s justas condiciones de vida y de trabajo. En el marco de esas movilizaciones, cae aquel 24 de julio de 2015, como luchador decidido y consecuente, v\u00edctima de un Estado represivo que criminaliza la protesta social y que no duda en aplastar brutal y criminalmente toda se\u00f1al de rebeld\u00eda contra las injusticias del sistema.&nbsp;<\/p>\n\n\n\n<p class=\"has-medium-font-size\">Nelson es una v\u00edctima m\u00e1s de la violencia hist\u00f3rica con que fuerzas uniformadas, en defensa de los poderosos, han atacado al pueblo en diversas \u00e9pocas y en distintos lugares de Chile.<\/p>\n\n\n\n<p class=\"has-medium-font-size\">Por eso, tambi\u00e9n extendemos nuestro homenaje a las compa\u00f1eras y compa\u00f1eros Marta Egurrola de Miles, Osvaldina Chaparro Castillo, Ram\u00f3n Santos Contreras, Ra\u00fal Monardes, Luis Alvarado, Delf\u00edn Galaz, Mauricio Dub\u00f3 y Manuel Contreras Castillo, que fueron asesinados por fuerzas represivas el 11 de marzo de 1966, a las puertas del Sindicato de Obreros, en otra justa movilizaci\u00f3n de los trabajadores del cobre.<\/p>\n\n\n\n<p class=\"has-medium-font-size\">A ellos sumamos los compa\u00f1eros ca\u00eddos bajo el terror militar en los 17 a\u00f1os de dictadura: Benito Tapia Tapia, Maguindo Castillo Andrade, Ricardo Garc\u00eda Posada, Guillermo Rojas Zamora, Joel Huaiqui\u00f1ir Benavides.<\/p>\n\n\n\n<p class=\"has-medium-font-size\">As\u00ed como Nelson, tambi\u00e9n fueron v\u00edctimas de pol\u00edticas represivas, antisociales y criminales de gobierno, y su muerte tambi\u00e9n ha quedado en la m\u00e1s total impunidad. Pero nosotros no los olvidamos. Honor y gloria, tambi\u00e9n para ellas y ellos.<\/p>\n\n\n\n<p class=\"has-medium-font-size\">Del asesinato de Nelson han transcurrido seis a\u00f1os, la justicia ha cerrado ojos y o\u00eddos y, pese a todas las gestiones que como organizaci\u00f3n sindical hemos hecho a nivel nacional e internacional, el criminal sigue libre.<\/p>\n\n\n\n<p class=\"has-medium-font-size\">Pero en este per\u00edodo han sucedido muchas cosas en Chile. No nos cabe duda que Nelson habr\u00eda estado presente en las luchas sociales que han surgido en el pa\u00eds, especialmente desde el 18 de octubre de 2019, en que el pueblo entero despierta y se alza en rebeld\u00eda frente al modelo econ\u00f3mico y pol\u00edtico que fue impuesto por la fuerza hace m\u00e1s de cuarenta a\u00f1os. Estar\u00eda feliz de saber que hoy, gracias a las movilizaciones sociales iniciadas por nuestros j\u00f3venes estudiantes, se construye democr\u00e1ticamente una nueva Constituci\u00f3n, que ser\u00e1 el punto de partida para un Chile distinto, m\u00e1s solidario y m\u00e1s justo. Estar\u00eda contento, tambi\u00e9n, al saber que en cada una de las elecciones que se han llevado a cabo en el \u00faltimo a\u00f1o, las fuerzas que sostienen el modelo han sido categ\u00f3ricamente rechazadas por el pueblo. Y ver\u00eda con alegr\u00eda que en la Convenci\u00f3n Constituyente hay representantes de su propio pueblo mapuche, junto con aimara, rapanui, quechua, likan Antay, diaguita, colla, chango, Kawashkar y yag\u00e1n, porque el Chile nuevo, por exigencia del pueblo, ser\u00e1 un pa\u00eds plurinacional y pluricultural.&nbsp;<\/p>\n\n\n\n<p class=\"has-medium-font-size\">Compa\u00f1eras y compa\u00f1eros: El recuerdo y el ejemplo de Nelson y de tantos otros y otras luchadoras sociales y sindicales, debe estar presente y guiarnos para continuar el camino en la conquista de los derechos humanos, laborales, pol\u00edticos y sociales que el sistema nos niega.<\/p>\n\n\n\n<p class=\"has-medium-font-size\">Por un Chile respetuoso de los Derechos Humanos, por una Ley Laboral justa, que elimine el subcontrato y que contemple el derecho a la negociaci\u00f3n colectiva ramal y la huelga efectiva, por educaci\u00f3n, salud y previsi\u00f3n p\u00fablicas, por un Estado democr\u00e1tico, plurinacional, pluricultural, feminista, antineoliberal y antipatriarcal, sin represi\u00f3n, sin muertes, sin abusos, sin presos pol\u00edticos, sin impunidad. Por el rechazo frontal al oportunismo de los empresarios que han lucrado con la pandemia aumentando sus ganancias a niveles escandalosos. Por la memoria eterna de Nelson Quichillao L\u00f3pez y de tantos chilenos y chilenas que dieron su vida por el bienestar de las nuevas generaciones, entre los cuales no podemos dejar de mencionar a las v\u00edctimas de la represi\u00f3n del Gobierno de Pi\u00f1era en todo el proceso de estallido social y revuelta popular, sin olvidar a quienes fueron heridos y mutilados, y a quienes a\u00fan permanecen encarcelados como presos pol\u00edticos del sistema.<\/p>\n\n\n\n<p class=\"has-medium-font-size\">Por Nelson Quichillao y por todas las luchadoras y luchadores sociales, por la Unidad del movimiento sindical, por las trabajadoras y trabajadores de Chile, por un Chile justo y solidario, \u00a1Arriba los que luchan y jam\u00e1s no se rinden jam\u00e1s!<\/p>\n","protected":false},"excerpt":{"rendered":"<p>El viernes 23 y 24 de julio, y a seis a\u00f1os del asesinato de Nelson Quichillao L\u00f3pez, trabajador contratista de la miner\u00eda del cobre asesinado por FF.EE de Carabineros de &hellip; <\/p>\n","protected":false},"author":2,"featured_media":1881,"comment_status":"closed","ping_status":"closed","sticky":false,"template":"","format":"standard","meta":{"jetpack_post_was_ever_published":false,"_jetpack_newsletter_access":"","_jetpack_dont_email_post_to_subs":false,"_jetpack_newsletter_tier_id":0,"_jetpack_memberships_contains_paywalled_content":false,"_jetpack_memberships_contains_paid_content":false,"footnotes":"","jetpack_publicize_message":"","jetpack_publicize_feature_enabled":true,"jetpack_social_post_already_shared":false,"jetpack_social_options":{"image_generator_settings":{"template":"highway","default_image_id":0,"enabled":false},"version":2}},"categories":[9,21,22,28,26,25,29,31,14,15,32,19],"tags":[],"class_list":["post-1875","post","type-post","status-publish","format-standard","has-post-thumbnail","hentry","category-confederacion","category-federaciones","category-feminort","category-fesal","category-fesamab","category-fesamav","category-fetramac","category-fetratec","category-movimientos-sociales","category-nacional","category-nelson-quichillao","category-trabajadores"],"jetpack_publicize_connections":[],"jetpack_featured_media_url":"https:\/\/www.confederaciondelcobre.cl\/wp-content\/uploads\/2021\/07\/PortadaNQ2021.jpg","jetpack_sharing_enabled":true,"post_mailing_queue_ids":[],"_links":{"self":[{"href":"https:\/\/www.confederaciondelcobre.cl\/index.php\/wp-json\/wp\/v2\/posts\/1875","targetHints":{"allow":["GET"]}}],"collection":[{"href":"https:\/\/www.confederaciondelcobre.cl\/index.php\/wp-json\/wp\/v2\/posts"}],"about":[{"href":"https:\/\/www.confederaciondelcobre.cl\/index.php\/wp-json\/wp\/v2\/types\/post"}],"author":[{"embeddable":true,"href":"https:\/\/www.confederaciondelcobre.cl\/index.php\/wp-json\/wp\/v2\/users\/2"}],"replies":[{"embeddable":true,"href":"https:\/\/www.confederaciondelcobre.cl\/index.php\/wp-json\/wp\/v2\/comments?post=1875"}],"version-history":[{"count":14,"href":"https:\/\/www.confederaciondelcobre.cl\/index.php\/wp-json\/wp\/v2\/posts\/1875\/revisions"}],"predecessor-version":[{"id":1916,"href":"https:\/\/www.confederaciondelcobre.cl\/index.php\/wp-json\/wp\/v2\/posts\/1875\/revisions\/1916"}],"wp:featuredmedia":[{"embeddable":true,"href":"https:\/\/www.confederaciondelcobre.cl\/index.php\/wp-json\/wp\/v2\/media\/1881"}],"wp:attachment":[{"href":"https:\/\/www.confederaciondelcobre.cl\/index.php\/wp-json\/wp\/v2\/media?parent=1875"}],"wp:term":[{"taxonomy":"category","embeddable":true,"href":"https:\/\/www.confederaciondelcobre.cl\/index.php\/wp-json\/wp\/v2\/categories?post=1875"},{"taxonomy":"post_tag","embeddable":true,"href":"https:\/\/www.confederaciondelcobre.cl\/index.php\/wp-json\/wp\/v2\/tags?post=1875"}],"curies":[{"name":"wp","href":"https:\/\/api.w.org\/{rel}","templated":true}]}}