{"id":188,"date":"2019-04-22T16:47:41","date_gmt":"2019-04-22T16:47:41","guid":{"rendered":"http:\/\/www.ctc2018.cl\/?p=188"},"modified":"2020-04-27T00:25:48","modified_gmt":"2020-04-27T00:25:48","slug":"vetas-un-proyecto-que-busca-rescatar-el-patrimonio-audiovisual-minero-de-nuestro-pais","status":"publish","type":"post","link":"https:\/\/www.confederaciondelcobre.cl\/index.php\/2019\/04\/22\/vetas-un-proyecto-que-busca-rescatar-el-patrimonio-audiovisual-minero-de-nuestro-pais\/","title":{"rendered":"Vetas: un proyecto que busca rescatar el patrimonio audiovisual minero de nuestro pa\u00eds."},"content":{"rendered":"\n<p>Con una muestra itinerante de Cine y Trabajo, \u201cVetas\u201d es un proyecto que busca exhibir m\u00e1s de diez t\u00edtulos relacionados con el trabajo y el patrimonio cultural de importantes ciudades mineras que, en su primera parte y con entrada liberada, se desarroll\u00f3 entre los d\u00edas 11 y 13 de abril en el campamento de El Salvador (comuna de Diego de Almagro).<\/p>\n\n\n\n<figure class=\"wp-block-image\"><a href=\"http:\/\/www.confederaciondelcobre.cl\/erbocefnoc\/vetas-un-proyecto-que-busca-rescatar-el-patrimonio-audiovisual-minero-de-nuestro-pais\/img_9500\/\"><img decoding=\"async\" src=\"http:\/\/www.confederaciondelcobre.cl\/erbocefnoc\/wp-content\/uploads\/2019\/04\/IMG_9500.jpg\" alt=\"IMG_9500\" class=\"wp-image-11135\"\/><\/a><\/figure>\n\n\n\n<p><strong>En esta primera versi\u00f3n, la Muestra Itinerante de Cine y Trabajo ha puesto su foco en ciudades con un pasado y presente minero, como lo son El Salvador, Calama y Lota<\/strong>. Las actividades del proyecto Vetas contemplan la exhibici\u00f3n de distintos largometrajes relacionados con el mundo del trabajo, talleres para docentes y estudiantes de las distintas localidades y proyecciones abiertas a la comunidad con di\u00e1logos o conversatorios post visionado.<\/p>\n\n\n\n<figure class=\"wp-block-image\"><a href=\"http:\/\/www.confederaciondelcobre.cl\/erbocefnoc\/vetas-un-proyecto-que-busca-rescatar-el-patrimonio-audiovisual-minero-de-nuestro-pais\/img_9518\/\"><img decoding=\"async\" src=\"http:\/\/www.confederaciondelcobre.cl\/erbocefnoc\/wp-content\/uploads\/2019\/04\/IMG_9518.jpg\" alt=\"IMG_9518\" class=\"wp-image-11136\"\/><\/a><\/figure>\n\n\n\n<ul class=\"wp-block-list\"><li><em>Cabe se\u00f1alar que \u201cVetas\u201d es financiado por el Fondo Audiovisual Convocatoria 2017 del Ministerio de las Culturas, las Artes y el Patrimonio. Adem\u00e1s, el proyecto cuenta con la colaboraci\u00f3n de distintos organismos relacionados al \u00e1mbito laboral y audiovisual, tales como la Cineteca Nacional del Centro cultural Palacio La Moneda, el Archivo Patrimonial USACH, Cineteca de la Universidad de Chile, Confederaci\u00f3n de Trabajadores del Cobre, Sindicato N\u00b0 2 de Chuquicamata y CODELCO &#8211; Divisi\u00f3n El Salvador, entre otros.<\/em><\/li><\/ul>\n\n\n\n<figure class=\"wp-block-image\"><a href=\"http:\/\/www.confederaciondelcobre.cl\/erbocefnoc\/vetas-un-proyecto-que-busca-rescatar-el-patrimonio-audiovisual-minero-de-nuestro-pais\/dav-2\/\"><img decoding=\"async\" src=\"http:\/\/www.confederaciondelcobre.cl\/erbocefnoc\/wp-content\/uploads\/2019\/04\/FESAL-1.jpg\" alt=\"dav\" class=\"wp-image-11141\"\/><\/a><\/figure>\n\n\n\n<p><strong>Vetas en El Salvador<\/strong><\/p>\n\n\n\n<p>Las pel\u00edculas que se exhibieron los d\u00edas jueves 11 y viernes 12, todas entre el Cine Inca y la sede de la Confederaci\u00f3n de Trabajadores del Cobre en El Salvador, se encontraban Troperos (Argentina), Fuera de Sistema (Chile) y Norma Rae (EE.UU), el documental Carne propia (Argentina) y algunas valiosas piezas audiovisuales resguardadas por instituciones y archivos patrimoniales, entre las que destacan&nbsp;Un 18 en Chuquicamata, Recuerdos del Mineral de El Teniente y Carb\u00f3n,&nbsp;entre otras. Adem\u00e1s se realizaron talleres en algunos colegios para profesores y estudiantes sobre cine, historia y sindicalismo. En tanto el d\u00eda s\u00e1bado 13 se desarroll\u00f3 una caminata patrimonial que comenz\u00f3 en la calle Diego Portales #701 conducida y a cargo del historiador Ren\u00e9 Cerda. Una vez terminada la caminata se mostraron diversos registros de El Salvador a cargo de la productora Emelco, que se dedic\u00f3 a realizar noticieros cinematogr\u00e1ficos entre los a\u00f1os 50 y el Gobierno de Salvador Allende.<\/p>\n\n\n\n<figure class=\"wp-block-image\"><a href=\"http:\/\/www.confederaciondelcobre.cl\/erbocefnoc\/vetas-un-proyecto-que-busca-rescatar-el-patrimonio-audiovisual-minero-de-nuestro-pais\/img_9599\/\"><img decoding=\"async\" src=\"http:\/\/www.confederaciondelcobre.cl\/erbocefnoc\/wp-content\/uploads\/2019\/04\/IMG_9599.jpg\" alt=\"IMG_9599\" class=\"wp-image-11137\"\/><\/a><\/figure>\n\n\n\n<p><strong>Lo que viene en Calama<\/strong><\/p>\n\n\n\n<p><strong>Los d\u00edas 04 y 05 de mayo, en el Auditorio del Sindicato N\u00ba2 de Trabajadores de Codelco Chuquicamata<\/strong>,&nbsp;se desarrollar\u00e1 un Ciclo Patrimonial con la muestra de t\u00edtulos como&nbsp;<strong>Carb\u00f3n<\/strong>, de Fernando Balmaceda (a\u00f1o 1965);&nbsp;<strong>Un 18 en Chuquicamata<\/strong>, de Pablo Petrowisch (a\u00f1o 1947);&nbsp;<strong>Recuerdos del mineral de El Teniente<\/strong>, de Salvador Gambastiani (a\u00f1o 1919);&nbsp;<strong>Troperos<\/strong>,&nbsp;de Nicol\u00e1s Detry (a\u00f1o 2017);&nbsp;Juan P\u00e9rez Minero,&nbsp;de Ren\u00e9 Kocher (a\u00f1o 1971);&nbsp;<strong>El Sueldo de Chile<\/strong>, de Fernando Balmaceda (a\u00f1o 1971);&nbsp;Reportaje a Lota, de Jos\u00e9 Rom\u00e1n y Diego Bonacina (a\u00f1o 1970) y;&nbsp;<strong>Carne Propia<\/strong>, de Alberto Romero (a\u00f1o 2016), entre otras.<\/p>\n\n\n\n<ul class=\"wp-block-list\"><li><em>Para m\u00e1s informaci\u00f3n dejamos un enlace al sitio web del proyecto, donde conocer\u00e1s con mayor detalle el itinerario y su desarrollo&nbsp;<\/em><a href=\"https:\/\/l.facebook.com\/l.php?u=http%3A%2F%2Fwww.cineytrabajo.cl%2F%3Ffbclid%3DIwAR1DuaHiSXBeaxZA2-clEaSCmNCom6V10NsJIOPQw-EIcx1_F9fbScp1sjw&amp;h=AT3t7SoODvDWIANWDRoy5eHF3mB_OQlJlaG5ofTAluUGqrbbs6kdI-P5Hld1D2V3KiSZQS6EYatE5qI7tjmbgACowTcJbI0Ld2H8jVtKjCBcs7hyrj6qjsQ12NwLvBroJ-G93OZWQgA\"><em>haciendo click aqu\u00ed<\/em><\/a><em>.<\/em><\/li><\/ul>\n\n\n\n<p>Para la Confederaci\u00f3n de Trabajadores del Cobre el desarrollo de iniciativas de este tipo son de fundamental importancia, toda vez que van al rescate de la memoria hist\u00f3rica del movimiento obrero en general y de los trabajadores de la miner\u00eda en particular. Es por ello que hoy bajo esa misma convicci\u00f3n, como organizaci\u00f3n, igual que en ocasiones anteriores, hemos prestado nuestro apoyo y participaci\u00f3n a este proyecto itinerante de Cine y Trabajo, un proyecto de valioso aporte al conocimiento hist\u00f3rico y discusi\u00f3n actual para los trabajadores, sus familias y todo aquel que quiera aproximarse y participar.<\/p>\n","protected":false},"excerpt":{"rendered":"<p>Con una muestra itinerante de Cine y Trabajo, \u201cVetas\u201d es un proyecto que busca exhibir m\u00e1s de diez t\u00edtulos relacionados con el trabajo y el patrimonio cultural de importantes ciudades &hellip; <\/p>\n","protected":false},"author":2,"featured_media":190,"comment_status":"open","ping_status":"open","sticky":false,"template":"","format":"standard","meta":{"jetpack_post_was_ever_published":false,"_jetpack_newsletter_access":"","_jetpack_dont_email_post_to_subs":false,"_jetpack_newsletter_tier_id":0,"_jetpack_memberships_contains_paywalled_content":false,"_jetpack_memberships_contains_paid_content":false,"footnotes":"","jetpack_publicize_message":"","jetpack_publicize_feature_enabled":true,"jetpack_social_post_already_shared":false,"jetpack_social_options":{"image_generator_settings":{"template":"highway","default_image_id":0,"enabled":false},"version":2}},"categories":[9,21,28,19],"tags":[],"class_list":["post-188","post","type-post","status-publish","format-standard","has-post-thumbnail","hentry","category-confederacion","category-federaciones","category-fesal","category-trabajadores"],"jetpack_publicize_connections":[],"jetpack_featured_media_url":"https:\/\/www.confederaciondelcobre.cl\/wp-content\/uploads\/2019\/04\/VETASWEB.jpg","jetpack_sharing_enabled":true,"post_mailing_queue_ids":[],"_links":{"self":[{"href":"https:\/\/www.confederaciondelcobre.cl\/index.php\/wp-json\/wp\/v2\/posts\/188","targetHints":{"allow":["GET"]}}],"collection":[{"href":"https:\/\/www.confederaciondelcobre.cl\/index.php\/wp-json\/wp\/v2\/posts"}],"about":[{"href":"https:\/\/www.confederaciondelcobre.cl\/index.php\/wp-json\/wp\/v2\/types\/post"}],"author":[{"embeddable":true,"href":"https:\/\/www.confederaciondelcobre.cl\/index.php\/wp-json\/wp\/v2\/users\/2"}],"replies":[{"embeddable":true,"href":"https:\/\/www.confederaciondelcobre.cl\/index.php\/wp-json\/wp\/v2\/comments?post=188"}],"version-history":[{"count":1,"href":"https:\/\/www.confederaciondelcobre.cl\/index.php\/wp-json\/wp\/v2\/posts\/188\/revisions"}],"predecessor-version":[{"id":189,"href":"https:\/\/www.confederaciondelcobre.cl\/index.php\/wp-json\/wp\/v2\/posts\/188\/revisions\/189"}],"wp:featuredmedia":[{"embeddable":true,"href":"https:\/\/www.confederaciondelcobre.cl\/index.php\/wp-json\/wp\/v2\/media\/190"}],"wp:attachment":[{"href":"https:\/\/www.confederaciondelcobre.cl\/index.php\/wp-json\/wp\/v2\/media?parent=188"}],"wp:term":[{"taxonomy":"category","embeddable":true,"href":"https:\/\/www.confederaciondelcobre.cl\/index.php\/wp-json\/wp\/v2\/categories?post=188"},{"taxonomy":"post_tag","embeddable":true,"href":"https:\/\/www.confederaciondelcobre.cl\/index.php\/wp-json\/wp\/v2\/tags?post=188"}],"curies":[{"name":"wp","href":"https:\/\/api.w.org\/{rel}","templated":true}]}}