{"id":1917,"date":"2021-07-30T23:24:20","date_gmt":"2021-07-30T23:24:20","guid":{"rendered":"https:\/\/www.confederaciondelcobre.cl\/?p=1917"},"modified":"2021-07-30T23:24:21","modified_gmt":"2021-07-30T23:24:21","slug":"libertad-a-las-y-los-presos-politicos-de-la-revuelta","status":"publish","type":"post","link":"https:\/\/www.confederaciondelcobre.cl\/index.php\/2021\/07\/30\/libertad-a-las-y-los-presos-politicos-de-la-revuelta\/","title":{"rendered":"Libertad a las y los presos pol\u00edticos de la revuelta."},"content":{"rendered":"\n<p>La tarde de ayer, jueves 29 de julio, agrupaciones de familiares de presos pol\u00edticos de la revuelta, junto a organizaciones sociales y sindicales, entre ellas la Confederaci\u00f3n de Trabajadores del Cobre (CTC), encabezada por su Presidente Manuel Ahumada Letelier, se dieron cita en una marcha por la Alameda de Santiago de Chile para <strong>exigir la liberaci\u00f3n de las y los presos pol\u00edticos de la revuelta. Junto con lo anterior, y as\u00ed lo expres\u00f3 el Presidente de la CTC, interpelar al Presidente de la Comisi\u00f3n de Constituci\u00f3n del Senado (Pedro Araya) para que acelere la aprobaci\u00f3n del Proyecto de Ley de indulto general <strong>a las personas que fueron detenidas en el contexto del estallido o revuelta social iniciada en octubre de 2019<\/strong><\/strong>.<\/p>\n\n\n\n<figure class=\"wp-block-audio\"><audio controls src=\"https:\/\/www.confederaciondelcobre.cl\/wp-content\/uploads\/2021\/07\/Manuel-Ahumada-Letelier-PPR.mp3\"><\/audio><\/figure>\n\n\n\n<p>La marcha, que parti\u00f3 en la intersecci\u00f3n de Av. Cumming con la Alameda, se caracteriz\u00f3 principalmente por su masividad. Una clara muestra de la permanente y cada vez m\u00e1s creciente solidaridad con quienes fueron detenidos en un contexto esencialmente de protesta social y pol\u00edtica, y que actualmente llevan m\u00e1s de un a\u00f1o privadas y privados de libertad.<\/p>\n\n\n\n<figure class=\"wp-block-gallery columns-3 is-cropped wp-block-gallery-1 is-layout-flex wp-block-gallery-is-layout-flex\"><ul class=\"blocks-gallery-grid\"><li class=\"blocks-gallery-item\"><figure><img loading=\"lazy\" decoding=\"async\" width=\"800\" height=\"450\" src=\"https:\/\/www.confederaciondelcobre.cl\/wp-content\/uploads\/2021\/07\/IMG_20210729_173342.jpg\" alt=\"\" data-id=\"1927\" data-full-url=\"https:\/\/www.confederaciondelcobre.cl\/wp-content\/uploads\/2021\/07\/IMG_20210729_173342.jpg\" data-link=\"https:\/\/www.confederaciondelcobre.cl\/?attachment_id=1927\" class=\"wp-image-1927\" srcset=\"https:\/\/www.confederaciondelcobre.cl\/wp-content\/uploads\/2021\/07\/IMG_20210729_173342.jpg 800w, https:\/\/www.confederaciondelcobre.cl\/wp-content\/uploads\/2021\/07\/IMG_20210729_173342-300x169.jpg 300w, https:\/\/www.confederaciondelcobre.cl\/wp-content\/uploads\/2021\/07\/IMG_20210729_173342-768x432.jpg 768w\" sizes=\"auto, (max-width: 800px) 100vw, 800px\" \/><\/figure><\/li><li class=\"blocks-gallery-item\"><figure><img loading=\"lazy\" decoding=\"async\" width=\"800\" height=\"450\" src=\"https:\/\/www.confederaciondelcobre.cl\/wp-content\/uploads\/2021\/07\/IMG_20210729_175732.jpg\" alt=\"\" data-id=\"1928\" data-full-url=\"https:\/\/www.confederaciondelcobre.cl\/wp-content\/uploads\/2021\/07\/IMG_20210729_175732.jpg\" data-link=\"https:\/\/www.confederaciondelcobre.cl\/?attachment_id=1928\" class=\"wp-image-1928\" srcset=\"https:\/\/www.confederaciondelcobre.cl\/wp-content\/uploads\/2021\/07\/IMG_20210729_175732.jpg 800w, https:\/\/www.confederaciondelcobre.cl\/wp-content\/uploads\/2021\/07\/IMG_20210729_175732-300x169.jpg 300w, https:\/\/www.confederaciondelcobre.cl\/wp-content\/uploads\/2021\/07\/IMG_20210729_175732-768x432.jpg 768w\" sizes=\"auto, (max-width: 800px) 100vw, 800px\" \/><\/figure><\/li><li class=\"blocks-gallery-item\"><figure><img loading=\"lazy\" decoding=\"async\" width=\"800\" height=\"450\" src=\"https:\/\/www.confederaciondelcobre.cl\/wp-content\/uploads\/2021\/07\/IMG_20210729_180143.jpg\" alt=\"\" data-id=\"1929\" data-full-url=\"https:\/\/www.confederaciondelcobre.cl\/wp-content\/uploads\/2021\/07\/IMG_20210729_180143.jpg\" data-link=\"https:\/\/www.confederaciondelcobre.cl\/?attachment_id=1929\" class=\"wp-image-1929\" srcset=\"https:\/\/www.confederaciondelcobre.cl\/wp-content\/uploads\/2021\/07\/IMG_20210729_180143.jpg 800w, https:\/\/www.confederaciondelcobre.cl\/wp-content\/uploads\/2021\/07\/IMG_20210729_180143-300x169.jpg 300w, https:\/\/www.confederaciondelcobre.cl\/wp-content\/uploads\/2021\/07\/IMG_20210729_180143-768x432.jpg 768w\" sizes=\"auto, (max-width: 800px) 100vw, 800px\" \/><\/figure><\/li><\/ul><\/figure>\n","protected":false},"excerpt":{"rendered":"<p>La tarde de ayer, jueves 29 de julio, agrupaciones de familiares de presos pol\u00edticos de la revuelta, junto a organizaciones sociales y sindicales, entre ellas la Confederaci\u00f3n de Trabajadores del &hellip; <\/p>\n","protected":false},"author":2,"featured_media":1926,"comment_status":"closed","ping_status":"closed","sticky":false,"template":"","format":"standard","meta":{"jetpack_post_was_ever_published":false,"_jetpack_newsletter_access":"","_jetpack_dont_email_post_to_subs":false,"_jetpack_newsletter_tier_id":0,"_jetpack_memberships_contains_paywalled_content":false,"_jetpack_memberships_contains_paid_content":false,"footnotes":"","jetpack_publicize_message":"","jetpack_publicize_feature_enabled":true,"jetpack_social_post_already_shared":false,"jetpack_social_options":{"image_generator_settings":{"template":"highway","default_image_id":0,"enabled":false},"version":2}},"categories":[9,14,15],"tags":[],"class_list":["post-1917","post","type-post","status-publish","format-standard","has-post-thumbnail","hentry","category-confederacion","category-movimientos-sociales","category-nacional"],"jetpack_publicize_connections":[],"jetpack_featured_media_url":"https:\/\/www.confederaciondelcobre.cl\/wp-content\/uploads\/2021\/07\/PortMarchaPPR.jpg","jetpack_sharing_enabled":true,"post_mailing_queue_ids":[],"_links":{"self":[{"href":"https:\/\/www.confederaciondelcobre.cl\/index.php\/wp-json\/wp\/v2\/posts\/1917","targetHints":{"allow":["GET"]}}],"collection":[{"href":"https:\/\/www.confederaciondelcobre.cl\/index.php\/wp-json\/wp\/v2\/posts"}],"about":[{"href":"https:\/\/www.confederaciondelcobre.cl\/index.php\/wp-json\/wp\/v2\/types\/post"}],"author":[{"embeddable":true,"href":"https:\/\/www.confederaciondelcobre.cl\/index.php\/wp-json\/wp\/v2\/users\/2"}],"replies":[{"embeddable":true,"href":"https:\/\/www.confederaciondelcobre.cl\/index.php\/wp-json\/wp\/v2\/comments?post=1917"}],"version-history":[{"count":6,"href":"https:\/\/www.confederaciondelcobre.cl\/index.php\/wp-json\/wp\/v2\/posts\/1917\/revisions"}],"predecessor-version":[{"id":1930,"href":"https:\/\/www.confederaciondelcobre.cl\/index.php\/wp-json\/wp\/v2\/posts\/1917\/revisions\/1930"}],"wp:featuredmedia":[{"embeddable":true,"href":"https:\/\/www.confederaciondelcobre.cl\/index.php\/wp-json\/wp\/v2\/media\/1926"}],"wp:attachment":[{"href":"https:\/\/www.confederaciondelcobre.cl\/index.php\/wp-json\/wp\/v2\/media?parent=1917"}],"wp:term":[{"taxonomy":"category","embeddable":true,"href":"https:\/\/www.confederaciondelcobre.cl\/index.php\/wp-json\/wp\/v2\/categories?post=1917"},{"taxonomy":"post_tag","embeddable":true,"href":"https:\/\/www.confederaciondelcobre.cl\/index.php\/wp-json\/wp\/v2\/tags?post=1917"}],"curies":[{"name":"wp","href":"https:\/\/api.w.org\/{rel}","templated":true}]}}