{"id":1932,"date":"2021-08-06T23:22:35","date_gmt":"2021-08-06T23:22:35","guid":{"rendered":"https:\/\/www.confederaciondelcobre.cl\/?p=1932"},"modified":"2021-08-06T23:22:36","modified_gmt":"2021-08-06T23:22:36","slug":"video-convencion-constitucional-cenda-y-ctc-expusieron-en-comision-de-reglamento","status":"publish","type":"post","link":"https:\/\/www.confederaciondelcobre.cl\/index.php\/2021\/08\/06\/video-convencion-constitucional-cenda-y-ctc-expusieron-en-comision-de-reglamento\/","title":{"rendered":"[video] Convenci\u00f3n Constitucional: CENDA y CTC expusieron en Comisi\u00f3n de Reglamento."},"content":{"rendered":"\n<p>En la ma\u00f1ana del d\u00eda de hoy, viernes 06 de agosto, la Fundaci\u00f3n Centro de Estudios Nacionales de Desarrollo Alternativo (CENDA) y la Confederaci\u00f3n de Trabajadores del Cobre (CTC) participaron en la Comisi\u00f3n de Reglamento de la Convenci\u00f3n Constitucional. La presentaci\u00f3n y exposici\u00f3n, a cargo de Roxana Pey, Acad\u00e9mica de la Universidad de Chile; Manuel Riesco, Economista y Vicepresidente de CENDA; y Manuel Ahumada Letelier, Presidente de la CTC, se refiri\u00f3 a dos puntos y peticiones principales: <strong>\u201cRenacionalizaci\u00f3n del cobre y los bienes comunes estrat\u00e9gicos\u201d,<\/strong> y la <strong>\u201cIntangibilidad de los salarios\u201d<\/strong>.<\/p>\n\n\n\n<p>En el segmento sobre la <strong>Renacionalizaci\u00f3n del cobre y los bienes comunes estrat\u00e9gicos, Manuel Ahumada se\u00f1al\u00f3 que la nueva constituci\u00f3n deber\u00e1 incorporar \u201cde modo \u00edntegro, y sin cambio alguno, el art\u00edculo 24 inciso sexto de la actual, que reproduce palabra por palabra la hist\u00f3rica reforma introducida por el Presidente Salvador Allende y aprobada por la unanimidad del Congreso Nacional, que estableci\u00f3 la Nacionalizaci\u00f3n del Cobre el 11 de julio del a\u00f1o 1971\u201d<\/strong>, agregando adem\u00e1s que la nueva carta magna deber\u00e1 adecuarse \u201cen forma \u00edntegra y coherente a dicha disposici\u00f3n, <strong>que establece el dominio absoluto, exclusivo, inalienable, e imprescriptible del Estado sobre los minerales de Chile<\/strong>\u201d. As\u00ed, y en consecuencia con lo anterior \u2014continu\u00f3 el Presidente de la Confederaci\u00f3n de Trabajadores del Cobre\u2014 <strong>la nueva constituci\u00f3n deber\u00e1 necesariamente anular \u201cde inmediato todo el articulado y legislaci\u00f3n complementaria enquistadas en el ordenamiento constitucional de Pinochet que, en flagrante contradicci\u00f3n con esta hist\u00f3rica disposici\u00f3n, entregaron a t\u00edtulo gratuito y a perpetuidad la propiedad efectiva sobre los minerales a un pu\u00f1ado de grandes consorcios transnacionales\u201d<\/strong>.<\/p>\n\n\n\n<p>Por su parte, <strong>Manuel Riesco se refiri\u00f3 al necesario y esencial restablecimieto del derecho del pueblo trabajador a la intangibilidad de sus salarios<\/strong>. Esto es, y en sus propias palabras, que <strong>\u201cla nueva constituci\u00f3n restablecer\u00e1 en Chile el principio universal que estos [salarios] no pueden ser tocados por nadie, menos que nada desviados a financiar negocios de empresarios\u201d<\/strong>, acabando as\u00ed con las formas principales de este abuso: el ahorro forzoso, la educaci\u00f3n pagada, y la usura de cr\u00e9ditos populares. <strong>\u201cAl restablecer el derecho del pueblo trabajador a la intangibilidad de sus salarios \u2014continu\u00f3 el Economista y Vicepresidente de CENDA\u2014 la nueva constituci\u00f3n impondr\u00e1 al empresariado la obligaci\u00f3n que adquiere en virtud de dicho pacto social, de organizar el proceso productivo de la manera m\u00e1s avanzada y respetuosa de la madre tierra, y financiar \u00edntegramente su desarrollo y perfeccionamiento, as\u00ed como los asuntos del esp\u00edritu, es decir, la educaci\u00f3n, la ciencia, el arte y la cultura\u201d<\/strong>, finaliz\u00f3.<\/p>\n\n\n\n<p>Luego de terminadas las intervenciones y presentaciones, <strong>Roxana Pey (Acad\u00e9mica de la Universidad de Chile, y tambi\u00e9n miembro de CENDA), y en consideraci\u00f3n a las razones expuestas por la Fundaci\u00f3n CENDA y la CTC, solicit\u00f3 a la Comisi\u00f3n de Reglamento de la Convenci\u00f3n Constitucional consideren proponer la creaci\u00f3n de las comisiones tem\u00e1ticas \u201cRenacionalizaci\u00f3n del Cobre y Bienes Comunes\u201d y \u201cEl Derecho a la Intangibilidad de los Salarios\u201d.<\/strong><\/p>\n\n\n\n<p>Revisa a continuaci\u00f3n el video de la exposici\u00f3n completa.<\/p>\n\n\n\n<figure class=\"wp-block-embed is-type-video is-provider-youtube wp-block-embed-youtube wp-embed-aspect-16-9 wp-has-aspect-ratio\"><div class=\"wp-block-embed__wrapper\">\n<div class=\"jetpack-video-wrapper\"><iframe loading=\"lazy\" title=\"Comisi\u00f3n de Reglamento N\u00ba 15 - Viernes 6 de Agosto\" width=\"735\" height=\"413\" src=\"https:\/\/www.youtube.com\/embed\/6k5_GXnHUGI?start=7032&#038;feature=oembed\" frameborder=\"0\" allow=\"accelerometer; autoplay; clipboard-write; encrypted-media; gyroscope; picture-in-picture\" allowfullscreen><\/iframe><\/div>\n<\/div><\/figure>\n","protected":false},"excerpt":{"rendered":"<p>En la ma\u00f1ana del d\u00eda de hoy, viernes 06 de agosto, la Fundaci\u00f3n Centro de Estudios Nacionales de Desarrollo Alternativo (CENDA) y la Confederaci\u00f3n de Trabajadores del Cobre (CTC) participaron &hellip; <\/p>\n","protected":false},"author":2,"featured_media":1936,"comment_status":"closed","ping_status":"closed","sticky":false,"template":"","format":"standard","meta":{"jetpack_post_was_ever_published":false,"_jetpack_newsletter_access":"","_jetpack_dont_email_post_to_subs":false,"_jetpack_newsletter_tier_id":0,"_jetpack_memberships_contains_paywalled_content":false,"_jetpack_memberships_contains_paid_content":false,"footnotes":"","jetpack_publicize_message":"","jetpack_publicize_feature_enabled":true,"jetpack_social_post_already_shared":false,"jetpack_social_options":{"image_generator_settings":{"template":"highway","default_image_id":0,"enabled":false},"version":2}},"categories":[9,15,19],"tags":[],"class_list":["post-1932","post","type-post","status-publish","format-standard","has-post-thumbnail","hentry","category-confederacion","category-nacional","category-trabajadores"],"jetpack_publicize_connections":[],"jetpack_featured_media_url":"https:\/\/www.confederaciondelcobre.cl\/wp-content\/uploads\/2021\/08\/PortCCComRegl.jpg","jetpack_sharing_enabled":true,"post_mailing_queue_ids":[],"_links":{"self":[{"href":"https:\/\/www.confederaciondelcobre.cl\/index.php\/wp-json\/wp\/v2\/posts\/1932","targetHints":{"allow":["GET"]}}],"collection":[{"href":"https:\/\/www.confederaciondelcobre.cl\/index.php\/wp-json\/wp\/v2\/posts"}],"about":[{"href":"https:\/\/www.confederaciondelcobre.cl\/index.php\/wp-json\/wp\/v2\/types\/post"}],"author":[{"embeddable":true,"href":"https:\/\/www.confederaciondelcobre.cl\/index.php\/wp-json\/wp\/v2\/users\/2"}],"replies":[{"embeddable":true,"href":"https:\/\/www.confederaciondelcobre.cl\/index.php\/wp-json\/wp\/v2\/comments?post=1932"}],"version-history":[{"count":5,"href":"https:\/\/www.confederaciondelcobre.cl\/index.php\/wp-json\/wp\/v2\/posts\/1932\/revisions"}],"predecessor-version":[{"id":1938,"href":"https:\/\/www.confederaciondelcobre.cl\/index.php\/wp-json\/wp\/v2\/posts\/1932\/revisions\/1938"}],"wp:featuredmedia":[{"embeddable":true,"href":"https:\/\/www.confederaciondelcobre.cl\/index.php\/wp-json\/wp\/v2\/media\/1936"}],"wp:attachment":[{"href":"https:\/\/www.confederaciondelcobre.cl\/index.php\/wp-json\/wp\/v2\/media?parent=1932"}],"wp:term":[{"taxonomy":"category","embeddable":true,"href":"https:\/\/www.confederaciondelcobre.cl\/index.php\/wp-json\/wp\/v2\/categories?post=1932"},{"taxonomy":"post_tag","embeddable":true,"href":"https:\/\/www.confederaciondelcobre.cl\/index.php\/wp-json\/wp\/v2\/tags?post=1932"}],"curies":[{"name":"wp","href":"https:\/\/api.w.org\/{rel}","templated":true}]}}