{"id":1939,"date":"2021-08-10T19:00:00","date_gmt":"2021-08-10T19:00:00","guid":{"rendered":"https:\/\/www.confederaciondelcobre.cl\/?p=1939"},"modified":"2021-08-11T15:35:33","modified_gmt":"2021-08-11T15:35:33","slug":"en-el-dia-nacional-de-las-y-los-trabajadores-mineros","status":"publish","type":"post","link":"https:\/\/www.confederaciondelcobre.cl\/index.php\/2021\/08\/10\/en-el-dia-nacional-de-las-y-los-trabajadores-mineros\/","title":{"rendered":"En el d\u00eda nacional de las y los trabajadores mineros."},"content":{"rendered":"\n<p>Queridas compa\u00f1eras, queridos compa\u00f1eros:<\/p>\n\n\n\n<p>La Confederaci\u00f3n de Trabajadores del Cobre, quiere hacer llegar un saludo y un homenaje a los trabajadores y trabajadoras del cobre, del litio, del carb\u00f3n, de toda la miner\u00eda. A los mineros de Chile y del mundo, y a sus familias.&nbsp;<\/p>\n\n\n\n<p>Aunque la vida nunca ha sido f\u00e1cil para el mundo de la miner\u00eda, no cabe duda que al d\u00eda de hoy vivimos tiempos especialmente dif\u00edciles y complejos. Una pandemia que ya deja miles de v\u00edctimas en el mundo y que ha dejado al descubierto, como nunca antes, las profundas desigualdades sociales que existen en Chile. Un gobierno que no ha tenido la capacidad para enfrentar la crisis sanitaria con pol\u00edticas efectivas de beneficio social, pero que si ha tenido disposici\u00f3n para reprimir la leg\u00edtima protesta social.<\/p>\n\n\n\n<p>Y, por otra parte, un pueblo que ha despertado y se ha rebelado contra el modelo econ\u00f3mico y social vigente, que exige cambios y que ha dado origen a la Convenci\u00f3n Constituyente que hoy ya comienza a dar los primeros pasos para la redacci\u00f3n de una nueva Constituci\u00f3n para Chile, que tendr\u00e1 que trazar el camino para erradicar el modelo econ\u00f3mico de mercado que tanta injustica ha dejado caer sobre los trabajadores y el pueblo en general. La nueva Carta Magna tendr\u00e1 que establecer el camino para la renacionalizaci\u00f3n del cobre, el litio, el agua y los recursos naturales que hoy d\u00eda controlan las grandes empresas extranjeras, y dar inicio a una nueva forma de pa\u00eds y a una sociedad m\u00e1s justa, m\u00e1s democr\u00e1tica, m\u00e1s solidaria.<\/p>\n\n\n\n<p>En este proceso, los trabajadores del cobre, los mineros de Chile, no hemos estado ausentes. Como organizaci\u00f3n sindical hemos estado presentes en las grandes movilizaciones, pero tambi\u00e9n hemos jugado un rol importante en las negociaciones colectivas y en los conflictos laborales en distintos centros mineros.<\/p>\n\n\n\n<p>Desde las calles de Chile, el pueblo ha abierto un escenario nuevo, y en ese nuevo escenario los trabajadores y trabajadoras de la miner\u00eda tendremos un rol que cumplir. Chile debe ser due\u00f1o y soberano, nuevamente, de los recursos mineros que se nacionalizaron en el a\u00f1o 1971 y que los gobiernos posteriores volvieron a entregar a las empresas extranjeras. Ser\u00e1 nuestro deber y nuestra responsabilidad mantenernos alertas y atentos, desde nuestros centros de trabajo y desde nuestros sindicatos, para asegurarnos de que eso ocurra, y dispuestos a movilizarnos si, con la nueva Constituci\u00f3n y con el pr\u00f3ximo gobierno, no se dan los pasos seguros para avanzar hacia ese objetivo hist\u00f3rico.\u00a0\u00a0<\/p>\n\n\n\n<p>Queridas compa\u00f1eras, queridos compa\u00f1eros: La Confederaci\u00f3n de Trabajadores del Cobre es nuestra mayor organizaci\u00f3n sindical, y en este d\u00eda nacional de los trabajadores y trabajadoras de la miner\u00eda, va nuestro llamado a la unidad en torno a nuestra organizaci\u00f3n madre y a nuestros objetivos comunes. A seguir comprometidos con esta lucha que, m\u00e1s temprano que tarde, tendr\u00e1 que concluir en un Chile distinto, donde la miner\u00eda no siga alimentando las ansias de lucro de las grandes transnacionales, donde la riqueza no se acumule en bolsillos privados, sino que se destine a resolver las necesidades de la gente, y donde sea el pueblo quien tome las grandes decisiones.<\/p>\n\n\n\n<p>Un fraternal y cari\u00f1oso abrazo para todos y todas.<\/p>\n","protected":false},"excerpt":{"rendered":"<p>Queridas compa\u00f1eras, queridos compa\u00f1eros: La Confederaci\u00f3n de Trabajadores del Cobre, quiere hacer llegar un saludo y un homenaje a los trabajadores y trabajadoras del cobre, del litio, del carb\u00f3n, de &hellip; <\/p>\n","protected":false},"author":2,"featured_media":1940,"comment_status":"closed","ping_status":"closed","sticky":false,"template":"","format":"standard","meta":{"jetpack_post_was_ever_published":false,"_jetpack_newsletter_access":"","_jetpack_dont_email_post_to_subs":false,"_jetpack_newsletter_tier_id":0,"_jetpack_memberships_contains_paywalled_content":false,"_jetpack_memberships_contains_paid_content":false,"footnotes":"","jetpack_publicize_message":"","jetpack_publicize_feature_enabled":true,"jetpack_social_post_already_shared":false,"jetpack_social_options":{"image_generator_settings":{"template":"highway","default_image_id":0,"enabled":false},"version":2}},"categories":[8,9,15,19],"tags":[],"class_list":["post-1939","post","type-post","status-publish","format-standard","has-post-thumbnail","hentry","category-comunicado","category-confederacion","category-nacional","category-trabajadores"],"jetpack_publicize_connections":[],"jetpack_featured_media_url":"https:\/\/www.confederaciondelcobre.cl\/wp-content\/uploads\/2021\/08\/PortDiaMinerasYmineros.jpg","jetpack_sharing_enabled":true,"post_mailing_queue_ids":[],"_links":{"self":[{"href":"https:\/\/www.confederaciondelcobre.cl\/index.php\/wp-json\/wp\/v2\/posts\/1939","targetHints":{"allow":["GET"]}}],"collection":[{"href":"https:\/\/www.confederaciondelcobre.cl\/index.php\/wp-json\/wp\/v2\/posts"}],"about":[{"href":"https:\/\/www.confederaciondelcobre.cl\/index.php\/wp-json\/wp\/v2\/types\/post"}],"author":[{"embeddable":true,"href":"https:\/\/www.confederaciondelcobre.cl\/index.php\/wp-json\/wp\/v2\/users\/2"}],"replies":[{"embeddable":true,"href":"https:\/\/www.confederaciondelcobre.cl\/index.php\/wp-json\/wp\/v2\/comments?post=1939"}],"version-history":[{"count":4,"href":"https:\/\/www.confederaciondelcobre.cl\/index.php\/wp-json\/wp\/v2\/posts\/1939\/revisions"}],"predecessor-version":[{"id":1945,"href":"https:\/\/www.confederaciondelcobre.cl\/index.php\/wp-json\/wp\/v2\/posts\/1939\/revisions\/1945"}],"wp:featuredmedia":[{"embeddable":true,"href":"https:\/\/www.confederaciondelcobre.cl\/index.php\/wp-json\/wp\/v2\/media\/1940"}],"wp:attachment":[{"href":"https:\/\/www.confederaciondelcobre.cl\/index.php\/wp-json\/wp\/v2\/media?parent=1939"}],"wp:term":[{"taxonomy":"category","embeddable":true,"href":"https:\/\/www.confederaciondelcobre.cl\/index.php\/wp-json\/wp\/v2\/categories?post=1939"},{"taxonomy":"post_tag","embeddable":true,"href":"https:\/\/www.confederaciondelcobre.cl\/index.php\/wp-json\/wp\/v2\/tags?post=1939"}],"curies":[{"name":"wp","href":"https:\/\/api.w.org\/{rel}","templated":true}]}}