{"id":194,"date":"2019-04-30T16:54:00","date_gmt":"2019-04-30T16:54:00","guid":{"rendered":"http:\/\/www.ctc2018.cl\/?p=194"},"modified":"2020-04-27T00:23:00","modified_gmt":"2020-04-27T00:23:00","slug":"estudia-pedagogia-gratis-en-la-usach-un-programa-de-estudios-que-se-extiende-para-la-familia-de-los-afiliados-a-la-ctc","status":"publish","type":"post","link":"https:\/\/www.confederaciondelcobre.cl\/index.php\/2019\/04\/30\/estudia-pedagogia-gratis-en-la-usach-un-programa-de-estudios-que-se-extiende-para-la-familia-de-los-afiliados-a-la-ctc\/","title":{"rendered":"Estudia pedagog\u00eda gratis en la USACH: un programa de estudios que se extiende para la familia de los afiliados a la CTC."},"content":{"rendered":"\n<p>La Universidad de Santiago de Chile (USACH) esta llevando a cabo un programa de estudios llamado \u201cVocaci\u00f3n Pedag\u00f3gica Temprana\u201d (VPT),&nbsp;<strong>para estudiantes que se encuentren&nbsp;cursando tercer a\u00f1o medio y que est\u00e9n interesados en estudiar cualquiera de las pedagog\u00edas que se imparten en dicha casa de estudios<\/strong>. Es en esa l\u00ednea, entonces, que&nbsp;<strong>este a\u00f1o la USACH ha extendido su programa VPT a la Confederaci\u00f3n de Trabajadores del Cobre (CTC), ofreciendo diez cupos para familiares de trabajadores contratistas y subcontratistas que se encuentren afiliados a la CTC<\/strong>. Cabe se\u00f1alar que el programa contempla dos ciclos (tercer y cuarto a\u00f1o medio) y que, de ser aprobados,&nbsp;<strong>permitir\u00e1 a los estudiantes que postulen obtener el beneficio de matr\u00edculas y aranceles liberados de pago.<\/strong><\/p>\n\n\n\n<ul class=\"wp-block-list\"><li>El programa VPT implica el desarrollo de habilidades acad\u00e9micas y de liderazgo durante dos a\u00f1os, en jornadas formativas (10 anuales), que se realizar\u00e1n en dependencias de la universidad.<\/li><li>Los estudiantes que postulen pueden provenir tanto de la educaci\u00f3n cient\u00edfico humanista como de la t\u00e9cnico profesional.<\/li><li><strong>Para ver m\u00e1s requisitos y postular<\/strong>&nbsp;puedes hacerlo ingresando al sitio Educadores Libres de la USACH haciendo&nbsp;<a href=\"https:\/\/educadoreslideres.usach.cl\/\">click aqu\u00ed<\/a>.<\/li><li>Para solicitar tu&nbsp;<strong>carta de patrocinio y referencia por parte de la CTC, requisito indispensable para optar a uno de los diez cupos se\u00f1alados,&nbsp;<\/strong>escr\u00edbenos a&nbsp;contacto@confecobre.cl<\/li><li><strong>Las postulaciones son hasta las 17:00 horas del mi\u00e9rcoles 31 de mayo de 2019.<\/strong><\/li><\/ul>\n\n\n\n<p><strong>Manuel Ahumada Letelier, presidente de la Confederaci\u00f3n de Trabajadores del Cobre, junto con valorar enormemente el programa de estudios que esta vez la Universidad de Santiago de Chile ha extendido a nuestra organizaci\u00f3n, se\u00f1al\u00f3 que la convicci\u00f3n y compromiso de continuar con los esfuerzos de acercar cada vez m\u00e1s y mejores oportunidades para los trabajadores y sus familias se mantienen.&nbsp;<\/strong>Es por ello que con esta importante noticia, finalmente,<strong>&nbsp;hizo un llamado a difundir esta oportunidad entre todos quienes puedan interesarse y que tengan vocaci\u00f3n por el aprendizaje y la ense\u00f1anza<\/strong><strong>.<\/strong><\/p>\n","protected":false},"excerpt":{"rendered":"<p>La Universidad de Santiago de Chile (USACH) esta llevando a cabo un programa de estudios llamado \u201cVocaci\u00f3n Pedag\u00f3gica Temprana\u201d (VPT),&nbsp;para estudiantes que se encuentren&nbsp;cursando tercer a\u00f1o medio y que est\u00e9n &hellip; <\/p>\n","protected":false},"author":2,"featured_media":196,"comment_status":"open","ping_status":"open","sticky":false,"template":"","format":"standard","meta":{"jetpack_post_was_ever_published":false,"_jetpack_newsletter_access":"","_jetpack_dont_email_post_to_subs":false,"_jetpack_newsletter_tier_id":0,"_jetpack_memberships_contains_paywalled_content":false,"_jetpack_memberships_contains_paid_content":false,"footnotes":"","jetpack_publicize_message":"","jetpack_publicize_feature_enabled":true,"jetpack_social_post_already_shared":false,"jetpack_social_options":{"image_generator_settings":{"template":"highway","default_image_id":0,"enabled":false},"version":2}},"categories":[9,21,15,19],"tags":[],"class_list":["post-194","post","type-post","status-publish","format-standard","has-post-thumbnail","hentry","category-confederacion","category-federaciones","category-nacional","category-trabajadores"],"jetpack_publicize_connections":[],"jetpack_featured_media_url":"https:\/\/www.confederaciondelcobre.cl\/wp-content\/uploads\/2019\/11\/VPTUSACH.jpg","jetpack_sharing_enabled":true,"post_mailing_queue_ids":[],"_links":{"self":[{"href":"https:\/\/www.confederaciondelcobre.cl\/index.php\/wp-json\/wp\/v2\/posts\/194","targetHints":{"allow":["GET"]}}],"collection":[{"href":"https:\/\/www.confederaciondelcobre.cl\/index.php\/wp-json\/wp\/v2\/posts"}],"about":[{"href":"https:\/\/www.confederaciondelcobre.cl\/index.php\/wp-json\/wp\/v2\/types\/post"}],"author":[{"embeddable":true,"href":"https:\/\/www.confederaciondelcobre.cl\/index.php\/wp-json\/wp\/v2\/users\/2"}],"replies":[{"embeddable":true,"href":"https:\/\/www.confederaciondelcobre.cl\/index.php\/wp-json\/wp\/v2\/comments?post=194"}],"version-history":[{"count":1,"href":"https:\/\/www.confederaciondelcobre.cl\/index.php\/wp-json\/wp\/v2\/posts\/194\/revisions"}],"predecessor-version":[{"id":195,"href":"https:\/\/www.confederaciondelcobre.cl\/index.php\/wp-json\/wp\/v2\/posts\/194\/revisions\/195"}],"wp:featuredmedia":[{"embeddable":true,"href":"https:\/\/www.confederaciondelcobre.cl\/index.php\/wp-json\/wp\/v2\/media\/196"}],"wp:attachment":[{"href":"https:\/\/www.confederaciondelcobre.cl\/index.php\/wp-json\/wp\/v2\/media?parent=194"}],"wp:term":[{"taxonomy":"category","embeddable":true,"href":"https:\/\/www.confederaciondelcobre.cl\/index.php\/wp-json\/wp\/v2\/categories?post=194"},{"taxonomy":"post_tag","embeddable":true,"href":"https:\/\/www.confederaciondelcobre.cl\/index.php\/wp-json\/wp\/v2\/tags?post=194"}],"curies":[{"name":"wp","href":"https:\/\/api.w.org\/{rel}","templated":true}]}}