{"id":1946,"date":"2021-08-11T23:29:50","date_gmt":"2021-08-11T23:29:50","guid":{"rendered":"https:\/\/www.confederaciondelcobre.cl\/?p=1946"},"modified":"2021-08-11T23:29:51","modified_gmt":"2021-08-11T23:29:51","slug":"declaracionctc-sobre-el-proyecto-minero-portuario-dominga","status":"publish","type":"post","link":"https:\/\/www.confederaciondelcobre.cl\/index.php\/2021\/08\/11\/declaracionctc-sobre-el-proyecto-minero-portuario-dominga\/","title":{"rendered":"#Declaraci\u00f3nCTC: sobre el Proyecto Minero-Portuario Dominga."},"content":{"rendered":"\n<p class=\"has-text-align-center\"><strong>SOBRE EL PROYECTO MINERO-PORTUARIO \u201cDOMINGA\u201d<\/strong><\/p>\n\n\n\n<p>Respecto a la reciente aprobaci\u00f3n del Proyecto Minero-Portuario Dominga, por 11 votos a favor y s\u00f3lo uno en contra en la Comisi\u00f3n de Evaluaci\u00f3n Ambiental de la Regi\u00f3n de Coquimbo, para la Confederaci\u00f3n de Trabajadores del Cobre nos resulta un deber expresar a la opini\u00f3n p\u00fablica <strong>nuestro m\u00e1s categ\u00f3rico rechazo<\/strong>. Nuevamente el gobierno de Sebasti\u00e1n Pi\u00f1era, que sin duda instruy\u00f3 a los Seremis para votar en favor del proyecto, hace caso omiso de la opini\u00f3n de la comunidad que lleva a\u00f1os resisti\u00e9ndose a su ejecuci\u00f3n, que atenta de manera criminal en contra el medioambiente, y porque inevitablemente dar\u00e1 origen a una nueva zona de sacrificio en nuestro pa\u00eds. La coincidencia de todos los seremis deja en evidencia, adem\u00e1s, que se trata de una maniobra concertada, claramente dirigida a dejar amarrado el proyecto antes de que se establezca la nueva Constituci\u00f3n y, por cierto, antes de que sean elegidos y asuman las y los nuevos Parlamentarios y pr\u00f3ximo Presidente de la Rep\u00fablica.<\/p>\n\n\n\n<p>Detr\u00e1s de la aprobaci\u00f3n de este proyecto est\u00e1, adem\u00e1s, y sin duda alguna, la presi\u00f3n de los grandes consorcios privados nacionales y transnacionales para proteger y aumentar sus intereses en perjuicio no s\u00f3lo de la poblaci\u00f3n de la regi\u00f3n, sino del pueblo chileno en su conjunto, justamente cuando el gran debate del momento es, precisamente, la erradicaci\u00f3n del neoliberalismo y la forma de Estado subsidiario, para iniciar la construcci\u00f3n de un Estado con plena soberan\u00eda sobre los bienes comunes estrat\u00e9gicos.<\/p>\n\n\n\n<p>La decisi\u00f3n final queda ahora en manos de la Corte Suprema, y como organizaci\u00f3n nacional de las y los trabajadores de la miner\u00eda estaremos atentos y alertas, para ver si a ese alto nivel definitivamente prima la raz\u00f3n y la cordura, o se impone, una vez m\u00e1s, el inter\u00e9s de quienes llevan d\u00e9cadas depredando no s\u00f3lo nuestros recursos naturales, sino, sobre todo, los derechos esenciales de todas las personas.<\/p>\n\n\n\n<p class=\"has-text-align-center\"><strong>CONFEDERACI\u00d3N DE TRABAJADORES DEL COBRE<\/strong><\/p>\n\n\n\n<p class=\"has-text-align-right\">Chile, 11 de agosto de 2021.<\/p>\n\n\n\n<figure class=\"wp-block-image size-large\"><img loading=\"lazy\" decoding=\"async\" width=\"651\" height=\"1024\" src=\"https:\/\/www.confederaciondelcobre.cl\/wp-content\/uploads\/2021\/08\/DecDominga11082021-651x1024.png\" alt=\"\" class=\"wp-image-1947\" srcset=\"https:\/\/www.confederaciondelcobre.cl\/wp-content\/uploads\/2021\/08\/DecDominga11082021-651x1024.png 651w, https:\/\/www.confederaciondelcobre.cl\/wp-content\/uploads\/2021\/08\/DecDominga11082021-191x300.png 191w, https:\/\/www.confederaciondelcobre.cl\/wp-content\/uploads\/2021\/08\/DecDominga11082021-768x1209.png 768w, https:\/\/www.confederaciondelcobre.cl\/wp-content\/uploads\/2021\/08\/DecDominga11082021-976x1536.png 976w, https:\/\/www.confederaciondelcobre.cl\/wp-content\/uploads\/2021\/08\/DecDominga11082021.png 1301w\" sizes=\"auto, (max-width: 651px) 100vw, 651px\" \/><\/figure>\n","protected":false},"excerpt":{"rendered":"<p>SOBRE EL PROYECTO MINERO-PORTUARIO \u201cDOMINGA\u201d Respecto a la reciente aprobaci\u00f3n del Proyecto Minero-Portuario Dominga, por 11 votos a favor y s\u00f3lo uno en contra en la Comisi\u00f3n de Evaluaci\u00f3n Ambiental &hellip; <\/p>\n","protected":false},"author":2,"featured_media":1948,"comment_status":"closed","ping_status":"closed","sticky":false,"template":"","format":"standard","meta":{"jetpack_post_was_ever_published":false,"_jetpack_newsletter_access":"","_jetpack_dont_email_post_to_subs":false,"_jetpack_newsletter_tier_id":0,"_jetpack_memberships_contains_paywalled_content":false,"_jetpack_memberships_contains_paid_content":false,"footnotes":"","jetpack_publicize_message":"","jetpack_publicize_feature_enabled":true,"jetpack_social_post_already_shared":false,"jetpack_social_options":{"image_generator_settings":{"template":"highway","default_image_id":0,"enabled":false},"version":2}},"categories":[8,9,14,15,17],"tags":[],"class_list":["post-1946","post","type-post","status-publish","format-standard","has-post-thumbnail","hentry","category-comunicado","category-confederacion","category-movimientos-sociales","category-nacional","category-regiones"],"jetpack_publicize_connections":[],"jetpack_featured_media_url":"https:\/\/www.confederaciondelcobre.cl\/wp-content\/uploads\/2021\/08\/PortDecDom.jpg","jetpack_sharing_enabled":true,"post_mailing_queue_ids":[],"_links":{"self":[{"href":"https:\/\/www.confederaciondelcobre.cl\/index.php\/wp-json\/wp\/v2\/posts\/1946","targetHints":{"allow":["GET"]}}],"collection":[{"href":"https:\/\/www.confederaciondelcobre.cl\/index.php\/wp-json\/wp\/v2\/posts"}],"about":[{"href":"https:\/\/www.confederaciondelcobre.cl\/index.php\/wp-json\/wp\/v2\/types\/post"}],"author":[{"embeddable":true,"href":"https:\/\/www.confederaciondelcobre.cl\/index.php\/wp-json\/wp\/v2\/users\/2"}],"replies":[{"embeddable":true,"href":"https:\/\/www.confederaciondelcobre.cl\/index.php\/wp-json\/wp\/v2\/comments?post=1946"}],"version-history":[{"count":1,"href":"https:\/\/www.confederaciondelcobre.cl\/index.php\/wp-json\/wp\/v2\/posts\/1946\/revisions"}],"predecessor-version":[{"id":1949,"href":"https:\/\/www.confederaciondelcobre.cl\/index.php\/wp-json\/wp\/v2\/posts\/1946\/revisions\/1949"}],"wp:featuredmedia":[{"embeddable":true,"href":"https:\/\/www.confederaciondelcobre.cl\/index.php\/wp-json\/wp\/v2\/media\/1948"}],"wp:attachment":[{"href":"https:\/\/www.confederaciondelcobre.cl\/index.php\/wp-json\/wp\/v2\/media?parent=1946"}],"wp:term":[{"taxonomy":"category","embeddable":true,"href":"https:\/\/www.confederaciondelcobre.cl\/index.php\/wp-json\/wp\/v2\/categories?post=1946"},{"taxonomy":"post_tag","embeddable":true,"href":"https:\/\/www.confederaciondelcobre.cl\/index.php\/wp-json\/wp\/v2\/tags?post=1946"}],"curies":[{"name":"wp","href":"https:\/\/api.w.org\/{rel}","templated":true}]}}