{"id":1951,"date":"2021-08-25T16:12:20","date_gmt":"2021-08-25T16:12:20","guid":{"rendered":"https:\/\/www.confederaciondelcobre.cl\/?p=1951"},"modified":"2021-08-25T16:12:21","modified_gmt":"2021-08-25T16:12:21","slug":"video-ctc-nuevamente-expuso-en-la-convencion-constitucional-esta-vez-en-la-comision-de-ddhh","status":"publish","type":"post","link":"https:\/\/www.confederaciondelcobre.cl\/index.php\/2021\/08\/25\/video-ctc-nuevamente-expuso-en-la-convencion-constitucional-esta-vez-en-la-comision-de-ddhh\/","title":{"rendered":"[video] CTC nuevamente expuso en la Convenci\u00f3n Constitucional, esta vez en la Comisi\u00f3n de DDHH."},"content":{"rendered":"\n<p>Alrededor de las 13:00 horas del lunes 23 de agosto, la Confederaci\u00f3n de Trabajadores del Cobre (CTC) expuso en la &#8220;Comisi\u00f3n de Derechos Humanos, Verdad Hist\u00f3rica, Bases para la Justicia, Reparaci\u00f3n y Garant\u00edas de No Repetici\u00f3n&#8221;, de la Convenci\u00f3n Constitucional. A la instancia concurrieron las y los Directores Nacionales de la CTC, Ana Lamas Aguirre, Stephanie Gonz\u00e1lez Ch\u00e1vez, Patricio Roco Bucarey y Miguel Santana Hidalgo quien tuvo a su cargo la exposici\u00f3n por parte de la organizaci\u00f3n. En su alocuci\u00f3n, el dirigente hizo un repaso por las hist\u00f3ricas violaciones a los Derechos Humanos de las que han sido v\u00edctima el pueblo y las y los trabajadores de Chile, incluyendo aquellas m\u00e1s recientes, como los casos de Rodrigo Cisternas, obrero forestal, y Nelson Quichillao, minero (socio de la CTC), asesinados por las fuerzas represivas en 2007 y 2015, respectivamente, y otros, muertos en circunstancias no suficientemente investigadas, como son los casos de los dirigentes Juan Pablo Jim\u00e9nez en 2013 y Alejandro Castro y Alex Mu\u00f1oz en 2018. Tambi\u00e9n hizo menci\u00f3n de los casos y acontecimientos ocurridos post estallido o revuelta social a partir de octubre de 2019 que incluyen cientos de heridos con da\u00f1os oculares irreversibles por perdigones y balas, golpizas, violaciones, torturas, muertes y prisi\u00f3n pol\u00edtica, indicando que &#8220;Como trabajadores de la miner\u00eda creemos que, en el objetivo de cambiar de ra\u00edz las l\u00f3gicas sist\u00e9micas actuales, y avanzar en la construcci\u00f3n de una sociedad respetuosa de los Derechos Humanos, tales episodios son elementos de juicio hist\u00f3rico que deben tener muy presentes los convencionales a la hora de establecer los principios que regir\u00e1n la nueva Carta Fundamental&#8221;.<\/p>\n\n\n\n<figure class=\"wp-block-image size-large\"><img loading=\"lazy\" decoding=\"async\" width=\"800\" height=\"533\" src=\"https:\/\/www.confederaciondelcobre.cl\/wp-content\/uploads\/2021\/08\/IMG_8666.jpg\" alt=\"\" class=\"wp-image-1959\" srcset=\"https:\/\/www.confederaciondelcobre.cl\/wp-content\/uploads\/2021\/08\/IMG_8666.jpg 800w, https:\/\/www.confederaciondelcobre.cl\/wp-content\/uploads\/2021\/08\/IMG_8666-300x200.jpg 300w, https:\/\/www.confederaciondelcobre.cl\/wp-content\/uploads\/2021\/08\/IMG_8666-768x512.jpg 768w\" sizes=\"auto, (max-width: 800px) 100vw, 800px\" \/><\/figure>\n\n\n\n<p>Especial hincapi\u00e9 se hizo sobre la vulneraci\u00f3n de los Derechos Humanos en el mundo minero, \u00e1rea en donde se dan en m\u00faltiples formas. Al respecto se\u00f1al\u00f3 que &#8220;el subcontrato, por su misma naturaleza de empleo precarizado, con sus caracter\u00edsticas de escasa seguridad, de alta accidentabilidad, de nula estabilidad laboral, de dif\u00edciles condiciones para la sindicalizaci\u00f3n, de grandes desigualdades en relaci\u00f3n al personal de planta, y, en s\u00edntesis, de distanciamiento total de las condiciones que exige el concepto de Trabajo Decente, es, sin duda, una forma legal de atropello a los Derechos Humanos establecidos en el Art\u00edculo 23 de la Declaraci\u00f3n Universal&#8221;, destacando, particularmente, &#8220;el n\u00famero 2 del citado art\u00edculo que versa \u201cToda persona tiene derecho, sin discriminaci\u00f3n alguna, a igual salario por trabajo igual\u201d y el n\u00famero 4. \u201cToda persona tiene derecho a fundar sindicatos y a sindicarse para la defensa de sus intereses\u201d y, por extensi\u00f3n, la huelga, que en nuestro actual ordenamiento se encuentra prohibido para el 70% de los trabajadores de la miner\u00eda&#8221;.<\/p>\n\n\n\n<figure class=\"wp-block-image size-large\"><img loading=\"lazy\" decoding=\"async\" width=\"800\" height=\"533\" src=\"https:\/\/www.confederaciondelcobre.cl\/wp-content\/uploads\/2021\/08\/IMG_8675.jpg\" alt=\"\" class=\"wp-image-1960\" srcset=\"https:\/\/www.confederaciondelcobre.cl\/wp-content\/uploads\/2021\/08\/IMG_8675.jpg 800w, https:\/\/www.confederaciondelcobre.cl\/wp-content\/uploads\/2021\/08\/IMG_8675-300x200.jpg 300w, https:\/\/www.confederaciondelcobre.cl\/wp-content\/uploads\/2021\/08\/IMG_8675-768x512.jpg 768w\" sizes=\"auto, (max-width: 800px) 100vw, 800px\" \/><\/figure>\n\n\n\n<p>Otro de los puntos importantes en la intervenci\u00f3n dice relaci\u00f3n con &#8220;la importancia de terminar con dos grandes vulneraciones a los Derechos, la del Art\u00edculo 21 de la Declaraci\u00f3n, que dice: \u201c1. Toda persona tiene derecho a participar en el gobierno de su pa\u00eds, directamente o por medio de representantes libremente escogidos. 2. Toda persona tiene el derecho de acceso, en condiciones de igualdad, a las funciones p\u00fablicas de su pa\u00eds.\u201d Sin embargo, a nuestro pesar, actualmente existe prohibici\u00f3n para que dirigentes sociales, vecinales y, por supuesto, sindicales, puedan hacer valer este derecho; y la del Art\u00edculo 7 \u201cTodos son iguales ante la ley y tienen, sin distinci\u00f3n, derecho a igual protecci\u00f3n de la ley.\u201d Toda vez que no se condice este derecho con el trato favorecido que reciben criminales de Lesa Humanidad en c\u00e1rceles de lujo como Punta Peuco o los delincuentes de cuello y corbata reclu\u00eddos en anexos especiales como Capit\u00e1n Y\u00e1ver&#8221;.<\/p>\n\n\n\n<figure class=\"wp-block-image size-large\"><img loading=\"lazy\" decoding=\"async\" width=\"800\" height=\"533\" src=\"https:\/\/www.confederaciondelcobre.cl\/wp-content\/uploads\/2021\/08\/IMG_8681.jpg\" alt=\"\" class=\"wp-image-1961\" srcset=\"https:\/\/www.confederaciondelcobre.cl\/wp-content\/uploads\/2021\/08\/IMG_8681.jpg 800w, https:\/\/www.confederaciondelcobre.cl\/wp-content\/uploads\/2021\/08\/IMG_8681-300x200.jpg 300w, https:\/\/www.confederaciondelcobre.cl\/wp-content\/uploads\/2021\/08\/IMG_8681-768x512.jpg 768w\" sizes=\"auto, (max-width: 800px) 100vw, 800px\" \/><\/figure>\n\n\n\n<p>Para cerrar, Miguel Santana, Director Nacional de la Confederaci\u00f3n de Trabajadores del Cobre, indic\u00f3 que &#8220;Los trabajadores subcontratados del cobre tenemos puestas nuestra confianza y nuestras esperanzas en esta hist\u00f3rica Convenci\u00f3n Constitucional elegida por el pueblo. Esperamos que la inteligencia y la sensibilidad colectiva que aqu\u00ed se ha generado d\u00e9 como resultado una Constituci\u00f3n que nos abra camino hacia la construcci\u00f3n de un Estado Plurinacional y Pluricultural, que supere su actual car\u00e1cter Subsidiario, que replantee, reestructure y democratice las Fuerzas Armadas y Carabineros, que erradique definitivamente no s\u00f3lo las pol\u00edticas y mecanismos represivos, sino tambi\u00e9n la vergonzosa corrupci\u00f3n al interior de las Fuerzas Armadas y de Orden, que asegure y garantice el pleno respeto a los Derechos Humanos fundamentales como son la Salud, la Educaci\u00f3n, la Previsi\u00f3n Social, la Vivienda, el Trabajo, y que permita avanzar en la renacionalizaci\u00f3n del cobre, el litio, el agua y los bienes comunes estrat\u00e9gicos, que hoy d\u00eda, por obra y gracia de la dictadura militar y los gobiernos posteriores, son objeto de lucro de empresas privadas, mayoritariamente extranjeras&#8221;, finaliz\u00f3.<\/p>\n\n\n\n<figure class=\"wp-block-image size-large\"><img loading=\"lazy\" decoding=\"async\" width=\"800\" height=\"533\" src=\"https:\/\/www.confederaciondelcobre.cl\/wp-content\/uploads\/2021\/08\/IMG_8698.jpg\" alt=\"\" class=\"wp-image-1962\" srcset=\"https:\/\/www.confederaciondelcobre.cl\/wp-content\/uploads\/2021\/08\/IMG_8698.jpg 800w, https:\/\/www.confederaciondelcobre.cl\/wp-content\/uploads\/2021\/08\/IMG_8698-300x200.jpg 300w, https:\/\/www.confederaciondelcobre.cl\/wp-content\/uploads\/2021\/08\/IMG_8698-768x512.jpg 768w\" sizes=\"auto, (max-width: 800px) 100vw, 800px\" \/><\/figure>\n\n\n\n<ul class=\"wp-block-list\"><li>A continuaci\u00f3n dejamos video y transcripci\u00f3n integra de la intervenci\u00f3n, por parte de la Confederaci\u00f3n de Trabajadores del Cobre, en la sesi\u00f3n del d\u00eda 23 de agosto de 2021 de la &#8220;Comisi\u00f3n de Derechos Humanos, Verdad Hist\u00f3rica, Bases para la Justicia, Reparaci\u00f3n y Garant\u00edas de No Repetici\u00f3n&#8221;, de la Convenci\u00f3n Constitucional.<\/li><\/ul>\n\n\n\n<figure class=\"wp-block-embed is-type-video is-provider-youtube wp-block-embed-youtube wp-embed-aspect-16-9 wp-has-aspect-ratio\"><div class=\"wp-block-embed__wrapper\">\n<div class=\"jetpack-video-wrapper\"><iframe loading=\"lazy\" title=\"Subcomisi\u00f3n DD HH Marco General de DD.HH, Ambientales y de la Naturaleza - Lunes 23 de Agosto 2021\" width=\"735\" height=\"413\" src=\"https:\/\/www.youtube.com\/embed\/K1pPOjLXlX8?start=10801&#038;feature=oembed\" frameborder=\"0\" allow=\"accelerometer; autoplay; clipboard-write; encrypted-media; gyroscope; picture-in-picture\" allowfullscreen><\/iframe><\/div>\n<\/div><\/figure>\n\n\n\n<p class=\"has-text-align-center\"><strong>INTERVENCI\u00d3N DE LA CONFEDERACI\u00d3N DE TRABAJADORES DEL COBRE EN LA COMISI\u00d3N DE DERECHOS HUMANOS, VERDAD HIST\u00d3RICA, BASES PARA LA JUSTICIA, REPARACI\u00d3N Y GARANT\u00cdAS DE NO REPETICI\u00d3N, DE LA CONVENCI\u00d3N CONSTITUCIONAL<\/strong>.<\/p>\n\n\n\n<p>Como Confederaci\u00f3n de Trabajadores del Cobre, organizaci\u00f3n nacional de los trabajadores y trabajadoras principalmente de empresas contratistas de la gran miner\u00eda del cobre, entregamos nuestro cordial y fraternal saludo a las y los miembros de esta Comisi\u00f3n de Derechos Humanos de la Convenci\u00f3n Constitucional.<\/p>\n\n\n\n<p>Como es de conocimiento de ustedes, las y los trabajadores de la miner\u00eda tenemos una larga Historia de luchas por nuestros derechos laborales, sociales, pol\u00edticos y culturales. Una Historia que tiene sus or\u00edgenes en los primeros a\u00f1os del siglo pasado y que, en sus inicios, est\u00e1 vinculada a las condiciones de explotaci\u00f3n sobrehumana a las que eran sometidos los trabajadores de las oficinas salitreras, y donde el Estado, si alguna intervenci\u00f3n ten\u00eda, era para proteger, a todo trance, los intereses econ\u00f3micos de los capitalistas extranjeros. All\u00ed, para los trabajadores, los Derechos Humanos simplemente no exist\u00edan, y de ello dan cuenta las m\u00faltiples masacres que se perpetraron contra los obreros que tuvieron la osad\u00eda de levantar su voz contra las injusticias. Episodios como los de La Coru\u00f1a, Marusia y la Escuela Santa Mar\u00eda de Iquique, por nombrar s\u00f3lo algunos, son parte de una Historia de represi\u00f3n estatal criminal que, a\u00fan al d\u00eda de hoy, no est\u00e1 lo suficientemente reconocida ni menos reivindicada, y donde la impunidad es un vergonzoso com\u00fan denominador. Sucesos de la Historia reciente en el \u00e1mbito minero, como la masacre del El Salvador de marzo de 1966, los innumerables cr\u00edmenes de la dictadura en las zonas mineras, y el asesinato de nuestro compa\u00f1ero Nelson Quichillao en julio de 2015, a\u00fan est\u00e1n frescos en la memoria del mundo minero, y constituyen casos palpables de impunidad y denegaci\u00f3n de justicia.<\/p>\n\n\n\n<p>Sepan ustedes tambi\u00e9n que la vulneraci\u00f3n de los Derechos Humanos, en el mundo minero, se da en m\u00faltiples formas. Somos trabajadoras y trabajadores subcontratados, y el subcontrato, por su misma naturaleza de empleo precarizado, con sus caracter\u00edsticas de escasa seguridad, de alta accidentabilidad, de nula estabilidad laboral, de dif\u00edciles condiciones para la sindicalizaci\u00f3n, de grandes desigualdades en relaci\u00f3n al personal de planta, y, en s\u00edntesis, de distanciamiento total de las condiciones que exige el concepto de Trabajo Decente, es, sin duda, una forma legal de atropello a los Derechos Humanos establecidos en el Art\u00edculo 23 de la Declaraci\u00f3n Universal, y destacamos especialmente el n\u00famero 2 del citado art\u00edculo que versa \u201cToda persona tiene derecho, sin discriminaci\u00f3n alguna, a igual salario por trabajo igual\u201d y el n\u00famero 4. \u201cToda persona tiene derecho a fundar sindicatos y a sindicarse para la defensa de sus intereses\u201d y, por extensi\u00f3n, la huelga, que en nuestro actual ordenamiento se encuentra prohibido para el 70% de los trabajadores de la miner\u00eda.<\/p>\n\n\n\n<p>Pero la represi\u00f3n criminal contra los trabajadores y trabajadoras no es Historia pasada ni menos olvidada. En ese sentido, la Convenci\u00f3n Constitucional, que es producto, precisamente, de las luchas del pueblo, deber\u00e1 tener muy en cuenta que, en el Chile de hoy, los atropellos a los Derechos Humanos, la persecuci\u00f3n de trabajadoras y trabajadores, de dirigentes sociales, sindicales, estudiantiles y de los pueblos originarios, siguen siendo mecanismos estructurales y sistem\u00e1ticos del modelo econ\u00f3mico capitalista neoliberal y del sistema institucional que lo sustenta.<\/p>\n\n\n\n<p>Con esto, queremos dejar establecido que el Estado de Chile ha sido y es culpable de numerosos cr\u00edmenes de Lesa Humanidad, que se han traducido en masacres perpetradas bajo distintas administraciones de gobierno, a mano militar y policial armada, y apoyado en no pocas ocasiones por fuerzas irregulares de extrema derecha, o \u201cguardias blancas\u201d. No se trata de nuestra opini\u00f3n particular, es importante se\u00f1alarlo, sino de episodios reales de trabajadoras y trabajadores asesinados, registrados y verificados por la Historia.<\/p>\n\n\n\n<p>Como trabajadores de la miner\u00eda creemos que, en el objetivo de cambiar de ra\u00edz las l\u00f3gicas sist\u00e9micas actuales, y avanzar en la construcci\u00f3n de una sociedad respetuosa de los Derechos Humanos, tales episodios son elementos de juicio hist\u00f3rico que deben tener muy presentes los convencionales a la hora de establecer los principios que regir\u00e1n la nueva Carta Fundamental.<\/p>\n\n\n\n<p>Por lo mismo, no podemos dejar de mencionar, aunque someramente, algunos de esos episodios: Gobierno de Germ\u00e1n Riesco (1901 a 1906):<\/p>\n\n\n\n<ul class=\"wp-block-list\"><li>Decenas de trabajadores asesinados, entre ellos obreros portuarios, del carb\u00f3n y de la pampa salitrera.<\/li><li>Gobierno de Pedro Montt (1906 a 1910): Trabajadores y sus familias masacrados en la Escuela Santa Mar\u00eda de Iquique en 1907.<\/li><li>Gobierno de Juan Luis Sanfuentes (1915 a 1920): Asesinato de obreros de Punta Arenas, Puerto Natales y Lota.<\/li><li>Primer Gobierno de Arturo Alessandri Palma (1920 a 1925): Persecuci\u00f3n y asesinato de mineros del carb\u00f3n de Curanilahue, de trabajadores cesantes y huelguistas en protesta, de campesinos de Petorca y de cientos de obreros pampinos de las oficinas salitreras San Gregorio y La Coru\u00f1a.<\/li><li>Gobierno de Juan Esteban Montero (1931 a 1932): Asesinato y represi\u00f3n de decenas de dirigentes sindicales y pol\u00edticos en la ciudad de Vallenar.<\/li><li>Segundo Gobierno de Arturo Alessandri Palma (1932 a 1938): Muerte y represi\u00f3n de obreros municipales en huelga en el local de la Federaci\u00f3n Obrera de Chile (FOCH), de campesinos de Ranquil, Alto Bio, de obreros ferroviarios en huelga y de decenas de j\u00f3venes en el edificio del Seguro Obrero.<\/li><li>Gobierno de Juan Antonio R\u00edos (1942 a 1946): Asesinato de campesinos de Purranque (Osorno), de comuneros de Ovalle y de mineros del carb\u00f3n de Lota.<\/li><li>Vicepresidencia de Alfredo Duhalde (enero a noviembre de 1946): Asesinato de manifestantes en Plaza Bulnes, de trabajadores mapuche de Painiahue en la provincia de Caut\u00edn, y de campesinos de la localidad de Fresia en Puerto Varas.<\/li><li>Gobierno de Gabriel Gonz\u00e1lez Videla (1946 a 1952): Represi\u00f3n contra choferes y cobradores de micro en huelga en Santiago, muerte de varios manifestantes en distintos sectores de Santiago, y de obreros de la Compa\u00f1\u00eda Refiner\u00eda de Az\u00facar de Vi\u00f1a del Mar.<\/li><li>Segundo Gobierno de Carlos Ib\u00e1\u00f1ez del Campo (1952 a 1958): Asesinato de obreros de la oficina salitrera Pedro de Valdivia, y de trabajadores y estudiantes en protesta en Valpara\u00edso y Santiago.<\/li><li>Gobierno de Jorge Alessandri Rodr\u00edguez (1958 a 1964): Asesinato de obreros de Industria Madeco en su sede sindical, de manifestantes de la CUT en el centro de Santiago, y de pobladores de la poblaci\u00f3n Jos\u00e9 Mar\u00eda Caro.<\/li><li>Gobierno de Eduardo Frei Montalva (1964 a 1970): Asesinato y represi\u00f3n contra campesinos del fundo Los Cristales de Curic\u00f3, de obreros del Mineral El Salvador, de manifestantes de la CUT en Santiago, de pobladores de Arica, de Rancagua y de Pampa Irigoin de Puerto Montt, de manifestantes en la comuna de San Miguel, de estudiantes de Puente Alto, de estudiantes de Copiap\u00f3 y de manifestantes de la CUT en Plaza Tropez\u00f3n de Quinta Normal.<\/li><li>Dictadura de Pinochet (1973 a 1990): Asesinato, tortura y desaparecimiento de miles de trabajadores y trabajadoras, dirigentes sociales y sindicales, estudiantes y pobladores. En este aspecto espec\u00edfico, los trabajadores del cobre no podemos dejar de manifestar nuestro estupor ante el hecho de que, a la vuelta de varias d\u00e9cadas, un funcionario de la dictadura como es el se\u00f1or Jorge Arancibia, edec\u00e1n del propio dictador, y en consecuencia c\u00f3mplice de sus cr\u00edmenes, sea miembro, ni m\u00e1s ni menos, que de la Comisi\u00f3n de Derechos Humanos de la Convenci\u00f3n Constitucional. El hecho es, por decir lo menos, una cruel bofetada en la cara del pueblo.<\/li><li>Pero en los a\u00f1os y gobiernos posteriores a la dictadura, precisamente en la etapa en que los chilenos y chilenas, las organizaciones estudiantiles, sociales, sindicales y de Derechos Humanos, demand\u00e1bamos verdad, justicia y reparaci\u00f3n en un proceso de conquista y construcci\u00f3n de una verdadera democracia, tampoco han faltado los atropellos a los Derechos Humanos y los cr\u00edmenes de Lesa Humanidad. De ello dan cuenta los m\u00faltiples casos de trabajadores y trabajadoras asesinados en el marco de leg\u00edtimas protestas. Por mencionar s\u00f3lo algunos, los casos de Rodrigo Cisternas, obrero forestal, y Nelson Quichillao, minero, asesinados por las fuerzas represivas en 2007 y 2015, respectivamente. Otros, muertos en circunstancias no suficientemente investigadas, como son los casos de los dirigentes Juan Pablo Jim\u00e9nez en 2013 y Alejandro Castro y Alex Mu\u00f1oz en 2018. En ese mismo escenario, la represi\u00f3n estatal contra el pueblo mapuche y sus dirigentes constituye una de las m\u00e1s dram\u00e1ticas demostraciones de terrorismo de Estado en el Chile actual, hacemos menci\u00f3n del caso de la dirigente Macarena Vald\u00e9s, y su \u201csuicidio\u201d en extra\u00f1as circunstancias.<\/li><li>En la etapa reciente, los cientos de v\u00edctimas de las fuerzas represivas durante la \u00faltima rebeli\u00f3n social corroboran la l\u00f3gica sist\u00e9mica de gobernar con las armas, a balazos contra el pueblo y haciendo tabla rasa de los Derechos Humanos. En esa l\u00f3gica, no cabe duda que el actual gobierno del se\u00f1or Pi\u00f1era se ha ganado la triste distinci\u00f3n de ser reconocido como el gobierno m\u00e1s represivo de la Historia post dictadura. Seg\u00fan indica el INDH citando al Ministerio P\u00fablico, son 8.575 las v\u00edctimas de la represi\u00f3n catastradas al mes de julio de 2021, cientos de heridos con da\u00f1os oculares irreversibles por perdigones y balas, golpizas, violaciones, torturas, muertes y prisi\u00f3n pol\u00edtica, as\u00ed lo corroboran, y son la demostraci\u00f3n irrefutable de que en Chile el terrorismo de Estado existe, que es estructural y que es consustancial al modelo neoliberal imperante. Al respecto, la Confederaci\u00f3n de Trabajadores del Cobre declara de plena justicia y deber \u00e9tico, la inmediata liberaci\u00f3n de todas y todos los j\u00f3venes presos pol\u00edticos, entendiendo que son, justamente, parte del pueblo movilizado que dio origen a esta Convenci\u00f3n Constitucional.<\/li><\/ul>\n\n\n\n<p>No podemos dejar de se\u00f1alar la importancia de terminar con dos grandes vulneraciones a los Derechos, la del Art\u00edculo 21 de la Declaraci\u00f3n, que dice: \u201c1. Toda persona tiene derecho a participar en el gobierno de su pa\u00eds, directamente o por medio de representantes libremente escogidos. 2. Toda persona tiene el derecho de acceso, en condiciones de igualdad, a las funciones p\u00fablicas de su pa\u00eds.\u201d Sin embargo, a nuestro pesar, actualmente existe prohibici\u00f3n para que dirigentes sociales, vecinales y, por supuesto, sindicales, puedan hacer valer este derecho; y la del Art\u00edculo 7 \u201cTodos son iguales ante la ley y tienen, sin distinci\u00f3n, derecho a igual protecci\u00f3n de la ley.\u201d Toda vez que no se condice este derecho con el trato favorecido que reciben criminales de Lesa Humanidad en c\u00e1rceles de lujo como Punta Peuco o los delincuentes de cuello y corbata reclu\u00eddos en anexos especiales como Capit\u00e1n Y\u00e1ver.<\/p>\n\n\n\n<p>Los trabajadores subcontratados del cobre tenemos puestas nuestra confianza y nuestras esperanzas en esta hist\u00f3rica Convenci\u00f3n Constitucional elegida por el pueblo. Esperamos que la inteligencia y la sensibilidad colectiva que aqu\u00ed se ha generado d\u00e9 como resultado una Constituci\u00f3n que nos abra camino hacia la construcci\u00f3n de un Estado Plurinacional y Pluricultural, que supere su actual car\u00e1cter Subsidiario, que replantee, reestructure y democratice las Fuerzas Armadas y Carabineros, que erradique definitivamente no s\u00f3lo las pol\u00edticas y mecanismos represivos, sino tambi\u00e9n la vergonzosa corrupci\u00f3n al interior de las Fuerzas Armadas y de Orden, que asegure y garantice el pleno respeto a los Derechos Humanos fundamentales como son la Salud, la Educaci\u00f3n, la Previsi\u00f3n Social, la Vivienda, el Trabajo, y que permita avanzar en la renacionalizaci\u00f3n del cobre, el litio, el agua y los bienes comunes estrat\u00e9gicos, que hoy d\u00eda, por obra y gracia de la dictadura militar y los gobiernos posteriores, son objeto de lucro de empresas privadas, mayoritariamente extranjeras.<\/p>\n\n\n\n<p>Sin otro particular y agradeciendo la atenci\u00f3n dispensada, se despiden muy atentamente de ustedes;<\/p>\n\n\n\n<p class=\"has-text-align-center\"><strong>CONFEDERACI\u00d3N DE TRABAJADORES DEL COBRE<\/strong><\/p>\n","protected":false},"excerpt":{"rendered":"<p>Alrededor de las 13:00 horas del lunes 23 de agosto, la Confederaci\u00f3n de Trabajadores del Cobre (CTC) expuso en la &#8220;Comisi\u00f3n de Derechos Humanos, Verdad Hist\u00f3rica, Bases para la Justicia, &hellip; <\/p>\n","protected":false},"author":2,"featured_media":1954,"comment_status":"closed","ping_status":"closed","sticky":false,"template":"","format":"standard","meta":{"jetpack_post_was_ever_published":false,"_jetpack_newsletter_access":"","_jetpack_dont_email_post_to_subs":false,"_jetpack_newsletter_tier_id":0,"_jetpack_memberships_contains_paywalled_content":false,"_jetpack_memberships_contains_paid_content":false,"footnotes":"","jetpack_publicize_message":"","jetpack_publicize_feature_enabled":true,"jetpack_social_post_already_shared":false,"jetpack_social_options":{"image_generator_settings":{"template":"highway","default_image_id":0,"enabled":false},"version":2}},"categories":[9,15,19],"tags":[],"class_list":["post-1951","post","type-post","status-publish","format-standard","has-post-thumbnail","hentry","category-confederacion","category-nacional","category-trabajadores"],"jetpack_publicize_connections":[],"jetpack_featured_media_url":"https:\/\/www.confederaciondelcobre.cl\/wp-content\/uploads\/2021\/08\/PortadaComDDHHCC.jpg","jetpack_sharing_enabled":true,"post_mailing_queue_ids":[],"_links":{"self":[{"href":"https:\/\/www.confederaciondelcobre.cl\/index.php\/wp-json\/wp\/v2\/posts\/1951","targetHints":{"allow":["GET"]}}],"collection":[{"href":"https:\/\/www.confederaciondelcobre.cl\/index.php\/wp-json\/wp\/v2\/posts"}],"about":[{"href":"https:\/\/www.confederaciondelcobre.cl\/index.php\/wp-json\/wp\/v2\/types\/post"}],"author":[{"embeddable":true,"href":"https:\/\/www.confederaciondelcobre.cl\/index.php\/wp-json\/wp\/v2\/users\/2"}],"replies":[{"embeddable":true,"href":"https:\/\/www.confederaciondelcobre.cl\/index.php\/wp-json\/wp\/v2\/comments?post=1951"}],"version-history":[{"count":24,"href":"https:\/\/www.confederaciondelcobre.cl\/index.php\/wp-json\/wp\/v2\/posts\/1951\/revisions"}],"predecessor-version":[{"id":1983,"href":"https:\/\/www.confederaciondelcobre.cl\/index.php\/wp-json\/wp\/v2\/posts\/1951\/revisions\/1983"}],"wp:featuredmedia":[{"embeddable":true,"href":"https:\/\/www.confederaciondelcobre.cl\/index.php\/wp-json\/wp\/v2\/media\/1954"}],"wp:attachment":[{"href":"https:\/\/www.confederaciondelcobre.cl\/index.php\/wp-json\/wp\/v2\/media?parent=1951"}],"wp:term":[{"taxonomy":"category","embeddable":true,"href":"https:\/\/www.confederaciondelcobre.cl\/index.php\/wp-json\/wp\/v2\/categories?post=1951"},{"taxonomy":"post_tag","embeddable":true,"href":"https:\/\/www.confederaciondelcobre.cl\/index.php\/wp-json\/wp\/v2\/tags?post=1951"}],"curies":[{"name":"wp","href":"https:\/\/api.w.org\/{rel}","templated":true}]}}