{"id":1985,"date":"2021-09-14T15:02:46","date_gmt":"2021-09-14T15:02:46","guid":{"rendered":"https:\/\/www.confederaciondelcobre.cl\/?p=1985"},"modified":"2021-09-14T15:02:48","modified_gmt":"2021-09-14T15:02:48","slug":"cine-foro-y-taller-para-mujeres-en-chanaral","status":"publish","type":"post","link":"https:\/\/www.confederaciondelcobre.cl\/index.php\/2021\/09\/14\/cine-foro-y-taller-para-mujeres-en-chanaral\/","title":{"rendered":"Cine, Foro y Taller para mujeres en Cha\u00f1aral."},"content":{"rendered":"\n<p>Durante los meses de <strong>septiembre, octubre y noviembre, en la ciudad de Cha\u00f1aral<\/strong> (regi\u00f3n de Atacama), se estar\u00e1 realizando un <strong>ciclo de cine, foros y talleres<\/strong> orientados a la generaci\u00f3n de un espacio de reflexi\u00f3n colectivo <strong>para mujeres<\/strong>. Los ejes del ciclo ser\u00e1n en torno a los <strong>derechos, conquistas y luchas de las mujeres, trabajadoras y trabajadores, a trav\u00e9s de la historia<\/strong>.<\/p>\n\n\n\n<p>Cabe se\u00f1alar que este ciclo de cine, foros y talleres es organizado por la Federaci\u00f3n de Trabajadores Contratistas Divisi\u00f3n MantoVerde (FESAMAV), en conjunto con la Confederaci\u00f3n de Trabajadores del Cobre (CTC), y es una iniciativa financiada con el concurso FNDR 6% correspondiente a la glosa de Actividades de car\u00e1cter social, prevenci\u00f3n, rehabilitaci\u00f3n de drogas y medioambiente del a\u00f1o 2021, del Gobierno Regional de Atacama y aprobado por el Consejo Regional.<\/p>\n\n\n\n<p>Para todas quienes est\u00e9n interesadas en participar de este ciclo de cine, foro y talleres que, como se\u00f1alamos anteriormente, est\u00e1 orientado a la generaci\u00f3n de un espacio de reflexi\u00f3n colectivo para mujeres, pueden comunicarse con la Federaci\u00f3n de Trabajadores Contratistas Divisi\u00f3n MantoVerde al n\u00famero +56 9 9428 2009, o al correo electr\u00f3nico <a href=\"mailto:fesamav@outlook.com\">fesamav@outlook.com<\/a><\/p>\n\n\n\n<figure class=\"wp-block-image size-large\"><img loading=\"lazy\" decoding=\"async\" width=\"732\" height=\"1024\" src=\"https:\/\/www.confederaciondelcobre.cl\/wp-content\/uploads\/2021\/09\/Afiche-rrss-732x1024.png\" alt=\"\" class=\"wp-image-1987\" srcset=\"https:\/\/www.confederaciondelcobre.cl\/wp-content\/uploads\/2021\/09\/Afiche-rrss-732x1024.png 732w, https:\/\/www.confederaciondelcobre.cl\/wp-content\/uploads\/2021\/09\/Afiche-rrss-214x300.png 214w, https:\/\/www.confederaciondelcobre.cl\/wp-content\/uploads\/2021\/09\/Afiche-rrss-768x1074.png 768w, https:\/\/www.confederaciondelcobre.cl\/wp-content\/uploads\/2021\/09\/Afiche-rrss.png 772w\" sizes=\"auto, (max-width: 732px) 100vw, 732px\" \/><\/figure>\n","protected":false},"excerpt":{"rendered":"<p>Durante los meses de septiembre, octubre y noviembre, en la ciudad de Cha\u00f1aral (regi\u00f3n de Atacama), se estar\u00e1 realizando un ciclo de cine, foros y talleres orientados a la generaci\u00f3n &hellip; <\/p>\n","protected":false},"author":2,"featured_media":1986,"comment_status":"closed","ping_status":"closed","sticky":false,"template":"","format":"standard","meta":{"jetpack_post_was_ever_published":false,"_jetpack_newsletter_access":"","_jetpack_dont_email_post_to_subs":false,"_jetpack_newsletter_tier_id":0,"_jetpack_memberships_contains_paywalled_content":false,"_jetpack_memberships_contains_paid_content":false,"footnotes":"","jetpack_publicize_message":"","jetpack_publicize_feature_enabled":true,"jetpack_social_post_already_shared":false,"jetpack_social_options":{"image_generator_settings":{"template":"highway","default_image_id":0,"enabled":false},"version":2}},"categories":[21,25,17],"tags":[],"class_list":["post-1985","post","type-post","status-publish","format-standard","has-post-thumbnail","hentry","category-federaciones","category-fesamav","category-regiones"],"jetpack_publicize_connections":[],"jetpack_featured_media_url":"https:\/\/www.confederaciondelcobre.cl\/wp-content\/uploads\/2021\/09\/CineForoTaller.jpg","jetpack_sharing_enabled":true,"post_mailing_queue_ids":[],"_links":{"self":[{"href":"https:\/\/www.confederaciondelcobre.cl\/index.php\/wp-json\/wp\/v2\/posts\/1985","targetHints":{"allow":["GET"]}}],"collection":[{"href":"https:\/\/www.confederaciondelcobre.cl\/index.php\/wp-json\/wp\/v2\/posts"}],"about":[{"href":"https:\/\/www.confederaciondelcobre.cl\/index.php\/wp-json\/wp\/v2\/types\/post"}],"author":[{"embeddable":true,"href":"https:\/\/www.confederaciondelcobre.cl\/index.php\/wp-json\/wp\/v2\/users\/2"}],"replies":[{"embeddable":true,"href":"https:\/\/www.confederaciondelcobre.cl\/index.php\/wp-json\/wp\/v2\/comments?post=1985"}],"version-history":[{"count":4,"href":"https:\/\/www.confederaciondelcobre.cl\/index.php\/wp-json\/wp\/v2\/posts\/1985\/revisions"}],"predecessor-version":[{"id":1991,"href":"https:\/\/www.confederaciondelcobre.cl\/index.php\/wp-json\/wp\/v2\/posts\/1985\/revisions\/1991"}],"wp:featuredmedia":[{"embeddable":true,"href":"https:\/\/www.confederaciondelcobre.cl\/index.php\/wp-json\/wp\/v2\/media\/1986"}],"wp:attachment":[{"href":"https:\/\/www.confederaciondelcobre.cl\/index.php\/wp-json\/wp\/v2\/media?parent=1985"}],"wp:term":[{"taxonomy":"category","embeddable":true,"href":"https:\/\/www.confederaciondelcobre.cl\/index.php\/wp-json\/wp\/v2\/categories?post=1985"},{"taxonomy":"post_tag","embeddable":true,"href":"https:\/\/www.confederaciondelcobre.cl\/index.php\/wp-json\/wp\/v2\/tags?post=1985"}],"curies":[{"name":"wp","href":"https:\/\/api.w.org\/{rel}","templated":true}]}}