{"id":1996,"date":"2021-09-15T15:12:35","date_gmt":"2021-09-15T15:12:35","guid":{"rendered":"https:\/\/www.confederaciondelcobre.cl\/?p=1996"},"modified":"2021-09-15T15:12:36","modified_gmt":"2021-09-15T15:12:36","slug":"comunicadoctc-ante-maniobras-de-la-derecha-por-entorpecer-proceso-constituyente","status":"publish","type":"post","link":"https:\/\/www.confederaciondelcobre.cl\/index.php\/2021\/09\/15\/comunicadoctc-ante-maniobras-de-la-derecha-por-entorpecer-proceso-constituyente\/","title":{"rendered":"#ComunicadoCTC ante maniobras de la derecha por entorpecer proceso constituyente."},"content":{"rendered":"\n<p class=\"has-text-align-center\"><strong>A LA OPINI\u00d3N P\u00daBLICA<\/strong><\/p>\n\n\n\n<p>A poco m\u00e1s de dos meses de iniciado el trabajo de la Convenci\u00f3n Constitucional, y ante las evidentes maniobras de la derecha por entorpecer la marcha del proceso, para la Confederaci\u00f3n de Trabajadores del Cobre (CTC), organizaci\u00f3n nacional de las y los trabajadores contratistas y subcontratistas de la miner\u00eda, se hace un deber hacer presente a la ciudadan\u00eda lo siguiente:<\/p>\n\n\n\n<ul class=\"wp-block-list\" type=\"1\"><li>La Convenci\u00f3n Constitucional es la consecuencia directa de la rebeli\u00f3n popular que estall\u00f3 el 18 de octubre de 2019, en demanda de dignidad y justicia social. Conscientes de que la crisis econ\u00f3mica, social y pol\u00edtica del pa\u00eds es consecuencia del modelo econ\u00f3mico neoliberal imperante, los estudiantes, las trabajadoras y trabajadores, demandaron el cambio de la Constituci\u00f3n Pol\u00edtica que, a costa de la violaci\u00f3n y atropello de absolutamente todos los Derechos Humanos, impuso la dictadura c\u00edvico-militar en 1980. Las y los 155 convencionales constituyentes est\u00e1n cumpliendo el mandato del pueblo, en un proceso aut\u00e9nticamente democr\u00e1tico, in\u00e9dito en nuestros 203 a\u00f1os de vida republicana y determinante para la vida presente y futura de Chile y su pueblo.<\/li><\/ul>\n\n\n\n<ul class=\"wp-block-list\"><li>La Constituci\u00f3n dictatorial vigente permiti\u00f3 a los poderosos grupos econ\u00f3micos, nacionales y transnacionales, hacer de Chile el para\u00edso del lucro. Para eso, coimearon a parlamentarios para que legislaran a su favor, compraron bienes y conciencias, se enriquecieron empobreciendo al pueblo y, pese a la pandemia, han aumentado sus caudales a niveles escandalosos bajo el gobierno antipopular y represivo de Sebasti\u00e1n Pi\u00f1era. Ellos no est\u00e1n ni estar\u00e1n jam\u00e1s dispuestos a renunciar a sus privilegios de manera voluntaria, y har\u00e1n todo lo que puedan para obstaculizar, entorpecer y sabotear el proceso constituyente, <s>ya<\/s> sea maniobrando a trav\u00e9s de sus representantes en la propia Convenci\u00f3n Constitucional, o difundiendo versiones deliberadamente distorsionadas por medio de la prensa y los medios de comunicaci\u00f3n que controlan.&nbsp;&nbsp;&nbsp;&nbsp;<\/li><\/ul>\n\n\n\n<ul class=\"wp-block-list\"><li>Como Confederaci\u00f3n de Trabajadores del Cobre entregamos nuestro total respaldo a la Convenci\u00f3n Constitucional y al trabajo que est\u00e1 desarrollando en cumplimiento del mandato popular. Confiamos en que la mayor\u00eda de las y los Convencionales Constituyentes entregar\u00e1n su m\u00e1ximo aporte para hacer de Chile un pa\u00eds independiente, soberano, garante de los Derechos Humanos, plurinacional y pluricultural, due\u00f1o de sus recursos naturales y bienes comunes estrat\u00e9gicos, para avanzar decididamente hacia una sociedad solidaria, humanista, libre de resabios patriarcales y machistas.&nbsp; En ese trayecto, las trabajadoras y trabajadores del cobre nos mantendremos atentos y alertas para defender, como la necesidad lo indique, el derecho inalienable del pueblo a definir su propio camino.<\/li><\/ul>\n\n\n\n<p class=\"has-text-align-center\"><strong>CONFEDERACI\u00d3N DE TRABAJADORES DEL COBRE<\/strong><\/p>\n\n\n\n<p class=\"has-text-align-right\">Chile, septiembre de 2021.<\/p>\n\n\n\n<figure class=\"wp-block-image size-large\"><img loading=\"lazy\" decoding=\"async\" width=\"650\" height=\"1024\" src=\"https:\/\/www.confederaciondelcobre.cl\/wp-content\/uploads\/2021\/09\/A-la-opinion-publica-CC-sept-2021-650x1024.png\" alt=\"\" class=\"wp-image-1997\" srcset=\"https:\/\/www.confederaciondelcobre.cl\/wp-content\/uploads\/2021\/09\/A-la-opinion-publica-CC-sept-2021-650x1024.png 650w, https:\/\/www.confederaciondelcobre.cl\/wp-content\/uploads\/2021\/09\/A-la-opinion-publica-CC-sept-2021-191x300.png 191w, https:\/\/www.confederaciondelcobre.cl\/wp-content\/uploads\/2021\/09\/A-la-opinion-publica-CC-sept-2021.png 686w\" sizes=\"auto, (max-width: 650px) 100vw, 650px\" \/><\/figure>\n","protected":false},"excerpt":{"rendered":"<p>A LA OPINI\u00d3N P\u00daBLICA A poco m\u00e1s de dos meses de iniciado el trabajo de la Convenci\u00f3n Constitucional, y ante las evidentes maniobras de la derecha por entorpecer la marcha &hellip; <\/p>\n","protected":false},"author":2,"featured_media":1998,"comment_status":"closed","ping_status":"closed","sticky":false,"template":"","format":"standard","meta":{"jetpack_post_was_ever_published":false,"_jetpack_newsletter_access":"","_jetpack_dont_email_post_to_subs":false,"_jetpack_newsletter_tier_id":0,"_jetpack_memberships_contains_paywalled_content":false,"_jetpack_memberships_contains_paid_content":false,"footnotes":"","jetpack_publicize_message":"","jetpack_publicize_feature_enabled":true,"jetpack_social_post_already_shared":false,"jetpack_social_options":{"image_generator_settings":{"template":"highway","default_image_id":0,"enabled":false},"version":2}},"categories":[8,9,15],"tags":[],"class_list":["post-1996","post","type-post","status-publish","format-standard","has-post-thumbnail","hentry","category-comunicado","category-confederacion","category-nacional"],"jetpack_publicize_connections":[],"jetpack_featured_media_url":"https:\/\/www.confederaciondelcobre.cl\/wp-content\/uploads\/2021\/09\/PortComProcC.jpg","jetpack_sharing_enabled":true,"post_mailing_queue_ids":[],"_links":{"self":[{"href":"https:\/\/www.confederaciondelcobre.cl\/index.php\/wp-json\/wp\/v2\/posts\/1996","targetHints":{"allow":["GET"]}}],"collection":[{"href":"https:\/\/www.confederaciondelcobre.cl\/index.php\/wp-json\/wp\/v2\/posts"}],"about":[{"href":"https:\/\/www.confederaciondelcobre.cl\/index.php\/wp-json\/wp\/v2\/types\/post"}],"author":[{"embeddable":true,"href":"https:\/\/www.confederaciondelcobre.cl\/index.php\/wp-json\/wp\/v2\/users\/2"}],"replies":[{"embeddable":true,"href":"https:\/\/www.confederaciondelcobre.cl\/index.php\/wp-json\/wp\/v2\/comments?post=1996"}],"version-history":[{"count":2,"href":"https:\/\/www.confederaciondelcobre.cl\/index.php\/wp-json\/wp\/v2\/posts\/1996\/revisions"}],"predecessor-version":[{"id":2000,"href":"https:\/\/www.confederaciondelcobre.cl\/index.php\/wp-json\/wp\/v2\/posts\/1996\/revisions\/2000"}],"wp:featuredmedia":[{"embeddable":true,"href":"https:\/\/www.confederaciondelcobre.cl\/index.php\/wp-json\/wp\/v2\/media\/1998"}],"wp:attachment":[{"href":"https:\/\/www.confederaciondelcobre.cl\/index.php\/wp-json\/wp\/v2\/media?parent=1996"}],"wp:term":[{"taxonomy":"category","embeddable":true,"href":"https:\/\/www.confederaciondelcobre.cl\/index.php\/wp-json\/wp\/v2\/categories?post=1996"},{"taxonomy":"post_tag","embeddable":true,"href":"https:\/\/www.confederaciondelcobre.cl\/index.php\/wp-json\/wp\/v2\/tags?post=1996"}],"curies":[{"name":"wp","href":"https:\/\/api.w.org\/{rel}","templated":true}]}}