{"id":2002,"date":"2021-09-27T21:56:16","date_gmt":"2021-09-27T21:56:16","guid":{"rendered":"https:\/\/www.confederaciondelcobre.cl\/?p=2002"},"modified":"2021-09-27T21:56:18","modified_gmt":"2021-09-27T21:56:18","slug":"acuerdomarco-mantos-copper-postulacion-a-becas-de-estudio-proceso-2021","status":"publish","type":"post","link":"https:\/\/www.confederaciondelcobre.cl\/index.php\/2021\/09\/27\/acuerdomarco-mantos-copper-postulacion-a-becas-de-estudio-proceso-2021\/","title":{"rendered":"#AcuerdoMarco Mantos Copper: postulaci\u00f3n a becas de estudio, proceso 2021"},"content":{"rendered":"\n<p>Compa\u00f1eras y compa\u00f1eros, informamos que seg\u00fan Acuerdo Marco entre la Confederaci\u00f3n de Trabajadores del Cobre (CTC) y Mantos Copper, a partir de hoy lunes 27 de septiembre, y con plazo hasta el viernes 15 de octubre, comienza el proceso de\u00a0<strong>postulaci\u00f3n a las Becas de Estudio para el a\u00f1o 2021<\/strong>\u00a0destinado a las y los trabajadores contratistas y subcontratistas que prestan servicios en las faenas operadas por Mantos Copper (Mantos Blancos y MantoVerde).<\/p>\n\n\n\n<ul class=\"has-luminous-vivid-orange-color has-text-color wp-block-list\"><li><em><strong>Este beneficio y derecho ha sido alcanzado gracias a la lucha de las y los trabajadores organizados en la CTC<\/strong> <strong>y sus Federaciones<\/strong>, y tiene por objetivo apoyar el financiamiento de gastos derivados de estudios de Educaci\u00f3n B\u00e1sica, Media y Superior (Universidades, Institutos Profesionales, Centros de Formaci\u00f3n T\u00e9cnica y Establecimientos de Educaci\u00f3n Superior de las Fuerzas Armadas y de Orden), cursados por el trabajador, sus hijos, cargas de salud y su c\u00f3nyuge, conviviente o pareja, independiente de su orientaci\u00f3n sexual.<\/em><\/li><\/ul>\n\n\n\n<p class=\"has-medium-font-size\">Las becas a asignar, que son 250 en total, corresponden a:<\/p>\n\n\n\n<ul class=\"has-medium-font-size wp-block-list\"><li>75 para la educaci\u00f3n B\u00e1sica, de $250. 251 c\/u;<\/li><li>75 para la educaci\u00f3n media, de $250.251 c\/u;<\/li><li>75 para la educaci\u00f3n superior, de $554.906 c\/u;<\/li><li>25 para estudiantes en situaci\u00f3n de discapacidad, de 250.251 c\/u.<\/li><\/ul>\n\n\n\n<p><strong>Nota:<\/strong> las y los beneficiarios de estas becas son hijas e hijos, c\u00f3nyuge y cargas de salud del o la trabajadora contratista.<\/p>\n\n\n\n<p class=\"has-text-align-center has-luminous-vivid-orange-color has-text-color\">ANTECEDENTES REQUERIDOS PARA LA RECEPCI\u00d3N DE BENEFICIO<\/p>\n\n\n\n<ul class=\"wp-block-list\"><li>Formulario de Solicitud de Becas de Estudio para Trabajadores de Empresas Contratistas y Subcontratistas de Mantos Copper (este formulario lo pueden solicitar al correo electr\u00f3nico de la Federaci\u00f3n de Trabajadores Contratistas MantoVerde en <a rel=\"noreferrer noopener\" href=\"mailto:fesamav@outlook.com\" target=\"_blank\">fesamav@outlook.com<\/a>, o acercarse a Recursos Humanos de cada empresa);<\/li><li>Declaraci\u00f3n Jurada del Trabajador Contratista firmada;<\/li><li>Declaraci\u00f3n Jurada de la Empresa Contratista firmada;<\/li><li>Copia de las 3 \u00faltimas liquidaciones de sueldo del trabajador;<\/li><\/ul>\n\n\n\n<hr class=\"wp-block-separator\"\/>\n\n\n\n<p>Obligatorio presentar Certificados originales o copias legalizadas del postulante que incluir\u00e1n:<\/p>\n\n\n\n<ul class=\"wp-block-list\"><li>Certificado de alumno regular en establecimientos educacionales p\u00fablicos o privados en Chile cuyos planes de estudios, programas o carreras est\u00e9n reconocidos por el Ministerio de Educaci\u00f3n de Chile. (Incluye estudios en las escuelas matrices de las Fuerzas Armadas y Carabineros)<\/li><\/ul>\n\n\n\n<hr class=\"wp-block-separator\"\/>\n\n\n\n<ul class=\"wp-block-list\"><li>Certificado de concentraci\u00f3n de notas del a\u00f1o anterior al de la postulaci\u00f3n [es decir, certificado de concentraci\u00f3n de notas del 2020]. El promedio anual de notas deber\u00e1 ser superior a 4,5 en caso de Universidades y superior a 5,0 para Ense\u00f1anza B\u00e1sica y Media. En caso de notas de 1 a 100, deben solicitar al establecimiento educacional la conversi\u00f3n oficial en notas de 1 a 7.<\/li><li>Certificado de nacimiento del postulante y de todos los hijos que son cargas familiares del o laTrabajadora. El hijo o hija deber\u00e1 ser menor de 25 a\u00f1os al 31 de diciembre del a\u00f1o de la postulaci\u00f3n o mientras acredite ser carga familiar y estar estudiando.<\/li><li>Certificado de matrimonio en caso que el postulante es c\u00f3nyuge, o certificado de uni\u00f3n civil, seg\u00fan corresponda.<\/li><li>Copia de declaraci\u00f3n de beneficiarios del Beneficio Seguro Complementario de Salud y Dental en caso que el postulante es conviviente o pareja e hijos, copia carga de salud en Isapre y\/o Fonasa, seg\u00fan corresponda.<\/li><li>Copia de Credencial de Discapacidad en caso de postulantes estudiantes con capacidades especiales.<\/li><\/ul>\n\n\n\n<hr class=\"wp-block-separator\"\/>\n\n\n\n<p class=\"has-text-align-center\"><strong>CALENDARIO DE PROCESO:<\/strong><\/p>\n\n\n\n<ul class=\"wp-block-list\"><li>Postulaciones presenciales y entrega de antecedentes: del 27 de septiembre al 15 de octubre;<\/li><li>Apelaciones para completar documentaci\u00f3n faltante: del 18 al 26 de octubre;<\/li><li>Env\u00edo a Mantos Copper informe final de resultados para revisi\u00f3n: 02 de noviembre;<\/li><li>Mantos Copper enviar\u00e1 becas adjudicadas a los administradores de contrato: 05 de noviembre;<\/li><li>Pago de beneficios: fecha por confirmar.<\/li><\/ul>\n\n\n\n<p><strong>IMPORTANTE:<\/strong> las postulaciones ser\u00e1n de car\u00e1cter <strong>presencial y virtual<\/strong> conjuntamente, la recepci\u00f3n de postulaciones, documentaci\u00f3n y antecedentes necesarios para concursar a los fondos, ser\u00e1n recepcionados en las siguientes sucursales de La Araucana:<\/p>\n\n\n\n<figure class=\"wp-block-table\"><table><tbody><tr><td class=\"has-text-align-center\" data-align=\"center\"><strong>SUCURSAL<\/strong><\/td><td class=\"has-text-align-center\" data-align=\"center\"><strong>DIRECCI\u00d3N<\/strong><\/td><td class=\"has-text-align-center\" data-align=\"center\"><strong>HORARIO<\/strong><\/td><\/tr><tr><td class=\"has-text-align-center\" data-align=\"center\">Antofagasta<\/td><td class=\"has-text-align-center\" data-align=\"center\">Juan Jos\u00e9 Latorre N\u00ba2318-2336<\/td><td class=\"has-text-align-center\" data-align=\"center\">lunes a viernes de 09:00 a 14:00<\/td><\/tr><tr><td class=\"has-text-align-center\" data-align=\"center\">Copiap\u00f3<\/td><td class=\"has-text-align-center\" data-align=\"center\">Los Carreras N\u00ba851<\/td><td class=\"has-text-align-center\" data-align=\"center\">lunes a viernes de 09:00 a 14:00<\/td><\/tr><tr><td class=\"has-text-align-center\" data-align=\"center\">La Serena<\/td><td class=\"has-text-align-center\" data-align=\"center\">Arturo Prat N\u00ba424<\/td><td class=\"has-text-align-center\" data-align=\"center\">lunes a viernes de 09:00 a 14:00<\/td><\/tr><tr><td class=\"has-text-align-center\" data-align=\"center\">Coquimbo<\/td><td class=\"has-text-align-center\" data-align=\"center\">Bilbao N\u00ba351<\/td><td class=\"has-text-align-center\" data-align=\"center\">lunes a viernes de 09:00 a 14:00<\/td><\/tr><\/tbody><\/table><\/figure>\n\n\n\n<figure class=\"wp-block-table\"><table><tbody><tr><td class=\"has-text-align-center\" data-align=\"center\"><strong>AGENCIA M\u00d3VIL<\/strong><\/td><td class=\"has-text-align-center\" data-align=\"center\"><strong>DIRECCI\u00d3N<\/strong><\/td><td class=\"has-text-align-center\" data-align=\"center\"><strong>HORARIO<\/strong><\/td><\/tr><tr><td class=\"has-text-align-center\" data-align=\"center\">Cha\u00f1aral<\/td><td class=\"has-text-align-center\" data-align=\"center\">Libertad N\u00ba769 (se instala frente a las oficinas del Daem de Cha\u00f1aral)<\/td><td class=\"has-text-align-center\" data-align=\"center\">todos los jueves de 11:00 a 14:30<\/td><\/tr><\/tbody><\/table><\/figure>\n\n\n\n<p><\/p>\n","protected":false},"excerpt":{"rendered":"<p>Compa\u00f1eras y compa\u00f1eros, informamos que seg\u00fan Acuerdo Marco entre la Confederaci\u00f3n de Trabajadores del Cobre (CTC) y Mantos Copper, a partir de hoy lunes 27 de septiembre, y con plazo &hellip; <\/p>\n","protected":false},"author":2,"featured_media":2007,"comment_status":"closed","ping_status":"closed","sticky":false,"template":"","format":"standard","meta":{"jetpack_post_was_ever_published":false,"_jetpack_newsletter_access":"","_jetpack_dont_email_post_to_subs":false,"_jetpack_newsletter_tier_id":0,"_jetpack_memberships_contains_paywalled_content":false,"_jetpack_memberships_contains_paid_content":false,"footnotes":"","jetpack_publicize_message":"","jetpack_publicize_feature_enabled":true,"jetpack_social_post_already_shared":false,"jetpack_social_options":{"image_generator_settings":{"template":"highway","default_image_id":0,"enabled":false},"version":2}},"categories":[5,24,9,21,26,25,19],"tags":[],"class_list":["post-2002","post","type-post","status-publish","format-standard","has-post-thumbnail","hentry","category-acuerdo-marco","category-acuerdo-marco-mantos-copper","category-confederacion","category-federaciones","category-fesamab","category-fesamav","category-trabajadores"],"jetpack_publicize_connections":[],"jetpack_featured_media_url":"https:\/\/www.confederaciondelcobre.cl\/wp-content\/uploads\/2021\/09\/Becas-AM-CTC-Mantos.jpg","jetpack_sharing_enabled":true,"post_mailing_queue_ids":[],"_links":{"self":[{"href":"https:\/\/www.confederaciondelcobre.cl\/index.php\/wp-json\/wp\/v2\/posts\/2002","targetHints":{"allow":["GET"]}}],"collection":[{"href":"https:\/\/www.confederaciondelcobre.cl\/index.php\/wp-json\/wp\/v2\/posts"}],"about":[{"href":"https:\/\/www.confederaciondelcobre.cl\/index.php\/wp-json\/wp\/v2\/types\/post"}],"author":[{"embeddable":true,"href":"https:\/\/www.confederaciondelcobre.cl\/index.php\/wp-json\/wp\/v2\/users\/2"}],"replies":[{"embeddable":true,"href":"https:\/\/www.confederaciondelcobre.cl\/index.php\/wp-json\/wp\/v2\/comments?post=2002"}],"version-history":[{"count":7,"href":"https:\/\/www.confederaciondelcobre.cl\/index.php\/wp-json\/wp\/v2\/posts\/2002\/revisions"}],"predecessor-version":[{"id":2013,"href":"https:\/\/www.confederaciondelcobre.cl\/index.php\/wp-json\/wp\/v2\/posts\/2002\/revisions\/2013"}],"wp:featuredmedia":[{"embeddable":true,"href":"https:\/\/www.confederaciondelcobre.cl\/index.php\/wp-json\/wp\/v2\/media\/2007"}],"wp:attachment":[{"href":"https:\/\/www.confederaciondelcobre.cl\/index.php\/wp-json\/wp\/v2\/media?parent=2002"}],"wp:term":[{"taxonomy":"category","embeddable":true,"href":"https:\/\/www.confederaciondelcobre.cl\/index.php\/wp-json\/wp\/v2\/categories?post=2002"},{"taxonomy":"post_tag","embeddable":true,"href":"https:\/\/www.confederaciondelcobre.cl\/index.php\/wp-json\/wp\/v2\/tags?post=2002"}],"curies":[{"name":"wp","href":"https:\/\/api.w.org\/{rel}","templated":true}]}}