{"id":2004,"date":"2021-09-27T13:24:39","date_gmt":"2021-09-27T13:24:39","guid":{"rendered":"https:\/\/www.confederaciondelcobre.cl\/?p=2004"},"modified":"2021-09-27T13:24:40","modified_gmt":"2021-09-27T13:24:40","slug":"acuerdomarco-ctc-codelco-resultados-preliminares-fondo-unico-de-vivienda-concursable","status":"publish","type":"post","link":"https:\/\/www.confederaciondelcobre.cl\/index.php\/2021\/09\/27\/acuerdomarco-ctc-codelco-resultados-preliminares-fondo-unico-de-vivienda-concursable\/","title":{"rendered":"#AcuerdoMarco CTC-Codelco: resultados preliminares Fondo \u00danico de Vivienda Concursable"},"content":{"rendered":"\n<p class=\"has-medium-font-size\">Compa\u00f1eras y compa\u00f1eros, comunicamos que ya se encuentran disponibles los resultados preliminares de sus postulaciones al Fondo \u00danico de Vivienda Concursable (proceso 2021). <\/p>\n\n\n\n<p>Luego de una recalendarizaci\u00f3n de los plazos y fechas del proceso para este 2021, ya se encuentran disponibles los resultados preliminares de las postulaciones al Fondo \u00danico de Vivienda Concursable (proceso 2021) que corresponde al Acuerdo Marco vigente entre la Confederaci\u00f3n de Trabajadores del Cobre (CTC) y Codelco.<\/p>\n\n\n\n<ul class=\"wp-block-list\"><li><strong>Desde el a\u00f1o 2007 las y los trabajadores contratistas y subcontratistas de Codelco, adem\u00e1s de sus familias, tienen acceso a una variedad de beneficios y derechos laborales y sociales que establece el\u00a0Acuerdo Marco firmado entre la Confederaci\u00f3n de Trabajadores del Cobre (CTC), las empresas contratistas y Codelco. Esta conquista de la Clase Trabajadora, cabe recordar, ha sido \u00fanicamente gracias a la\u00a0Unidad, Organizaci\u00f3n y Lucha\u00a0de todas y todos quienes, agrupados en la CTC, lograron el Acuerdo Marco con la cupr\u00edfera estatal.<\/strong><\/li><\/ul>\n\n\n\n<p>Cabe se\u00f1alar que los resultados se encuentran disponibles en el <strong><a rel=\"noreferrer noopener\" href=\"http:\/\/www.oticdelaconstruccion.cl\/fondos2021\/portada.php\" target=\"_blank\"><u> sitio de la OTIC de la C\u00e1mara Chilena de la Construcci\u00f3n<\/u><\/a><\/strong> (hacer click en el texto destacado), ingresando a la secci\u00f3n &#8220;Fondos para la primera vivienda&#8221;. Una vez all\u00ed, a un costado del calendario de todo el proceso, se encuentra destacado el bot\u00f3n de ingreso. Al hacer click en &#8220;ingreso&#8221; se solicitar\u00e1 el rut de el o la trabajadora. Hecho lo anterior, el sistema arrojar\u00e1 el resultado.<\/p>\n\n\n\n<p class=\"has-luminous-vivid-orange-color has-text-color has-medium-font-size\"><strong>IMPORTANTE: <\/strong>si el resultado arroja alguna observaci\u00f3n, sea por la falta de informaci\u00f3n o antecedentes, existe un plazo de <strong>apelaciones<\/strong> para corregir o enmendar la postulaci\u00f3n. El plazo es hasta el viernes 08 de octubre de 2021.<\/p>\n\n\n\n<p><strong>NOTA: recomendamos hacer dicho proceso, de consulta y\/\u00f3 apelaciones, a trav\u00e9s de un computador (sea port\u00e1til o de escritorio), pues la plataforma, para dichos tr\u00e1mites, no es compatible con dispositivos m\u00f3viles (tel\u00e9fonos)<\/strong>.<\/p>\n\n\n\n<p><strong>Los<\/strong>\u00a0<strong>beneficios y derechos conquistados gracias a la unidad, organizaci\u00f3n y lucha de las y los trabajadores agrupados en la CTC<\/strong>\u00a0tienen por objetivo\u00a0<strong>mejorar nuestras condiciones laborales, sociales y de calidad de vida<\/strong>, por lo que llamamos a todas y todos\u00a0<strong>a difundir esta informaci\u00f3n entre sus compa\u00f1eras y compa\u00f1eros<\/strong>.<\/p>\n","protected":false},"excerpt":{"rendered":"<p>Compa\u00f1eras y compa\u00f1eros, comunicamos que ya se encuentran disponibles los resultados preliminares de sus postulaciones al Fondo \u00danico de Vivienda Concursable (proceso 2021). Luego de una recalendarizaci\u00f3n de los plazos &hellip; <\/p>\n","protected":false},"author":2,"featured_media":2005,"comment_status":"closed","ping_status":"closed","sticky":false,"template":"","format":"standard","meta":{"jetpack_post_was_ever_published":false,"_jetpack_newsletter_access":"","_jetpack_dont_email_post_to_subs":false,"_jetpack_newsletter_tier_id":0,"_jetpack_memberships_contains_paywalled_content":false,"_jetpack_memberships_contains_paid_content":false,"footnotes":"","jetpack_publicize_message":"","jetpack_publicize_feature_enabled":true,"jetpack_social_post_already_shared":false,"jetpack_social_options":{"image_generator_settings":{"template":"highway","default_image_id":0,"enabled":false},"version":2}},"categories":[5,23,9,21,19],"tags":[],"class_list":["post-2004","post","type-post","status-publish","format-standard","has-post-thumbnail","hentry","category-acuerdo-marco","category-acuerdo-marco-codelco","category-confederacion","category-federaciones","category-trabajadores"],"jetpack_publicize_connections":[],"jetpack_featured_media_url":"https:\/\/www.confederaciondelcobre.cl\/wp-content\/uploads\/2021\/09\/ResPreliminares.jpg","jetpack_sharing_enabled":true,"post_mailing_queue_ids":[],"_links":{"self":[{"href":"https:\/\/www.confederaciondelcobre.cl\/index.php\/wp-json\/wp\/v2\/posts\/2004","targetHints":{"allow":["GET"]}}],"collection":[{"href":"https:\/\/www.confederaciondelcobre.cl\/index.php\/wp-json\/wp\/v2\/posts"}],"about":[{"href":"https:\/\/www.confederaciondelcobre.cl\/index.php\/wp-json\/wp\/v2\/types\/post"}],"author":[{"embeddable":true,"href":"https:\/\/www.confederaciondelcobre.cl\/index.php\/wp-json\/wp\/v2\/users\/2"}],"replies":[{"embeddable":true,"href":"https:\/\/www.confederaciondelcobre.cl\/index.php\/wp-json\/wp\/v2\/comments?post=2004"}],"version-history":[{"count":1,"href":"https:\/\/www.confederaciondelcobre.cl\/index.php\/wp-json\/wp\/v2\/posts\/2004\/revisions"}],"predecessor-version":[{"id":2006,"href":"https:\/\/www.confederaciondelcobre.cl\/index.php\/wp-json\/wp\/v2\/posts\/2004\/revisions\/2006"}],"wp:featuredmedia":[{"embeddable":true,"href":"https:\/\/www.confederaciondelcobre.cl\/index.php\/wp-json\/wp\/v2\/media\/2005"}],"wp:attachment":[{"href":"https:\/\/www.confederaciondelcobre.cl\/index.php\/wp-json\/wp\/v2\/media?parent=2004"}],"wp:term":[{"taxonomy":"category","embeddable":true,"href":"https:\/\/www.confederaciondelcobre.cl\/index.php\/wp-json\/wp\/v2\/categories?post=2004"},{"taxonomy":"post_tag","embeddable":true,"href":"https:\/\/www.confederaciondelcobre.cl\/index.php\/wp-json\/wp\/v2\/tags?post=2004"}],"curies":[{"name":"wp","href":"https:\/\/api.w.org\/{rel}","templated":true}]}}