{"id":201,"date":"2019-05-13T17:01:10","date_gmt":"2019-05-13T17:01:10","guid":{"rendered":"http:\/\/www.ctc2018.cl\/?p=201"},"modified":"2020-04-27T00:21:07","modified_gmt":"2020-04-27T00:21:07","slug":"trabajadores-de-la-ctc-certificaron-sus-competencias-laborales","status":"publish","type":"post","link":"https:\/\/www.confederaciondelcobre.cl\/index.php\/2019\/05\/13\/trabajadores-de-la-ctc-certificaron-sus-competencias-laborales\/","title":{"rendered":"Trabajadores de la CTC certificaron sus competencias laborales"},"content":{"rendered":"\n<p>El d\u00eda jueves 09 de mayo y en una ceremonia realizada en la sede central de la Confederaci\u00f3n de Trabajadores del Cobre (CTC) en la ciudad de Santiago, se realiz\u00f3 la ceremonia de Certificaci\u00f3n de Competencias Laborales que acredit\u00f3, con el respaldo acad\u00e9mico por parte de la Universidad T\u00e9cnica Federico Santa Mar\u00eda (UTFSM), a trabajadores contratistas y subcontratistas afiliados a la CTC.<\/p>\n\n\n\n<figure class=\"wp-block-image\"><a href=\"http:\/\/www.confederaciondelcobre.cl\/erbocefnoc\/trabajadores-de-la-ctc-certificaron-sus-competencias-laborales\/img_3432\/\"><img decoding=\"async\" src=\"http:\/\/www.confederaciondelcobre.cl\/erbocefnoc\/wp-content\/uploads\/2019\/05\/IMG_3432.jpg\" alt=\"IMG_3432\" class=\"wp-image-11183\"\/><\/a><\/figure>\n\n\n\n<ul class=\"wp-block-list\"><li>Este proyecto adem\u00e1s est\u00e1 orientado a que las Competencias Laborales de los trabajadores sean reconocidas y validadas acad\u00e9micamente a trav\u00e9s del Reconocimiento de Aprendizajes Previos (RAP), con el fin de avanzar hacia la obtenci\u00f3n de un t\u00edtulo t\u00e9cnico&nbsp;respaldado por&nbsp;la UTFSM, una casa de estudios que se encuentra validada por ChileValora en los procesos de Certificaci\u00f3n de Competencias en el sector minero.<\/li><\/ul>\n\n\n\n<p>Con un sal\u00f3n Nelson Quichillao L\u00f3pez lleno de trabajadores con sus acompa\u00f1antes se realiz\u00f3 la esperada ceremonia que tuvo, adem\u00e1s, como participantes y oradores a la representante de ChileValora, Loreto M\u00e9ndez; Jaime Espinoza de la UTFSM; Jorge Salas de la Seremi del Trabajo de la RM, Jorge Riesco, director de la SONAMI y Manuel Ahumada Letelier, presidente de la Confederaci\u00f3n de Trabajadores del Cobre.<\/p>\n\n\n\n<figure class=\"wp-block-image\"><a href=\"http:\/\/www.confederaciondelcobre.cl\/erbocefnoc\/trabajadores-de-la-ctc-certificaron-sus-competencias-laborales\/img_3638\/\"><img decoding=\"async\" src=\"http:\/\/www.confederaciondelcobre.cl\/erbocefnoc\/wp-content\/uploads\/2019\/05\/IMG_3638.jpg\" alt=\"IMG_3638\" class=\"wp-image-11185\"\/><\/a><\/figure>\n\n\n\n<ul class=\"wp-block-list\"><li>A la oportunidad, cabe se\u00f1alar, por parte de la CTC, tambi\u00e9n asistieron Miguel Santana H, vice presidente; Ana Lamas A, secretaria general; Jedry Velis P, tesorero; Patricio Roco B, director nacional encargado de organizaci\u00f3n; Jos\u00e9 Irarr\u00e1zabal C, director nacional encargado de investigaci\u00f3n y formaci\u00f3n; Rub\u00e9n Miranda S, director nacional encargado de relaciones internacionales; Francisco Cabezas, director nacional encargado jur\u00eddico y Guillermo Candia L, director nacional encargado de comunicaciones.<\/li><\/ul>\n\n\n\n<figure class=\"wp-block-image\"><a href=\"http:\/\/www.confederaciondelcobre.cl\/erbocefnoc\/trabajadores-de-la-ctc-certificaron-sus-competencias-laborales\/img_3605\/\"><img decoding=\"async\" src=\"http:\/\/www.confederaciondelcobre.cl\/erbocefnoc\/wp-content\/uploads\/2019\/05\/IMG_3605.jpg\" alt=\"IMG_3605\" class=\"wp-image-11184\"\/><\/a><\/figure>\n\n\n\n<p>En su intervenci\u00f3n Manuel Ahumada L, presidente de la CTC, destac\u00f3 que esta b\u00fasqueda del reconocimiento a la importante labor de los trabajadores subcontratados de la miner\u00eda viene desde la fundaci\u00f3n de la Confederaci\u00f3n de Trabajadores del Cobre (hace m\u00e1s de once a\u00f1os), indicando que los trabajadores contratistas y subcontratistas somos alrededor del 70% de la fuerza de trabajo en la industria, agregando que el mismo sistema de subcontrataci\u00f3n genera la invisibilidad de la labor y protagonismo de las trabajadoras y trabajadores subcontratados. Entonces, en esa b\u00fasqueda del reconocimiento, entre otras iniciativas, es que como CTC hemos ido trabajando en alianza con universidades y en este caso, con la UTFSM que maneja la parte t\u00e9cnica de la miner\u00eda, llevamos algunos a\u00f1os ya para lograr un merecido reconocimiento a sus capacidades y trabajo en la miner\u00eda. Para finalizar, el presidente de la CTC, junto con agradecer y felicitar a los trabajadores certificados, por su persistencia y compromiso, hizo un llamado a que exista en la miner\u00eda una pol\u00edtica clara, no solo de reconocimiento de competencias y&nbsp;<em>expertise<\/em>&nbsp;de los trabajadores, sino tambi\u00e9n de capacitaci\u00f3n con la finalidad de permitir el desarrollo de una carrera minera, adem\u00e1s de asegurar estabilidad laboral, proyecci\u00f3n familiar y tambi\u00e9n acad\u00e9mica.<\/p>\n","protected":false},"excerpt":{"rendered":"<p>El d\u00eda jueves 09 de mayo y en una ceremonia realizada en la sede central de la Confederaci\u00f3n de Trabajadores del Cobre (CTC) en la ciudad de Santiago, se realiz\u00f3 &hellip; <\/p>\n","protected":false},"author":2,"featured_media":203,"comment_status":"open","ping_status":"open","sticky":false,"template":"","format":"standard","meta":{"jetpack_post_was_ever_published":false,"_jetpack_newsletter_access":"","_jetpack_dont_email_post_to_subs":false,"_jetpack_newsletter_tier_id":0,"_jetpack_memberships_contains_paywalled_content":false,"_jetpack_memberships_contains_paid_content":false,"footnotes":"","jetpack_publicize_message":"","jetpack_publicize_feature_enabled":true,"jetpack_social_post_already_shared":false,"jetpack_social_options":{"image_generator_settings":{"template":"highway","default_image_id":0,"enabled":false},"version":2}},"categories":[9,21,19],"tags":[],"class_list":["post-201","post","type-post","status-publish","format-standard","has-post-thumbnail","hentry","category-confederacion","category-federaciones","category-trabajadores"],"jetpack_publicize_connections":[],"jetpack_featured_media_url":"https:\/\/www.confederaciondelcobre.cl\/wp-content\/uploads\/2019\/05\/CompetenciasLaboralesCTCweb.jpg","jetpack_sharing_enabled":true,"post_mailing_queue_ids":[],"_links":{"self":[{"href":"https:\/\/www.confederaciondelcobre.cl\/index.php\/wp-json\/wp\/v2\/posts\/201","targetHints":{"allow":["GET"]}}],"collection":[{"href":"https:\/\/www.confederaciondelcobre.cl\/index.php\/wp-json\/wp\/v2\/posts"}],"about":[{"href":"https:\/\/www.confederaciondelcobre.cl\/index.php\/wp-json\/wp\/v2\/types\/post"}],"author":[{"embeddable":true,"href":"https:\/\/www.confederaciondelcobre.cl\/index.php\/wp-json\/wp\/v2\/users\/2"}],"replies":[{"embeddable":true,"href":"https:\/\/www.confederaciondelcobre.cl\/index.php\/wp-json\/wp\/v2\/comments?post=201"}],"version-history":[{"count":1,"href":"https:\/\/www.confederaciondelcobre.cl\/index.php\/wp-json\/wp\/v2\/posts\/201\/revisions"}],"predecessor-version":[{"id":202,"href":"https:\/\/www.confederaciondelcobre.cl\/index.php\/wp-json\/wp\/v2\/posts\/201\/revisions\/202"}],"wp:featuredmedia":[{"embeddable":true,"href":"https:\/\/www.confederaciondelcobre.cl\/index.php\/wp-json\/wp\/v2\/media\/203"}],"wp:attachment":[{"href":"https:\/\/www.confederaciondelcobre.cl\/index.php\/wp-json\/wp\/v2\/media?parent=201"}],"wp:term":[{"taxonomy":"category","embeddable":true,"href":"https:\/\/www.confederaciondelcobre.cl\/index.php\/wp-json\/wp\/v2\/categories?post=201"},{"taxonomy":"post_tag","embeddable":true,"href":"https:\/\/www.confederaciondelcobre.cl\/index.php\/wp-json\/wp\/v2\/tags?post=201"}],"curies":[{"name":"wp","href":"https:\/\/api.w.org\/{rel}","templated":true}]}}