{"id":2014,"date":"2021-09-28T19:12:17","date_gmt":"2021-09-28T19:12:17","guid":{"rendered":"https:\/\/www.confederaciondelcobre.cl\/?p=2014"},"modified":"2021-09-28T19:12:18","modified_gmt":"2021-09-28T19:12:18","slug":"ctc-apoya-respalda-y-promueve-candidatura-de-manuel-ahumada-letelier-a-diputado-de-la-republica-por-el-distrito-10","status":"publish","type":"post","link":"https:\/\/www.confederaciondelcobre.cl\/index.php\/2021\/09\/28\/ctc-apoya-respalda-y-promueve-candidatura-de-manuel-ahumada-letelier-a-diputado-de-la-republica-por-el-distrito-10\/","title":{"rendered":"CTC apoya, respalda y promueve candidatura de Manuel Ahumada Letelier a Diputado de la Rep\u00fablica por el Distrito 10"},"content":{"rendered":"\n<p class=\"has-text-align-center\"><strong>\u00bfPor qu\u00e9 es necesario un Dirigente Sindical de los trabajadores y trabajadoras del cobre en la C\u00e1mara de Diputados?<\/strong><\/p>\n\n\n\n<ul class=\"wp-block-list\"><li>Porque el abuso del sistema y de los empresarios hacia los trabajadores y trabajadoras es inaceptable. Ya lo dijo el pueblo el 18 de octubre, \u201c<em>no vamos a aceptar mas abusos, nos levantamos para que la dignidad se haga costumbre\u201d<\/em><\/li><\/ul>\n\n\n\n<ul class=\"wp-block-list\"><li>Porque el 72% del cobre chileno est\u00e1 hoy en poder de empresas extranjeras que se llevan m\u00e1s 15 mil millones de d\u00f3lares anuales, y es imprescindible renacionalizar esta principal riqueza para impulsar un nuevo modelo de desarrollo y garantizar el cumplimiento de los derechos sociales como la Previsi\u00f3n Social, la Educaci\u00f3n y Salud p\u00fablicas.<\/li><\/ul>\n\n\n\n<ul class=\"wp-block-list\"><li>Porque el subcontrato es la peor trampa inventada por el capitalismo para precarizar el trabajo y eximir al Estado de sus responsabilidades pol\u00edticas y sociales en el mundo laboral.<\/li><\/ul>\n\n\n\n<ul class=\"wp-block-list\"><li>Porque es tremendamente injusto que se les proh\u00edba a los y las dirigentes sindicales asumir cargos de representaci\u00f3n popular. Esta legislaci\u00f3n es una herencia nefasta de la dictadura c\u00edvico-militar, y la tarea, entonces, es romper con esta exclusi\u00f3n.<\/li><\/ul>\n\n\n\n<ul class=\"wp-block-list\"><li>Porque las y los trabajadores de nuestro pa\u00eds, somos la fuerza que mueve Chile y tenemos derecho a que uno de los nuestros nos represente y nos defienda en el Parlamento.<\/li><\/ul>\n\n\n\n<ul class=\"wp-block-list\"><li>Porque, para hacer realidad los cambios que el pueblo demanda y que estar\u00e1n reflejados en la nueva Constituci\u00f3n, ser\u00e1 de absoluta necesidad la voz de los m\u00e1s leg\u00edtimos representantes del pueblo en el Parlamento.<\/li><\/ul>\n\n\n\n<p>En consecuencia, la <strong>Confederaci\u00f3n de Trabajadores del Cobre, organizaci\u00f3n nacional de las y los trabajadores subcontratados del Cobre,<\/strong> <strong>apoya, respalda y promueve la candidatura de MANUEL AHUMADA LETELIER a Diputado de la Rep\u00fablica por el Distrito<\/strong> <strong>10<\/strong>, porque lo conocemos, porque confiamos en sus capacidades y compromiso profundo con la clase trabajadora, sabemos que ser\u00e1 un aut\u00e9ntico representante de las y los trabajadores en el parlamento de Chile.<\/p>\n\n\n\n<p class=\"has-text-align-center\"><strong>CONFEDERACI\u00d3N DE TRABAJADORES DEL COBRE<\/strong><\/p>\n\n\n\n<p class=\"has-text-align-right\">Chile, septiembre de 2021.<\/p>\n\n\n\n<figure class=\"wp-block-image size-large\"><img loading=\"lazy\" decoding=\"async\" width=\"656\" height=\"1024\" src=\"https:\/\/www.confederaciondelcobre.cl\/wp-content\/uploads\/2021\/09\/ComCTC-cand-Manuel-Ahumada-RRSS-656x1024.png\" alt=\"\" class=\"wp-image-2015\" srcset=\"https:\/\/www.confederaciondelcobre.cl\/wp-content\/uploads\/2021\/09\/ComCTC-cand-Manuel-Ahumada-RRSS-656x1024.png 656w, https:\/\/www.confederaciondelcobre.cl\/wp-content\/uploads\/2021\/09\/ComCTC-cand-Manuel-Ahumada-RRSS-192x300.png 192w, https:\/\/www.confederaciondelcobre.cl\/wp-content\/uploads\/2021\/09\/ComCTC-cand-Manuel-Ahumada-RRSS.png 692w\" sizes=\"auto, (max-width: 656px) 100vw, 656px\" \/><\/figure>\n","protected":false},"excerpt":{"rendered":"<p>\u00bfPor qu\u00e9 es necesario un Dirigente Sindical de los trabajadores y trabajadoras del cobre en la C\u00e1mara de Diputados? Porque el abuso del sistema y de los empresarios hacia los &hellip; <\/p>\n","protected":false},"author":2,"featured_media":2016,"comment_status":"closed","ping_status":"closed","sticky":false,"template":"","format":"standard","meta":{"jetpack_post_was_ever_published":false,"_jetpack_newsletter_access":"","_jetpack_dont_email_post_to_subs":false,"_jetpack_newsletter_tier_id":0,"_jetpack_memberships_contains_paywalled_content":false,"_jetpack_memberships_contains_paid_content":false,"footnotes":"","jetpack_publicize_message":"","jetpack_publicize_feature_enabled":true,"jetpack_social_post_already_shared":false,"jetpack_social_options":{"image_generator_settings":{"template":"highway","default_image_id":0,"enabled":false},"version":2}},"categories":[8,9,14,19],"tags":[],"class_list":["post-2014","post","type-post","status-publish","format-standard","has-post-thumbnail","hentry","category-comunicado","category-confederacion","category-movimientos-sociales","category-trabajadores"],"jetpack_publicize_connections":[],"jetpack_featured_media_url":"https:\/\/www.confederaciondelcobre.cl\/wp-content\/uploads\/2021\/09\/PORTCOM.jpg","jetpack_sharing_enabled":true,"post_mailing_queue_ids":[],"_links":{"self":[{"href":"https:\/\/www.confederaciondelcobre.cl\/index.php\/wp-json\/wp\/v2\/posts\/2014","targetHints":{"allow":["GET"]}}],"collection":[{"href":"https:\/\/www.confederaciondelcobre.cl\/index.php\/wp-json\/wp\/v2\/posts"}],"about":[{"href":"https:\/\/www.confederaciondelcobre.cl\/index.php\/wp-json\/wp\/v2\/types\/post"}],"author":[{"embeddable":true,"href":"https:\/\/www.confederaciondelcobre.cl\/index.php\/wp-json\/wp\/v2\/users\/2"}],"replies":[{"embeddable":true,"href":"https:\/\/www.confederaciondelcobre.cl\/index.php\/wp-json\/wp\/v2\/comments?post=2014"}],"version-history":[{"count":2,"href":"https:\/\/www.confederaciondelcobre.cl\/index.php\/wp-json\/wp\/v2\/posts\/2014\/revisions"}],"predecessor-version":[{"id":2018,"href":"https:\/\/www.confederaciondelcobre.cl\/index.php\/wp-json\/wp\/v2\/posts\/2014\/revisions\/2018"}],"wp:featuredmedia":[{"embeddable":true,"href":"https:\/\/www.confederaciondelcobre.cl\/index.php\/wp-json\/wp\/v2\/media\/2016"}],"wp:attachment":[{"href":"https:\/\/www.confederaciondelcobre.cl\/index.php\/wp-json\/wp\/v2\/media?parent=2014"}],"wp:term":[{"taxonomy":"category","embeddable":true,"href":"https:\/\/www.confederaciondelcobre.cl\/index.php\/wp-json\/wp\/v2\/categories?post=2014"},{"taxonomy":"post_tag","embeddable":true,"href":"https:\/\/www.confederaciondelcobre.cl\/index.php\/wp-json\/wp\/v2\/tags?post=2014"}],"curies":[{"name":"wp","href":"https:\/\/api.w.org\/{rel}","templated":true}]}}