{"id":2019,"date":"2021-09-29T18:43:07","date_gmt":"2021-09-29T18:43:07","guid":{"rendered":"https:\/\/www.confederaciondelcobre.cl\/?p=2019"},"modified":"2021-09-29T18:43:08","modified_gmt":"2021-09-29T18:43:08","slug":"comunicadoctc-sobre-el-cuarto-retiro-de-las-afp","status":"publish","type":"post","link":"https:\/\/www.confederaciondelcobre.cl\/index.php\/2021\/09\/29\/comunicadoctc-sobre-el-cuarto-retiro-de-las-afp\/","title":{"rendered":"#ComunicadoCTC sobre el cuarto retiro de las AFP."},"content":{"rendered":"\n<p class=\"has-text-align-center\"><strong>SOBRE EL CUARTO RETIRO DE FONDOS DE LAS AFP<\/strong><\/p>\n\n\n\n<p>Habi\u00e9ndose aprobado por la Comisi\u00f3n de Constituci\u00f3n de la C\u00e1mara de Diputados, el proyecto de Ley del Cuarto Retiro de los Fondos de AFP, para la Confederaci\u00f3n de Trabajadores del Cobre (CTC), organizaci\u00f3n nacional de las y los trabajadores contratistas y subcontratistas de la miner\u00eda, se hace un deber hacer presente a la ciudadan\u00eda lo siguiente:<\/p>\n\n\n\n<p>El cuarto retiro de los&nbsp; fondos de AFP es ya&nbsp; una realidad, la discusi\u00f3n de fondo una vez m\u00e1s se eludi\u00f3, reduci\u00e9ndose a un \u201cs\u00ed o no\u201d, cuando el problema de las pensiones es mucho m\u00e1s profundo y es una muestra patente del fracaso estruendoso del modelo neoliberal vigente, con su incapacidad de responder a las grandes necesidades de la gente, especialmente en tiempos de crisis, de manera que cada habitante de este pa\u00eds tenga que arregl\u00e1rselas como pueda, con sus propios recursos, coherente con la l\u00f3gica individualista del modelo.<\/p>\n\n\n\n<p>las \u201cAdministradoras de Fondos de Pensiones\u201d fueron una de las \u201cobras\u201d centrales de las \u00e9lites que hace m\u00e1s de cuarenta a\u00f1os protagonizaron un golpe de Estado, con el objetivo de imponer en Chile el modelo de capitalismo m\u00e1s salvaje del mundo y asegurarse, por esa v\u00eda, el control absoluto de la econom\u00eda del pa\u00eds en su propio beneficio. Mediante las AFP, han lucrado descaradamente con los ahorros de los trabajadores y trabajadoras, se han hecho inmensamente ricos y, como es l\u00f3gico, defienden su obra y privilegios a como d\u00e9 lugar.<\/p>\n\n\n\n<p>En todos los procesos anteriores de retiro de fondos, la derecha y su deslegitimado gobierno, han buscado mantener los privilegios de las AFP y de los grandes grupos econ\u00f3micos argumentando, mentirosamente, que los retiros generar\u00e1n el descalabro econ\u00f3mico, sin embargo, la experiencia ha demostrado lo contrario, aumentando la participaci\u00f3n real de los salarios en el PIB, incrementando el poder de compra de las trabajadoras y trabajadores y beneficiando la econom\u00eda a trav\u00e9s de la demanda real y solvente, beneficiando al pueblo en su conjunto, a las empresas y a los proveedores.<\/p>\n\n\n\n<p>En esta ocasi\u00f3n, todos los defensores del sistema impuesto en dictadura, han salido a explicar que un cuarto retiro de los fondos de las AFP tendr\u00e1 un efecto perverso en la inflaci\u00f3n, omitiendo convenientemente sus intereses, la responsabilidad del gobierno en el mal manejo econ\u00f3mico durante la pandemia y la evidente ideologizaci\u00f3n del Banco Central, quien debiera ajustar la emisi\u00f3n monetaria a las constantes variaciones de los ciclos econ\u00f3micos. Junto a lo anterior hemos conocido el actuar vergonzoso de autoridades que manifest\u00e1ndose p\u00fablicamente en contra de los retiros han hecho uso de ellos.<\/p>\n\n\n\n<p>Los retiros constituyen uno de los hechos pol\u00edticos m\u00e1s importantes en las \u00faltimas d\u00e9cadas, y son el producto indiscutible de la capacidad de movilizaci\u00f3n y lucha del pueblo para conquistar derechos y avanzar en dignidad. Al reivindicar su derecho a disponer de los fondos que le pertenecen, el pueblo ha ganado un espacio importante en el proceso de construcci\u00f3n de una verdadera democracia. Por tanto, no cabe duda que los retiros se han convertido en un duro golpe a una de las columnas estructurales del sistema. Sin embargo, si lo hizo fue por la necesidad imperiosa de sobrevivencia en tiempo de pandemia, necesidad que, en el escenario de un Estado justo, democr\u00e1tico, administrado con aut\u00e9ntica sensibilidad humanista y disponiendo de mecanismos eficientes de protecci\u00f3n social, jam\u00e1s habr\u00eda existido. Ese es el tipo de Estado por el que hay que luchar. Ese es el tipo de Estado por el que el pueblo est\u00e1 luchando y que debiera consolidarse en el proceso constituyente.<\/p>\n\n\n\n<p>Las diputadas y diputados que aprobaron el cuarto retiro actuaron a favor del pueblo. Ahora el proyecto pasa al Senado donde se requieren 26 votos para su aprobaci\u00f3n, y llamamos a las y los trabajadores a estar atentos para desenmascarar a las y los senadores que voten en contra. Las elecciones de noviembre deben ser el momento para manifestar nuestro repudio a aquellas y aquellos que votaron contra el pueblo.<\/p>\n\n\n\n<p class=\"has-text-align-center\"><strong>CONFEDERACI\u00d3N DE TRABAJADORES DEL COBRE<\/strong><\/p>\n\n\n\n<p class=\"has-text-align-right\">Chile, septiembre de 2021.<\/p>\n\n\n\n<figure class=\"wp-block-image size-large\"><img loading=\"lazy\" decoding=\"async\" width=\"650\" height=\"1024\" src=\"https:\/\/www.confederaciondelcobre.cl\/wp-content\/uploads\/2021\/09\/Sobre-el-cuaro-retiro-de-las-afp-650x1024.png\" alt=\"\" class=\"wp-image-2020\" srcset=\"https:\/\/www.confederaciondelcobre.cl\/wp-content\/uploads\/2021\/09\/Sobre-el-cuaro-retiro-de-las-afp-650x1024.png 650w, https:\/\/www.confederaciondelcobre.cl\/wp-content\/uploads\/2021\/09\/Sobre-el-cuaro-retiro-de-las-afp-191x300.png 191w, https:\/\/www.confederaciondelcobre.cl\/wp-content\/uploads\/2021\/09\/Sobre-el-cuaro-retiro-de-las-afp.png 686w\" sizes=\"auto, (max-width: 650px) 100vw, 650px\" \/><\/figure>\n","protected":false},"excerpt":{"rendered":"<p>SOBRE EL CUARTO RETIRO DE FONDOS DE LAS AFP Habi\u00e9ndose aprobado por la Comisi\u00f3n de Constituci\u00f3n de la C\u00e1mara de Diputados, el proyecto de Ley del Cuarto Retiro de los &hellip; <\/p>\n","protected":false},"author":2,"featured_media":2021,"comment_status":"closed","ping_status":"closed","sticky":false,"template":"","format":"standard","meta":{"jetpack_post_was_ever_published":false,"_jetpack_newsletter_access":"","_jetpack_dont_email_post_to_subs":false,"_jetpack_newsletter_tier_id":0,"_jetpack_memberships_contains_paywalled_content":false,"_jetpack_memberships_contains_paid_content":false,"footnotes":"","jetpack_publicize_message":"","jetpack_publicize_feature_enabled":true,"jetpack_social_post_already_shared":false,"jetpack_social_options":{"image_generator_settings":{"template":"highway","default_image_id":0,"enabled":false},"version":2}},"categories":[8,9,15,19],"tags":[],"class_list":["post-2019","post","type-post","status-publish","format-standard","has-post-thumbnail","hentry","category-comunicado","category-confederacion","category-nacional","category-trabajadores"],"jetpack_publicize_connections":[],"jetpack_featured_media_url":"https:\/\/www.confederaciondelcobre.cl\/wp-content\/uploads\/2021\/09\/Port4toRetiroAFP.jpg","jetpack_sharing_enabled":true,"post_mailing_queue_ids":[],"_links":{"self":[{"href":"https:\/\/www.confederaciondelcobre.cl\/index.php\/wp-json\/wp\/v2\/posts\/2019","targetHints":{"allow":["GET"]}}],"collection":[{"href":"https:\/\/www.confederaciondelcobre.cl\/index.php\/wp-json\/wp\/v2\/posts"}],"about":[{"href":"https:\/\/www.confederaciondelcobre.cl\/index.php\/wp-json\/wp\/v2\/types\/post"}],"author":[{"embeddable":true,"href":"https:\/\/www.confederaciondelcobre.cl\/index.php\/wp-json\/wp\/v2\/users\/2"}],"replies":[{"embeddable":true,"href":"https:\/\/www.confederaciondelcobre.cl\/index.php\/wp-json\/wp\/v2\/comments?post=2019"}],"version-history":[{"count":1,"href":"https:\/\/www.confederaciondelcobre.cl\/index.php\/wp-json\/wp\/v2\/posts\/2019\/revisions"}],"predecessor-version":[{"id":2022,"href":"https:\/\/www.confederaciondelcobre.cl\/index.php\/wp-json\/wp\/v2\/posts\/2019\/revisions\/2022"}],"wp:featuredmedia":[{"embeddable":true,"href":"https:\/\/www.confederaciondelcobre.cl\/index.php\/wp-json\/wp\/v2\/media\/2021"}],"wp:attachment":[{"href":"https:\/\/www.confederaciondelcobre.cl\/index.php\/wp-json\/wp\/v2\/media?parent=2019"}],"wp:term":[{"taxonomy":"category","embeddable":true,"href":"https:\/\/www.confederaciondelcobre.cl\/index.php\/wp-json\/wp\/v2\/categories?post=2019"},{"taxonomy":"post_tag","embeddable":true,"href":"https:\/\/www.confederaciondelcobre.cl\/index.php\/wp-json\/wp\/v2\/tags?post=2019"}],"curies":[{"name":"wp","href":"https:\/\/api.w.org\/{rel}","templated":true}]}}