{"id":2025,"date":"2021-10-01T12:00:00","date_gmt":"2021-10-01T12:00:00","guid":{"rendered":"https:\/\/www.confederaciondelcobre.cl\/?p=2025"},"modified":"2021-10-01T01:59:56","modified_gmt":"2021-10-01T01:59:56","slug":"sobre-a-la-crisis-migratoria","status":"publish","type":"post","link":"https:\/\/www.confederaciondelcobre.cl\/index.php\/2021\/10\/01\/sobre-a-la-crisis-migratoria\/","title":{"rendered":"SOBRE A LA \u201cCRISIS\u201d MIGRATORIA"},"content":{"rendered":"\n<p>Los recientes episodios de violencia anti-inmigrantes en las calles de Iquique, el brutal desalojo por Fuerzas Especiales de Carabineros, la quema deliberada de los escasos enseres a un grupo de ellos, dejan en evidencia la cultura de intolerancia y de nula empat\u00eda por el sufrimiento ajeno, que es el resultado previsible de un modelo de sociedad centrada en un individualismo a ultranza. Pero, al mismo tiempo, dan cuenta de una forma de gobernar que ha sido la t\u00f3nica de la administraci\u00f3n Pi\u00f1era, que enfrenta los conflictos sociales con represi\u00f3n, que viola los Derechos Humanos y que aborda la crisis migratoria con un discurso inconsecuente y demagogo, cuya falsedad qued\u00f3 al descubierto en el vergonzoso episodio de C\u00facuta.<\/p>\n\n\n\n<p>Con su habitual oportunismo, los medios del sistema han hecho un fest\u00edn de lo que llaman \u201cla profunda crisis humanitaria venezolana\u201d, pero silencian hip\u00f3critamente el bloqueo criminal de Estados Unidos contra el gobierno y el pueblo de Venezuela, que le impone \u201csanciones\u201d como, la retenci\u00f3n ilegal de miles de millones de d\u00f3lares en bancos gringos y europeos, la negativa del FMI de entregarle cr\u00e9ditos para enfrentar la pandemia, que le impide la importaci\u00f3n de alimentos, medicinas, insumos, materiales y repuestos para la industria agr\u00edcola y petrolera, que le cierra el mercado internacional, y que, en s\u00edntesis, asfixia su econom\u00eda para provocar artificialmente el colapso total del pa\u00eds.<\/p>\n\n\n\n<p>La migraci\u00f3n no es un fen\u00f3meno nuevo ni extra\u00f1o en el mundo. La gente emigra, busca mejores condiciones de vida, cambia de h\u00e1bitat. Chile tiene una larga Historia se migraciones, todos los chilenos somos todos producto de la migraci\u00f3n, reconociendo que los pueblos originarios estaban o llegaron desde mucho antes. No podemos olvidar que, despu\u00e9s de la guerra de exterminio que perpetr\u00f3 el Estado contra el pueblo mapuche entre 1862 y 1883, cientos de europeos, principalmente alemanes y suizos, llegaron a hacerse due\u00f1os ileg\u00edtimos del territorio usurpado, y que m\u00e1s adelante miles de inmigrantes llegaron, y siguen llegando, desde los m\u00e1s apartados rincones del mundo, as\u00ed como miles de chilenos emigraron al exilio durante la dictadura. Pero la gran mayor\u00eda de los inmigrantes vienen a trabajar, a hacer familia, a aportar al desarrollo nacional en la industria, en la ciencia, en la educaci\u00f3n, en la cultura, en el arte. Otros, los menos, a hacerse due\u00f1os del territorio y de sus recursos naturales y a conformar la \u00e9lite empresarial, los actuales grandes grupos econ\u00f3micos, los Edwards, los Saieh, los Paulmann, los Pi\u00f1era, los Solari, los Angelini, los Luksic, los Ponce Lerou, los Matte. A estos no los expulsaron, no los desalojaron, no les quemaron sus enseres, por el contrario, el Estado los protegi\u00f3 y los protege hasta el d\u00eda de hoy.<\/p>\n\n\n\n<p>Entonces, \u00bfqu\u00e9 hacer? Por lo pronto, terminar con las pol\u00edticas represivas y abordar la crisis con una actitud de gobierno humanista y solidario, que se traduzca en los recursos necesarios para auxiliar a los migrantes en situaci\u00f3n de calle con las condiciones b\u00e1sicas de habitaci\u00f3n, salud y ocupaci\u00f3n esenciales para una vida digna. Luego, una pol\u00edtica migratoria que regularice la migraci\u00f3n y que establezca convenios efectivos de cooperaci\u00f3n internacional en ese objetivo. Por \u00faltimo, hacerse parte de la demanda internacional contra el bloqueo criminal de Estados Unidos y sus aliados europeos frente a Venezuela y todos los pa\u00edses que hoy d\u00eda est\u00e1n siendo v\u00edctimas del imperio.<\/p>\n","protected":false},"excerpt":{"rendered":"<p>Los recientes episodios de violencia anti-inmigrantes en las calles de Iquique, el brutal desalojo por Fuerzas Especiales de Carabineros, la quema deliberada de los escasos enseres a un grupo de &hellip; <\/p>\n","protected":false},"author":2,"featured_media":2026,"comment_status":"closed","ping_status":"closed","sticky":false,"template":"","format":"standard","meta":{"jetpack_post_was_ever_published":false,"_jetpack_newsletter_access":"","_jetpack_dont_email_post_to_subs":false,"_jetpack_newsletter_tier_id":0,"_jetpack_memberships_contains_paywalled_content":false,"_jetpack_memberships_contains_paid_content":false,"footnotes":"","jetpack_publicize_message":"","jetpack_publicize_feature_enabled":true,"jetpack_social_post_already_shared":false,"jetpack_social_options":{"image_generator_settings":{"template":"highway","default_image_id":0,"enabled":false},"version":2}},"categories":[13,15,19],"tags":[],"class_list":["post-2025","post","type-post","status-publish","format-standard","has-post-thumbnail","hentry","category-internacional","category-nacional","category-trabajadores"],"jetpack_publicize_connections":[],"jetpack_featured_media_url":"https:\/\/www.confederaciondelcobre.cl\/wp-content\/uploads\/2021\/10\/NingunSerHumanoEsIlegal.jpg","jetpack_sharing_enabled":true,"post_mailing_queue_ids":[],"_links":{"self":[{"href":"https:\/\/www.confederaciondelcobre.cl\/index.php\/wp-json\/wp\/v2\/posts\/2025","targetHints":{"allow":["GET"]}}],"collection":[{"href":"https:\/\/www.confederaciondelcobre.cl\/index.php\/wp-json\/wp\/v2\/posts"}],"about":[{"href":"https:\/\/www.confederaciondelcobre.cl\/index.php\/wp-json\/wp\/v2\/types\/post"}],"author":[{"embeddable":true,"href":"https:\/\/www.confederaciondelcobre.cl\/index.php\/wp-json\/wp\/v2\/users\/2"}],"replies":[{"embeddable":true,"href":"https:\/\/www.confederaciondelcobre.cl\/index.php\/wp-json\/wp\/v2\/comments?post=2025"}],"version-history":[{"count":1,"href":"https:\/\/www.confederaciondelcobre.cl\/index.php\/wp-json\/wp\/v2\/posts\/2025\/revisions"}],"predecessor-version":[{"id":2027,"href":"https:\/\/www.confederaciondelcobre.cl\/index.php\/wp-json\/wp\/v2\/posts\/2025\/revisions\/2027"}],"wp:featuredmedia":[{"embeddable":true,"href":"https:\/\/www.confederaciondelcobre.cl\/index.php\/wp-json\/wp\/v2\/media\/2026"}],"wp:attachment":[{"href":"https:\/\/www.confederaciondelcobre.cl\/index.php\/wp-json\/wp\/v2\/media?parent=2025"}],"wp:term":[{"taxonomy":"category","embeddable":true,"href":"https:\/\/www.confederaciondelcobre.cl\/index.php\/wp-json\/wp\/v2\/categories?post=2025"},{"taxonomy":"post_tag","embeddable":true,"href":"https:\/\/www.confederaciondelcobre.cl\/index.php\/wp-json\/wp\/v2\/tags?post=2025"}],"curies":[{"name":"wp","href":"https:\/\/api.w.org\/{rel}","templated":true}]}}