{"id":2029,"date":"2021-10-21T21:18:13","date_gmt":"2021-10-21T21:18:13","guid":{"rendered":"https:\/\/www.confederaciondelcobre.cl\/?p=2029"},"modified":"2021-10-21T22:38:14","modified_gmt":"2021-10-21T22:38:14","slug":"a-dos-anos-del-18-o","status":"publish","type":"post","link":"https:\/\/www.confederaciondelcobre.cl\/index.php\/2021\/10\/21\/a-dos-anos-del-18-o\/","title":{"rendered":"A dos a\u00f1os del 18-O"},"content":{"rendered":"\n<p>El pasado lunes 18 de octubre, y a dos a\u00f1os del estallido o revuelta social en nuestro pa\u00eds, se realizaron actividades de conmemoraci\u00f3n en todos los territorios en donde la Confederaci\u00f3n de Trabajadores del Cobre (CTC) nos organizamos y tenemos presencia. M\u00fasica, discursos, solidaridad y compromiso fueron los elementos presentes, donde la CTC y sus Federaciones tambi\u00e9n nos hicimos parte.<br><br>Se record\u00f3 a las y los presos pol\u00edticos de la revuelta, muchas y muchos de ellos a\u00fan en cautiverio sin pruebas reales, o derechamente irregulares, que justifiquen siquiera un proceso judicial en su contra. Tambi\u00e9n hubo memoria y solidaridad con las v\u00edctimas fatales y mutilados oculares a manos de agentes del Estado. Del mismo modo, junto con el &#8220;18-O&#8221;, y esta vez en Calama, tambi\u00e9n se conmemoraron 48 a\u00f1os del paso de la Caravana de la muerte juntando as\u00ed reivindicaciones y exigencias de justicia hist\u00f3ricas con las actuales. El ambiente, junto con lo anterior, tuvo una comprensi\u00f3n que se hizo presente en todas partes: la consciencia de que las profundas desigualdades e injusticias que detonaron la gran protesta nacional hace dos a\u00f1os siguen latentes.<\/p>\n\n\n\n<p>Como organizaci\u00f3n nacional que agrupa y organiza a las y los trabajadores subcontratados de la miner\u00eda del cobre, a dos a\u00f1os de la revuelta, reivindicamos nuestras hist\u00f3ricas demandas: la renacionalizaci\u00f3n del cobre, el litio y todos los bienes comunes estrat\u00e9gicos; el fin del subcontrato como sistema de precarizaci\u00f3n laboral, y a igual trabajo igual salario, a la vez que hacemos el llamado a persistir y continuar el legado de tantos a\u00f1os y de tantos miles de compa\u00f1eras y compa\u00f1eros que han luchado por justicia durante toda la historia del pa\u00eds, y que solo unidos y organizados vamos a conseguir avanzar hacia la conquista de la tan anhelada justicia social.<br><br>Compartimos a continuaci\u00f3n el texto \u00edntegro del discurso ofrecido por la Confederaci\u00f3n de Trabajadores del Cobre en El Salvador y Cha\u00f1aral:<br><br><\/p>\n\n\n\n<p><strong>Estimadas compa\u00f1eras, estimados compa\u00f1eros:<\/strong><\/p>\n\n\n\n<p>Se cumplen dos a\u00f1os de uno de los acontecimientos m\u00e1s relevantes en toda la Historia de Chile: Un alzamiento popular, una revuelta, un estallido social, un despertar masivo, profundo y transversal que cuestiona las ra\u00edces m\u00e1s profundas del modelo neoliberal dictatorial y antidemocr\u00e1tico, producto de mentes desquiciadas que hace 48 a\u00f1os destruyeron la democracia, que no s\u00f3lo bombardearon la Moneda, sino los sue\u00f1os y esperanzas de un pueblo que entonces empezaba a construir una patria justa, digna y solidaria.<\/p>\n\n\n\n<p>El estallido popular vino a destapar en Chile las m\u00e1s profundas desigualdades sociales, las injusticias, la verdadera cara de una institucionalidad contaminada hasta sus bases por la corrupci\u00f3n. Vino a mostrar el real sentir de un pueblo herido, lastimado y violentado por una estructura social injusta, donde una minor\u00eda multimillonaria disfruta de todos los privilegios mientras la gran masa de la poblaci\u00f3n se debate a nivel de sobrevivencia con salarios precarios y pensiones de miseria.<\/p>\n\n\n\n<p>El 18 de octubre pasa a ser, definitivamente, una de las grandes fechas en la Historia de Chile. Ese d\u00eda el pueblo dijo basta, y se levant\u00f3 para nunca m\u00e1s estar de rodillas. Y como ha ocurrido siempre en la Historia de Chile, los h\u00e9roes populares son tachados de delincuentes, de v\u00e1ndalos, de violentistas por los patrones y los defensores del modelo, que defienden sus prebendas como lo han hecho siempre: con la represi\u00f3n brutal, con el crimen y la tortura. &nbsp;<\/p>\n\n\n\n<p>El pueblo exigi\u00f3 un Asamblea Constituyente para construir una nueva carta Magna que redefina los principios que rigen el pa\u00eds. El mal llamado \u201cAcuerdo por la Paz\u201d, suscrito entre gallos y medianoche el 15 de noviembre de 2019, estableci\u00f3 una Convenci\u00f3n Constitucional, una figura a a medida del sistema, y condicionada a exigencias que no reflejan el sentir popular. A pesar de ello, el pueblo eligi\u00f3 a sus representantes, y la nueva Constituci\u00f3n no ser\u00e1 el producto ni de la sensibilidad ni la buena voluntad del gobierno, sino el resultado del mandato popular, del sentir del pueblo expresado en las calles, en movilizaciones masivas, en marchas, en protestas, en m\u00faltiples manifestaciones populares de rebeld\u00eda. La nueva Constituci\u00f3n deber\u00e1 responder a los anhelos y a las necesidades reales de la gente, ser\u00e1 la culminaci\u00f3n de una larga Historia de luchas populares, una Historia que nuestros antepasados han escrito con sangre, una Historia de matanzas obreras, de pol\u00edticas de exterminio, de tortura, de genocidio.<\/p>\n\n\n\n<p>Como Confederaci\u00f3n de Trabajadores del Cobre, organizaci\u00f3n nacional de los trabajadores subcontratados de la miner\u00eda, los precarizados del rubro, hemos avanzado en esta traves\u00eda de luchas levantando tres ejes principales: la renacionalizaci\u00f3n del cobre, el litio y todos los bienes comunes estrat\u00e9gicos, el fin del subcontrato como sistema de precarizaci\u00f3n, y a igual trabajo igual salario. Son tres grandes demandas que hoy tienen m\u00e1s vigencia que nunca, que cobran fuerza y sentido para cada uno de los dirigentes y socios de la organizaci\u00f3n. Y es por esto que estamos aqu\u00ed nuevamente con ustedes, para entregarles este fraternal saludo, para decirles que seguiremos avanzando en este camino de lucha, en b\u00fasqueda de una mejor calidad de vida para la clase trabajadora y sus familias. &nbsp;<\/p>\n\n\n\n<p>Somos los llamados a no olvidar, somos los llamados a persistir y somos los llamados a seguir este legado de tantos a\u00f1os y de tantos miles de compa\u00f1eros y compa\u00f1eras que ha luchado por justicia durante la Historia del pa\u00eds.<\/p>\n\n\n\n<p>Hoy podemos decir, junto con todas las trabajadoras y todos los trabajadores de Chile, que no est\u00e1bamos equivocados cuando dec\u00edamos que unidos y organizados podemos avanzar en bloque, que esa peque\u00f1a c\u00fapula que maneja nuestros destinos de verdad nos teme, porque saben que para ellos somos un enemigo imparable.<\/p>\n\n\n\n<p>Eso es lo que nos da la autoridad moral para exigir, por primera vez en m\u00e1s de dos siglos, una Constituci\u00f3n escrita por el pueblo, con el pueblo y para el pueblo, con todo el derecho a decidir nuestro propio destino.<\/p>\n\n\n\n<p>Con la misma autoridad moral exigimos la liberaci\u00f3n de las y los presos pol\u00edticos de la revuelta popular, encarcelados por luchar, rehenes del sistema, castigados por el delito de tener pensamiento cr\u00edtico y sin un juicio justo, mientras los verdaderos delincuentes, los corruptos de cuello y corbata, son castigados con clases de \u00e9tica.<\/p>\n\n\n\n<p>Hoy se escucha fuerte el grito popular en demanda de verdad y justicia por cada uno de los y las compa\u00f1eras ca\u00eddas en esta lucha, por los asesinados, por los heridos y los mutilados. No olvidamos a ninguno y a ninguna en esta larga Historia que hoy venimos aqu\u00ed a conmemorar con dolor, con rabia, pero tambi\u00e9n con mucha alegr\u00eda, porque el fruto de la rebeld\u00eda social marcar\u00e1 un antes y un despu\u00e9s en la Historia de Chile.<\/p>\n\n\n\n<p>Por ello es que estamos aqu\u00ed, por un estado garante y no subsidiario, por derecho a la vivienda, a la salud, a la educaci\u00f3n, a las pensiones dignas, resistiendo, luchando, creando, reivindicando, recordando y exigiendo.<\/p>\n\n\n\n<p>Mientras resistimos, nos cuidamos siendo libres, m\u00e1s responsables y m\u00e1s solidarios, apoy\u00e1ndonos mutuamente, con el gesto amable que no busca ganancias, con la conversaci\u00f3n cara a cara, con entendimiento y reciprocidad.<\/p>\n\n\n\n<p>Nuestro llamado es a apoyarnos solidariamente como clase trabajadora, combatiendo a quienes nos combaten, juntos contra la tiran\u00eda, con las manos limpias, sin machismo, sin homofobia, sin racismo, sin autoritarismo. Contra todos los que intentan dividirnos, contra el capitalismo salvaje que nos oprime.<\/p>\n\n\n\n<p>A tomar conciencia&#8230;<\/p>\n\n\n\n<p>Sin resistir somos c\u00f3mplices, sin Dignidad no somos nada.<\/p>\n\n\n\n<p>Separados somos d\u00e9biles, unidos somos fuertes.<\/p>\n\n\n\n<p class=\"has-text-align-center\">\u00a1Arriba los que luchan y no se rinden!<\/p>\n\n\n\n<figure class=\"wp-block-gallery columns-3 is-cropped wp-block-gallery-1 is-layout-flex wp-block-gallery-is-layout-flex\"><ul class=\"blocks-gallery-grid\"><li class=\"blocks-gallery-item\"><figure><img loading=\"lazy\" decoding=\"async\" width=\"1024\" height=\"682\" src=\"https:\/\/www.confederaciondelcobre.cl\/wp-content\/uploads\/2021\/10\/2fdef76d-9f2e-45ee-9134-7e61741902ca-1024x682.jpeg\" alt=\"\" data-id=\"2031\" data-link=\"https:\/\/www.confederaciondelcobre.cl\/?attachment_id=2031\" class=\"wp-image-2031\" srcset=\"https:\/\/www.confederaciondelcobre.cl\/wp-content\/uploads\/2021\/10\/2fdef76d-9f2e-45ee-9134-7e61741902ca-1024x682.jpeg 1024w, https:\/\/www.confederaciondelcobre.cl\/wp-content\/uploads\/2021\/10\/2fdef76d-9f2e-45ee-9134-7e61741902ca-300x200.jpeg 300w, https:\/\/www.confederaciondelcobre.cl\/wp-content\/uploads\/2021\/10\/2fdef76d-9f2e-45ee-9134-7e61741902ca-768x512.jpeg 768w, https:\/\/www.confederaciondelcobre.cl\/wp-content\/uploads\/2021\/10\/2fdef76d-9f2e-45ee-9134-7e61741902ca.jpeg 1280w\" sizes=\"auto, (max-width: 1024px) 100vw, 1024px\" \/><\/figure><\/li><li class=\"blocks-gallery-item\"><figure><img loading=\"lazy\" decoding=\"async\" width=\"1024\" height=\"682\" src=\"https:\/\/www.confederaciondelcobre.cl\/wp-content\/uploads\/2021\/10\/13d3458a-1fb1-4927-a843-52168e2dba03-1024x682.jpeg\" alt=\"\" data-id=\"2032\" data-link=\"https:\/\/www.confederaciondelcobre.cl\/?attachment_id=2032\" class=\"wp-image-2032\" srcset=\"https:\/\/www.confederaciondelcobre.cl\/wp-content\/uploads\/2021\/10\/13d3458a-1fb1-4927-a843-52168e2dba03-1024x682.jpeg 1024w, https:\/\/www.confederaciondelcobre.cl\/wp-content\/uploads\/2021\/10\/13d3458a-1fb1-4927-a843-52168e2dba03-300x200.jpeg 300w, https:\/\/www.confederaciondelcobre.cl\/wp-content\/uploads\/2021\/10\/13d3458a-1fb1-4927-a843-52168e2dba03-768x512.jpeg 768w, https:\/\/www.confederaciondelcobre.cl\/wp-content\/uploads\/2021\/10\/13d3458a-1fb1-4927-a843-52168e2dba03.jpeg 1280w\" sizes=\"auto, (max-width: 1024px) 100vw, 1024px\" \/><\/figure><\/li><li class=\"blocks-gallery-item\"><figure><img loading=\"lazy\" decoding=\"async\" width=\"1024\" height=\"844\" src=\"https:\/\/www.confederaciondelcobre.cl\/wp-content\/uploads\/2021\/10\/53e258da-f724-4528-b7ee-6f00de572d64-1024x844.jpeg\" alt=\"\" data-id=\"2033\" data-link=\"https:\/\/www.confederaciondelcobre.cl\/?attachment_id=2033\" class=\"wp-image-2033\" srcset=\"https:\/\/www.confederaciondelcobre.cl\/wp-content\/uploads\/2021\/10\/53e258da-f724-4528-b7ee-6f00de572d64-1024x844.jpeg 1024w, https:\/\/www.confederaciondelcobre.cl\/wp-content\/uploads\/2021\/10\/53e258da-f724-4528-b7ee-6f00de572d64-300x247.jpeg 300w, https:\/\/www.confederaciondelcobre.cl\/wp-content\/uploads\/2021\/10\/53e258da-f724-4528-b7ee-6f00de572d64-768x633.jpeg 768w, https:\/\/www.confederaciondelcobre.cl\/wp-content\/uploads\/2021\/10\/53e258da-f724-4528-b7ee-6f00de572d64.jpeg 1061w\" sizes=\"auto, (max-width: 1024px) 100vw, 1024px\" \/><\/figure><\/li><li class=\"blocks-gallery-item\"><figure><img loading=\"lazy\" decoding=\"async\" width=\"1024\" height=\"604\" src=\"https:\/\/www.confederaciondelcobre.cl\/wp-content\/uploads\/2021\/10\/8680d14d-6bda-4603-b126-7b390dcb82d5-1024x604.jpeg\" alt=\"\" data-id=\"2034\" data-link=\"https:\/\/www.confederaciondelcobre.cl\/?attachment_id=2034\" class=\"wp-image-2034\" srcset=\"https:\/\/www.confederaciondelcobre.cl\/wp-content\/uploads\/2021\/10\/8680d14d-6bda-4603-b126-7b390dcb82d5-1024x604.jpeg 1024w, https:\/\/www.confederaciondelcobre.cl\/wp-content\/uploads\/2021\/10\/8680d14d-6bda-4603-b126-7b390dcb82d5-300x177.jpeg 300w, https:\/\/www.confederaciondelcobre.cl\/wp-content\/uploads\/2021\/10\/8680d14d-6bda-4603-b126-7b390dcb82d5-768x453.jpeg 768w, https:\/\/www.confederaciondelcobre.cl\/wp-content\/uploads\/2021\/10\/8680d14d-6bda-4603-b126-7b390dcb82d5.jpeg 1280w\" sizes=\"auto, (max-width: 1024px) 100vw, 1024px\" \/><\/figure><\/li><li class=\"blocks-gallery-item\"><figure><img loading=\"lazy\" decoding=\"async\" width=\"1024\" height=\"768\" src=\"https:\/\/www.confederaciondelcobre.cl\/wp-content\/uploads\/2021\/10\/425948e9-6fa6-4b23-aee0-f329d430df9f-1024x768.jpeg\" alt=\"\" data-id=\"2035\" data-link=\"https:\/\/www.confederaciondelcobre.cl\/?attachment_id=2035\" class=\"wp-image-2035\" srcset=\"https:\/\/www.confederaciondelcobre.cl\/wp-content\/uploads\/2021\/10\/425948e9-6fa6-4b23-aee0-f329d430df9f-1024x768.jpeg 1024w, https:\/\/www.confederaciondelcobre.cl\/wp-content\/uploads\/2021\/10\/425948e9-6fa6-4b23-aee0-f329d430df9f-300x225.jpeg 300w, https:\/\/www.confederaciondelcobre.cl\/wp-content\/uploads\/2021\/10\/425948e9-6fa6-4b23-aee0-f329d430df9f-768x576.jpeg 768w, https:\/\/www.confederaciondelcobre.cl\/wp-content\/uploads\/2021\/10\/425948e9-6fa6-4b23-aee0-f329d430df9f-1536x1152.jpeg 1536w, https:\/\/www.confederaciondelcobre.cl\/wp-content\/uploads\/2021\/10\/425948e9-6fa6-4b23-aee0-f329d430df9f.jpeg 1600w\" sizes=\"auto, (max-width: 1024px) 100vw, 1024px\" \/><\/figure><\/li><li class=\"blocks-gallery-item\"><figure><img loading=\"lazy\" decoding=\"async\" width=\"1024\" height=\"646\" src=\"https:\/\/www.confederaciondelcobre.cl\/wp-content\/uploads\/2021\/10\/2978429b-88e6-407b-b101-ff7fdd386506-1024x646.jpeg\" alt=\"\" data-id=\"2036\" data-link=\"https:\/\/www.confederaciondelcobre.cl\/?attachment_id=2036\" class=\"wp-image-2036\" srcset=\"https:\/\/www.confederaciondelcobre.cl\/wp-content\/uploads\/2021\/10\/2978429b-88e6-407b-b101-ff7fdd386506-1024x646.jpeg 1024w, https:\/\/www.confederaciondelcobre.cl\/wp-content\/uploads\/2021\/10\/2978429b-88e6-407b-b101-ff7fdd386506-300x189.jpeg 300w, https:\/\/www.confederaciondelcobre.cl\/wp-content\/uploads\/2021\/10\/2978429b-88e6-407b-b101-ff7fdd386506-768x485.jpeg 768w, https:\/\/www.confederaciondelcobre.cl\/wp-content\/uploads\/2021\/10\/2978429b-88e6-407b-b101-ff7fdd386506.jpeg 1280w\" sizes=\"auto, (max-width: 1024px) 100vw, 1024px\" \/><\/figure><\/li><li class=\"blocks-gallery-item\"><figure><img loading=\"lazy\" decoding=\"async\" width=\"1024\" height=\"768\" src=\"https:\/\/www.confederaciondelcobre.cl\/wp-content\/uploads\/2021\/10\/bf6c9306-a9a8-40dd-b913-9b6b7e82e17a-1024x768.jpeg\" alt=\"\" data-id=\"2037\" data-link=\"https:\/\/www.confederaciondelcobre.cl\/?attachment_id=2037\" class=\"wp-image-2037\" srcset=\"https:\/\/www.confederaciondelcobre.cl\/wp-content\/uploads\/2021\/10\/bf6c9306-a9a8-40dd-b913-9b6b7e82e17a-1024x768.jpeg 1024w, https:\/\/www.confederaciondelcobre.cl\/wp-content\/uploads\/2021\/10\/bf6c9306-a9a8-40dd-b913-9b6b7e82e17a-300x225.jpeg 300w, https:\/\/www.confederaciondelcobre.cl\/wp-content\/uploads\/2021\/10\/bf6c9306-a9a8-40dd-b913-9b6b7e82e17a-768x576.jpeg 768w, https:\/\/www.confederaciondelcobre.cl\/wp-content\/uploads\/2021\/10\/bf6c9306-a9a8-40dd-b913-9b6b7e82e17a-1536x1152.jpeg 1536w, https:\/\/www.confederaciondelcobre.cl\/wp-content\/uploads\/2021\/10\/bf6c9306-a9a8-40dd-b913-9b6b7e82e17a.jpeg 1600w\" sizes=\"auto, (max-width: 1024px) 100vw, 1024px\" \/><\/figure><\/li><li class=\"blocks-gallery-item\"><figure><img loading=\"lazy\" decoding=\"async\" width=\"1024\" height=\"682\" src=\"https:\/\/www.confederaciondelcobre.cl\/wp-content\/uploads\/2021\/10\/d0fde70c-8afa-481a-96bc-2d2c46a60fd7-1024x682.jpeg\" alt=\"\" data-id=\"2038\" data-link=\"https:\/\/www.confederaciondelcobre.cl\/?attachment_id=2038\" class=\"wp-image-2038\" srcset=\"https:\/\/www.confederaciondelcobre.cl\/wp-content\/uploads\/2021\/10\/d0fde70c-8afa-481a-96bc-2d2c46a60fd7-1024x682.jpeg 1024w, https:\/\/www.confederaciondelcobre.cl\/wp-content\/uploads\/2021\/10\/d0fde70c-8afa-481a-96bc-2d2c46a60fd7-300x200.jpeg 300w, https:\/\/www.confederaciondelcobre.cl\/wp-content\/uploads\/2021\/10\/d0fde70c-8afa-481a-96bc-2d2c46a60fd7-768x512.jpeg 768w, https:\/\/www.confederaciondelcobre.cl\/wp-content\/uploads\/2021\/10\/d0fde70c-8afa-481a-96bc-2d2c46a60fd7.jpeg 1280w\" sizes=\"auto, (max-width: 1024px) 100vw, 1024px\" \/><\/figure><\/li><li class=\"blocks-gallery-item\"><figure><img loading=\"lazy\" decoding=\"async\" width=\"768\" height=\"1024\" src=\"https:\/\/www.confederaciondelcobre.cl\/wp-content\/uploads\/2021\/10\/WhatsApp-Image-2021-10-18-at-20.47.00-768x1024.jpeg\" alt=\"\" data-id=\"2039\" data-link=\"https:\/\/www.confederaciondelcobre.cl\/?attachment_id=2039\" class=\"wp-image-2039\" srcset=\"https:\/\/www.confederaciondelcobre.cl\/wp-content\/uploads\/2021\/10\/WhatsApp-Image-2021-10-18-at-20.47.00-768x1024.jpeg 768w, https:\/\/www.confederaciondelcobre.cl\/wp-content\/uploads\/2021\/10\/WhatsApp-Image-2021-10-18-at-20.47.00-225x300.jpeg 225w, https:\/\/www.confederaciondelcobre.cl\/wp-content\/uploads\/2021\/10\/WhatsApp-Image-2021-10-18-at-20.47.00.jpeg 780w\" sizes=\"auto, (max-width: 768px) 100vw, 768px\" \/><\/figure><\/li><li class=\"blocks-gallery-item\"><figure><img loading=\"lazy\" decoding=\"async\" width=\"1024\" height=\"460\" src=\"https:\/\/www.confederaciondelcobre.cl\/wp-content\/uploads\/2021\/10\/WhatsApp-Image-2021-10-18-at-23.11.56-2-1024x460.jpeg\" alt=\"\" data-id=\"2040\" data-link=\"https:\/\/www.confederaciondelcobre.cl\/?attachment_id=2040\" class=\"wp-image-2040\" srcset=\"https:\/\/www.confederaciondelcobre.cl\/wp-content\/uploads\/2021\/10\/WhatsApp-Image-2021-10-18-at-23.11.56-2-1024x460.jpeg 1024w, https:\/\/www.confederaciondelcobre.cl\/wp-content\/uploads\/2021\/10\/WhatsApp-Image-2021-10-18-at-23.11.56-2-300x135.jpeg 300w, https:\/\/www.confederaciondelcobre.cl\/wp-content\/uploads\/2021\/10\/WhatsApp-Image-2021-10-18-at-23.11.56-2-768x345.jpeg 768w, https:\/\/www.confederaciondelcobre.cl\/wp-content\/uploads\/2021\/10\/WhatsApp-Image-2021-10-18-at-23.11.56-2.jpeg 1032w\" sizes=\"auto, (max-width: 1024px) 100vw, 1024px\" \/><\/figure><\/li><li class=\"blocks-gallery-item\"><figure><img loading=\"lazy\" decoding=\"async\" width=\"720\" height=\"391\" src=\"https:\/\/www.confederaciondelcobre.cl\/wp-content\/uploads\/2021\/10\/WhatsApp-Image-2021-10-21-at-18.08.24.jpeg\" alt=\"\" data-id=\"2041\" data-full-url=\"https:\/\/www.confederaciondelcobre.cl\/wp-content\/uploads\/2021\/10\/WhatsApp-Image-2021-10-21-at-18.08.24.jpeg\" data-link=\"https:\/\/www.confederaciondelcobre.cl\/?attachment_id=2041\" class=\"wp-image-2041\" srcset=\"https:\/\/www.confederaciondelcobre.cl\/wp-content\/uploads\/2021\/10\/WhatsApp-Image-2021-10-21-at-18.08.24.jpeg 720w, https:\/\/www.confederaciondelcobre.cl\/wp-content\/uploads\/2021\/10\/WhatsApp-Image-2021-10-21-at-18.08.24-300x163.jpeg 300w\" sizes=\"auto, (max-width: 720px) 100vw, 720px\" \/><\/figure><\/li><li class=\"blocks-gallery-item\"><figure><img loading=\"lazy\" decoding=\"async\" width=\"720\" height=\"460\" src=\"https:\/\/www.confederaciondelcobre.cl\/wp-content\/uploads\/2021\/10\/WhatsApp-Image-2021-10-21-at-18.08.25.jpeg\" alt=\"\" data-id=\"2042\" data-full-url=\"https:\/\/www.confederaciondelcobre.cl\/wp-content\/uploads\/2021\/10\/WhatsApp-Image-2021-10-21-at-18.08.25.jpeg\" data-link=\"https:\/\/www.confederaciondelcobre.cl\/?attachment_id=2042\" class=\"wp-image-2042\" srcset=\"https:\/\/www.confederaciondelcobre.cl\/wp-content\/uploads\/2021\/10\/WhatsApp-Image-2021-10-21-at-18.08.25.jpeg 720w, https:\/\/www.confederaciondelcobre.cl\/wp-content\/uploads\/2021\/10\/WhatsApp-Image-2021-10-21-at-18.08.25-300x192.jpeg 300w\" sizes=\"auto, (max-width: 720px) 100vw, 720px\" \/><\/figure><\/li><li class=\"blocks-gallery-item\"><figure><img loading=\"lazy\" decoding=\"async\" width=\"720\" height=\"481\" src=\"https:\/\/www.confederaciondelcobre.cl\/wp-content\/uploads\/2021\/10\/WhatsApp-Image-2021-10-21-at-18.08.26.jpeg\" alt=\"\" data-id=\"2043\" data-full-url=\"https:\/\/www.confederaciondelcobre.cl\/wp-content\/uploads\/2021\/10\/WhatsApp-Image-2021-10-21-at-18.08.26.jpeg\" data-link=\"https:\/\/www.confederaciondelcobre.cl\/?attachment_id=2043\" class=\"wp-image-2043\" srcset=\"https:\/\/www.confederaciondelcobre.cl\/wp-content\/uploads\/2021\/10\/WhatsApp-Image-2021-10-21-at-18.08.26.jpeg 720w, https:\/\/www.confederaciondelcobre.cl\/wp-content\/uploads\/2021\/10\/WhatsApp-Image-2021-10-21-at-18.08.26-300x200.jpeg 300w\" sizes=\"auto, (max-width: 720px) 100vw, 720px\" \/><\/figure><\/li><li class=\"blocks-gallery-item\"><figure><img loading=\"lazy\" decoding=\"async\" width=\"684\" height=\"1024\" src=\"https:\/\/www.confederaciondelcobre.cl\/wp-content\/uploads\/2021\/10\/WhatsApp-Image-2021-10-21-at-18.08.27-684x1024.jpeg\" alt=\"\" data-id=\"2044\" data-full-url=\"https:\/\/www.confederaciondelcobre.cl\/wp-content\/uploads\/2021\/10\/WhatsApp-Image-2021-10-21-at-18.08.27.jpeg\" data-link=\"https:\/\/www.confederaciondelcobre.cl\/?attachment_id=2044\" class=\"wp-image-2044\" srcset=\"https:\/\/www.confederaciondelcobre.cl\/wp-content\/uploads\/2021\/10\/WhatsApp-Image-2021-10-21-at-18.08.27-684x1024.jpeg 684w, https:\/\/www.confederaciondelcobre.cl\/wp-content\/uploads\/2021\/10\/WhatsApp-Image-2021-10-21-at-18.08.27-200x300.jpeg 200w, https:\/\/www.confederaciondelcobre.cl\/wp-content\/uploads\/2021\/10\/WhatsApp-Image-2021-10-21-at-18.08.27.jpeg 720w\" sizes=\"auto, (max-width: 684px) 100vw, 684px\" \/><\/figure><\/li><li class=\"blocks-gallery-item\"><figure><img loading=\"lazy\" decoding=\"async\" width=\"1024\" height=\"684\" src=\"https:\/\/www.confederaciondelcobre.cl\/wp-content\/uploads\/2021\/10\/WhatsApp-Image-2021-10-21-at-18.08.45-1024x684.jpeg\" alt=\"\" data-id=\"2045\" data-full-url=\"https:\/\/www.confederaciondelcobre.cl\/wp-content\/uploads\/2021\/10\/WhatsApp-Image-2021-10-21-at-18.08.45.jpeg\" data-link=\"https:\/\/www.confederaciondelcobre.cl\/?attachment_id=2045\" class=\"wp-image-2045\" srcset=\"https:\/\/www.confederaciondelcobre.cl\/wp-content\/uploads\/2021\/10\/WhatsApp-Image-2021-10-21-at-18.08.45-1024x684.jpeg 1024w, https:\/\/www.confederaciondelcobre.cl\/wp-content\/uploads\/2021\/10\/WhatsApp-Image-2021-10-21-at-18.08.45-300x200.jpeg 300w, https:\/\/www.confederaciondelcobre.cl\/wp-content\/uploads\/2021\/10\/WhatsApp-Image-2021-10-21-at-18.08.45-768x513.jpeg 768w, https:\/\/www.confederaciondelcobre.cl\/wp-content\/uploads\/2021\/10\/WhatsApp-Image-2021-10-21-at-18.08.45.jpeg 1280w\" sizes=\"auto, (max-width: 1024px) 100vw, 1024px\" \/><\/figure><\/li><\/ul><\/figure>\n","protected":false},"excerpt":{"rendered":"<p>El pasado lunes 18 de octubre, y a dos a\u00f1os del estallido o revuelta social en nuestro pa\u00eds, se realizaron actividades de conmemoraci\u00f3n en todos los territorios en donde la &hellip; <\/p>\n","protected":false},"author":2,"featured_media":2030,"comment_status":"closed","ping_status":"closed","sticky":false,"template":"","format":"standard","meta":{"jetpack_post_was_ever_published":false,"_jetpack_newsletter_access":"","_jetpack_dont_email_post_to_subs":false,"_jetpack_newsletter_tier_id":0,"_jetpack_memberships_contains_paywalled_content":false,"_jetpack_memberships_contains_paid_content":false,"footnotes":"","jetpack_publicize_message":"","jetpack_publicize_feature_enabled":true,"jetpack_social_post_already_shared":false,"jetpack_social_options":{"image_generator_settings":{"template":"highway","default_image_id":0,"enabled":false},"version":2}},"categories":[9,21,14,15,19],"tags":[],"class_list":["post-2029","post","type-post","status-publish","format-standard","has-post-thumbnail","hentry","category-confederacion","category-federaciones","category-movimientos-sociales","category-nacional","category-trabajadores"],"jetpack_publicize_connections":[],"jetpack_featured_media_url":"https:\/\/www.confederaciondelcobre.cl\/wp-content\/uploads\/2021\/10\/Port18O.png","jetpack_sharing_enabled":true,"post_mailing_queue_ids":[],"_links":{"self":[{"href":"https:\/\/www.confederaciondelcobre.cl\/index.php\/wp-json\/wp\/v2\/posts\/2029","targetHints":{"allow":["GET"]}}],"collection":[{"href":"https:\/\/www.confederaciondelcobre.cl\/index.php\/wp-json\/wp\/v2\/posts"}],"about":[{"href":"https:\/\/www.confederaciondelcobre.cl\/index.php\/wp-json\/wp\/v2\/types\/post"}],"author":[{"embeddable":true,"href":"https:\/\/www.confederaciondelcobre.cl\/index.php\/wp-json\/wp\/v2\/users\/2"}],"replies":[{"embeddable":true,"href":"https:\/\/www.confederaciondelcobre.cl\/index.php\/wp-json\/wp\/v2\/comments?post=2029"}],"version-history":[{"count":5,"href":"https:\/\/www.confederaciondelcobre.cl\/index.php\/wp-json\/wp\/v2\/posts\/2029\/revisions"}],"predecessor-version":[{"id":2052,"href":"https:\/\/www.confederaciondelcobre.cl\/index.php\/wp-json\/wp\/v2\/posts\/2029\/revisions\/2052"}],"wp:featuredmedia":[{"embeddable":true,"href":"https:\/\/www.confederaciondelcobre.cl\/index.php\/wp-json\/wp\/v2\/media\/2030"}],"wp:attachment":[{"href":"https:\/\/www.confederaciondelcobre.cl\/index.php\/wp-json\/wp\/v2\/media?parent=2029"}],"wp:term":[{"taxonomy":"category","embeddable":true,"href":"https:\/\/www.confederaciondelcobre.cl\/index.php\/wp-json\/wp\/v2\/categories?post=2029"},{"taxonomy":"post_tag","embeddable":true,"href":"https:\/\/www.confederaciondelcobre.cl\/index.php\/wp-json\/wp\/v2\/tags?post=2029"}],"curies":[{"name":"wp","href":"https:\/\/api.w.org\/{rel}","templated":true}]}}