{"id":204,"date":"2019-05-14T18:03:15","date_gmt":"2019-05-14T18:03:15","guid":{"rendered":"http:\/\/www.ctc2018.cl\/?p=204"},"modified":"2020-04-27T00:19:41","modified_gmt":"2020-04-27T00:19:41","slug":"vicepresidente-de-la-ctc-es-el-nuevo-presidente-del-cosoc-del-ministerio-de-mineria","status":"publish","type":"post","link":"https:\/\/www.confederaciondelcobre.cl\/index.php\/2019\/05\/14\/vicepresidente-de-la-ctc-es-el-nuevo-presidente-del-cosoc-del-ministerio-de-mineria\/","title":{"rendered":"Vicepresidente de la CTC es el nuevo presidente del COSOC del ministerio de miner\u00eda."},"content":{"rendered":"\n<p>Miguel Santana Hidalgo, vicepresidente de la Confederaci\u00f3n de Trabajadores del Cobre (CTC), es el nuevo presidente del Consejo de la Sociedad Civil (Cosoc) del Ministerio de Miner\u00eda, un espacio de participaci\u00f3n ciudadana creada en enero de 2018 con el objetivo de aportar al desarrollo y gesti\u00f3n de las pol\u00edticas p\u00fablicas del sector.<\/p>\n\n\n\n<ul class=\"wp-block-list\"><li>La elecci\u00f3n de la actual directiva se realiz\u00f3 luego del sensible fallecimiento del presidente ejecutivo de la Asociaci\u00f3n de Proveedores Industriales de la Miner\u00eda (Aprimin), Juan Carlos Olivares, quien presidi\u00f3 la instancia desde enero de 2018.<\/li><\/ul>\n\n\n\n<p><strong>Miguel Santana Hidalgo, el nuevo presidente del Cosoc del Ministerio de Miner\u00eda<\/strong>, en relaci\u00f3n a la proyecci\u00f3n y perspectivas para lo que viene, se\u00f1al\u00f3 que&nbsp;<strong>\u201cla idea, para este per\u00edodo, ser\u00e1 centrarse en c\u00f3mo avanzamos hacia una \u201cpol\u00edtica minera 2050\u201d que considere no s\u00f3lo el desarrollo de la industria (minera) sino adem\u00e1s la importancia e incidencia que este sector productivo tiene para el pa\u00eds\u201d.<\/strong><\/p>\n\n\n\n<p>Respecto a los Cosoc indic\u00f3 que&nbsp;<strong>\u201cen estas instancias consultivas, en la actualidad y en tanto miembros de la sociedad civil, solo nos podemos abocar a expresar nuestro parecer y sugerencias frente a lo que los organismos p\u00fablicos presentan y, si bien esta funci\u00f3n es muy importante, debieran convertirse en espacios de real participaci\u00f3n ciudadana. Esto quiere decir que los Cosoc, en general, debiesen transformarse en mecanismos de participaci\u00f3n cuyas&nbsp;resoluciones fuesen vinculantes para los organismos p\u00fablicos\u201d<\/strong>,concluy\u00f3.<\/p>\n","protected":false},"excerpt":{"rendered":"<p>Miguel Santana Hidalgo, vicepresidente de la Confederaci\u00f3n de Trabajadores del Cobre (CTC), es el nuevo presidente del Consejo de la Sociedad Civil (Cosoc) del Ministerio de Miner\u00eda, un espacio de &hellip; <\/p>\n","protected":false},"author":2,"featured_media":206,"comment_status":"open","ping_status":"open","sticky":false,"template":"","format":"standard","meta":{"jetpack_post_was_ever_published":false,"_jetpack_newsletter_access":"","_jetpack_dont_email_post_to_subs":false,"_jetpack_newsletter_tier_id":0,"_jetpack_memberships_contains_paywalled_content":false,"_jetpack_memberships_contains_paid_content":false,"footnotes":"","jetpack_publicize_message":"","jetpack_publicize_feature_enabled":true,"jetpack_social_post_already_shared":false,"jetpack_social_options":{"image_generator_settings":{"template":"highway","default_image_id":0,"enabled":false},"version":2}},"categories":[9,15,19],"tags":[],"class_list":["post-204","post","type-post","status-publish","format-standard","has-post-thumbnail","hentry","category-confederacion","category-nacional","category-trabajadores"],"jetpack_publicize_connections":[],"jetpack_featured_media_url":"https:\/\/www.confederaciondelcobre.cl\/wp-content\/uploads\/2019\/11\/MiguelSantana.jpg","jetpack_sharing_enabled":true,"post_mailing_queue_ids":[],"_links":{"self":[{"href":"https:\/\/www.confederaciondelcobre.cl\/index.php\/wp-json\/wp\/v2\/posts\/204","targetHints":{"allow":["GET"]}}],"collection":[{"href":"https:\/\/www.confederaciondelcobre.cl\/index.php\/wp-json\/wp\/v2\/posts"}],"about":[{"href":"https:\/\/www.confederaciondelcobre.cl\/index.php\/wp-json\/wp\/v2\/types\/post"}],"author":[{"embeddable":true,"href":"https:\/\/www.confederaciondelcobre.cl\/index.php\/wp-json\/wp\/v2\/users\/2"}],"replies":[{"embeddable":true,"href":"https:\/\/www.confederaciondelcobre.cl\/index.php\/wp-json\/wp\/v2\/comments?post=204"}],"version-history":[{"count":1,"href":"https:\/\/www.confederaciondelcobre.cl\/index.php\/wp-json\/wp\/v2\/posts\/204\/revisions"}],"predecessor-version":[{"id":205,"href":"https:\/\/www.confederaciondelcobre.cl\/index.php\/wp-json\/wp\/v2\/posts\/204\/revisions\/205"}],"wp:featuredmedia":[{"embeddable":true,"href":"https:\/\/www.confederaciondelcobre.cl\/index.php\/wp-json\/wp\/v2\/media\/206"}],"wp:attachment":[{"href":"https:\/\/www.confederaciondelcobre.cl\/index.php\/wp-json\/wp\/v2\/media?parent=204"}],"wp:term":[{"taxonomy":"category","embeddable":true,"href":"https:\/\/www.confederaciondelcobre.cl\/index.php\/wp-json\/wp\/v2\/categories?post=204"},{"taxonomy":"post_tag","embeddable":true,"href":"https:\/\/www.confederaciondelcobre.cl\/index.php\/wp-json\/wp\/v2\/tags?post=204"}],"curies":[{"name":"wp","href":"https:\/\/api.w.org\/{rel}","templated":true}]}}