{"id":2061,"date":"2021-11-04T22:19:54","date_gmt":"2021-11-04T22:19:54","guid":{"rendered":"https:\/\/www.confederaciondelcobre.cl\/?p=2061"},"modified":"2021-11-04T22:19:57","modified_gmt":"2021-11-04T22:19:57","slug":"columna-y-sera-hermoso-por-ana-lamas-aguirre","status":"publish","type":"post","link":"https:\/\/www.confederaciondelcobre.cl\/index.php\/2021\/11\/04\/columna-y-sera-hermoso-por-ana-lamas-aguirre\/","title":{"rendered":"[Columna] \u00abY ser\u00e1 hermoso\u00bb, por Ana Lamas Aguirre."},"content":{"rendered":"\n<p>Hubo un tiempo en que los ojos del mundo estuvieron puestos sobre nuestro pa\u00eds Chile. Un tiempo en que un&nbsp; presidente llamado Salvador Allende lleg\u00f3 a La Moneda&nbsp;con&nbsp; su larga trayectoria como luchador social. El \u201ccompa\u00f1ero presidente\u201d, como le llamaba el pueblo, encabezaba un proceso revolucionario por la v\u00eda pac\u00edfica y en democracia, un proyecto transformador, creativo, in\u00e9dito, admirado y aplaudido por los sectores m\u00e1s conscientes y sensibles de la humanidad.<\/p>\n\n\n\n<p>Han transcurrido d\u00e9cadas&nbsp;y, hoy, nuevamente el mundo nos observa con expectativas, emoci\u00f3n, solidaridad, indignaci\u00f3n y rabia. Hoy otro mandatario esta en La Moneda, Sebasti\u00e1n Pi\u00f1era, empresario sin escr\u00fapulos y due\u00f1o de una de las m\u00e1s grandes fortunas del mundo, se ha hecho internacionalmente reconocido como el Presidente mentiroso, ladr\u00f3n y corrupto, y su gobierno como uno de los m\u00e1s brutales, represivos y violadores de los Derechos Humanos de Am\u00e9rica Latina.<\/p>\n\n\n\n<p>A dos a\u00f1os del estallido social del 18 de octubre de 2019, y a 48 a\u00f1os del golpe militar fascista, resuena el metal tranquilo de la voz de Allende quien de manera visionaria y prof\u00e9tica en sus \u00faltimas palabras&nbsp; le dec\u00eda al pueblo : <em>\u201c\u2026 mucho m\u00e1s temprano que tarde, de nuevo se abrir\u00e1n las grandes alamedas por donde pase el hombre libre, para construir una sociedad mejor\u201d<\/em>.<\/p>\n\n\n\n<p>Allende no estaba equivocado. El pueblo est\u00e1 ahora, por fin, abriendo las grandes alamedas para construir una sociedad mejor, y transita por tres v\u00edas principales: la nueva Constituci\u00f3n, la movilizaci\u00f3n sostenida y la disputa electoral.<\/p>\n\n\n\n<p>Pero los grandes poderes econ\u00f3micos, los que entraron a saco a la moneda en 1973, los saqueadores del pa\u00eds, sus herederos y testaferros, no se quedan de brazos cruzados. Por el contrario, defienden sus privilegios echando mano a cuanta argucia y artima\u00f1a est\u00e1n a su disposici\u00f3n, pero principalmente a la represi\u00f3n brutal y a la manipulaci\u00f3n medi\u00e1tica. En su infinita codicia y deshumanizaci\u00f3n, reprimen al pueblo a mano armada, encarcelan, violan, torturan y revientan ojos. \u00a1Pero ellos, horrorizados, condenan la violencia!<\/p>\n\n\n\n<p>Financian sus empresas con los ahorros de las y los trabajadores, roban, malversan caudales p\u00fablicos, evaden impuestos, negocian en para\u00edsos fiscales, coimean parlamentarios y autoridades. \u00a1Pero ellos condenan la violencia!<\/p>\n\n\n\n<p>Lucran con la educaci\u00f3n, la salud, la previsi\u00f3n social y la vivienda, precarizan el empleo y mercantilizan los derechos sociales. \u00a1Pero condenan la violencia!<\/p>\n\n\n\n<p>Pero no condenan la violencia estructural, la que es propia e inherente al modelo, porque son ellos quienes la ejercen, violencia que les permite mantener a buen recaudo sus inmensas fortunas. Condenan la violencia y mienten. Ocultan la historia y no dicen que, a lo largo de dos siglos, las elites de este pa\u00eds, sus ancestros primero, y luego ellos, han venido construyendo un Estado profundamente enraizado en la violencia. Un Estado levantado a fuerza de genocidio, de exterminio de pueblos originarios, de eliminaci\u00f3n de culturas ancestrales, de guerras de expansi\u00f3n y despojo territorial, de matanzas de obreros, de golpes de Estado y dictaduras militares, de tortura, de exilio, de miseria forzada, de negaci\u00f3n de justicia, de conculcaci\u00f3n de derechos, de poderes f\u00e1cticos y de prisi\u00f3n pol\u00edtica. De guerra interminable contra el pueblo mapuche que lucha por recuperar su tierra arrebatada. De corrupci\u00f3n institucional, de violencia f\u00edsica, de violencia econ\u00f3mica, social, cultural y pol\u00edtica. De aberrantes desigualdades sociales, de homofobia, de xenofobia, de patriarcado y discriminaci\u00f3n a la mujer, de abandono a los adultos mayores, de desprotecci\u00f3n a la infancia.<\/p>\n\n\n\n<p>Las y los trabajadores conocemos la violencia de la subcontrataci\u00f3n, de las condiciones laborales inseguras, de los contratos precarios, de la explotaci\u00f3n, del acoso laboral y los abusos patronales, de los salarios miserables, de las maniobras antisindicales, de los despidos injustos, del desempleo, de la vulneraci\u00f3n a nuestros derechos de sindicalizaci\u00f3n, negociaci\u00f3n colectiva y huelga.&nbsp; Esa es la violencia del sistema, la violencia estructural, la violencia de los ricos y poderosos. La violencia que institucionalizan en ley antibarricadas, en ley antiencapuchados, en ley antiterrorista. La violencia que ejercen, pero callan y silencian. La violencia cuyo \u00fanico prop\u00f3sito es proteger sus privilegios y aplastar la leg\u00edtima protesta social.<\/p>\n\n\n\n<p>Pero el pueblo ha despertado, se ha levantado, se defiende y no est\u00e1 dispuesto a volver atr\u00e1s. Ha dado un salto cuantitativo y cualitativo en la lucha de clases. Y en una demostraci\u00f3n palpable del poder transformador del pueblo movilizado, construir\u00e1 un Chile nuevo, no violento, no represor. Un Estado realmente democr\u00e1tico en todo el profundo y amplio sentido de la palabra. Y ser\u00e1 hermoso.<\/p>\n\n\n\n<ul class=\"wp-block-list\"><li><strong><strong>Columna escrita por Ana Lamas Aguirre, Secretaria General de la Confederaci\u00f3n de Trabajadores del Cobre, y Presidenta de la Federaci\u00f3n de Sindicatos El Salvador<\/strong><\/strong>.<\/li><\/ul>\n","protected":false},"excerpt":{"rendered":"<p>Hubo un tiempo en que los ojos del mundo estuvieron puestos sobre nuestro pa\u00eds Chile. Un tiempo en que un&nbsp; presidente llamado Salvador Allende lleg\u00f3 a La Moneda&nbsp;con&nbsp; su larga &hellip; <\/p>\n","protected":false},"author":2,"featured_media":2066,"comment_status":"closed","ping_status":"closed","sticky":false,"template":"","format":"standard","meta":{"jetpack_post_was_ever_published":false,"_jetpack_newsletter_access":"","_jetpack_dont_email_post_to_subs":false,"_jetpack_newsletter_tier_id":0,"_jetpack_memberships_contains_paywalled_content":false,"_jetpack_memberships_contains_paid_content":false,"footnotes":"","jetpack_publicize_message":"","jetpack_publicize_feature_enabled":true,"jetpack_social_post_already_shared":false,"jetpack_social_options":{"image_generator_settings":{"template":"highway","default_image_id":0,"enabled":false},"version":2}},"categories":[30,9,14,15],"tags":[],"class_list":["post-2061","post","type-post","status-publish","format-standard","has-post-thumbnail","hentry","category-columna-de-opinion","category-confederacion","category-movimientos-sociales","category-nacional"],"jetpack_publicize_connections":[],"jetpack_featured_media_url":"https:\/\/www.confederaciondelcobre.cl\/wp-content\/uploads\/2021\/11\/PortColAnaLamas.jpg","jetpack_sharing_enabled":true,"post_mailing_queue_ids":[],"_links":{"self":[{"href":"https:\/\/www.confederaciondelcobre.cl\/index.php\/wp-json\/wp\/v2\/posts\/2061","targetHints":{"allow":["GET"]}}],"collection":[{"href":"https:\/\/www.confederaciondelcobre.cl\/index.php\/wp-json\/wp\/v2\/posts"}],"about":[{"href":"https:\/\/www.confederaciondelcobre.cl\/index.php\/wp-json\/wp\/v2\/types\/post"}],"author":[{"embeddable":true,"href":"https:\/\/www.confederaciondelcobre.cl\/index.php\/wp-json\/wp\/v2\/users\/2"}],"replies":[{"embeddable":true,"href":"https:\/\/www.confederaciondelcobre.cl\/index.php\/wp-json\/wp\/v2\/comments?post=2061"}],"version-history":[{"count":6,"href":"https:\/\/www.confederaciondelcobre.cl\/index.php\/wp-json\/wp\/v2\/posts\/2061\/revisions"}],"predecessor-version":[{"id":2069,"href":"https:\/\/www.confederaciondelcobre.cl\/index.php\/wp-json\/wp\/v2\/posts\/2061\/revisions\/2069"}],"wp:featuredmedia":[{"embeddable":true,"href":"https:\/\/www.confederaciondelcobre.cl\/index.php\/wp-json\/wp\/v2\/media\/2066"}],"wp:attachment":[{"href":"https:\/\/www.confederaciondelcobre.cl\/index.php\/wp-json\/wp\/v2\/media?parent=2061"}],"wp:term":[{"taxonomy":"category","embeddable":true,"href":"https:\/\/www.confederaciondelcobre.cl\/index.php\/wp-json\/wp\/v2\/categories?post=2061"},{"taxonomy":"post_tag","embeddable":true,"href":"https:\/\/www.confederaciondelcobre.cl\/index.php\/wp-json\/wp\/v2\/tags?post=2061"}],"curies":[{"name":"wp","href":"https:\/\/api.w.org\/{rel}","templated":true}]}}