{"id":2073,"date":"2021-11-29T14:00:13","date_gmt":"2021-11-29T14:00:13","guid":{"rendered":"https:\/\/www.confederaciondelcobre.cl\/?p=2073"},"modified":"2021-11-29T14:00:14","modified_gmt":"2021-11-29T14:00:14","slug":"comunicadoctc-al-pueblo-de-chile-y-la-clase-trabajadora","status":"publish","type":"post","link":"https:\/\/www.confederaciondelcobre.cl\/index.php\/2021\/11\/29\/comunicadoctc-al-pueblo-de-chile-y-la-clase-trabajadora\/","title":{"rendered":"#ComunicadoCTC al pueblo de Chile y la clase trabajadora."},"content":{"rendered":"\n<p><strong>Por un Chile Digno<\/strong><\/p>\n\n\n\n<p>Al pueblo de Chile y la clase trabajadora.<\/p>\n\n\n\n<p>Chile vive un momento crucial de su Historia. De la decisi\u00f3n que el pueblo y la clase trabajadora tome el pr\u00f3ximo 19 de diciembre depender\u00e1 si seguimos avanzando en la construcci\u00f3n de una democracia real, como fue el mandato del alzamiento popular y como es el esp\u00edritu que anima a la nueva Constituci\u00f3n, o caemos en las manos de un gobierno fascista que s\u00f3lo ser\u00eda comparable al r\u00e9gimen militar criminal que aplast\u00f3 al pueblo durante los a\u00f1os m\u00e1s oscuros de nuestra vida como pa\u00eds.<\/p>\n\n\n\n<p>\u00bfC\u00f3mo hemos llegado a esto? En un apretado recuento de la historia reciente, chilenas y chilenos transitamos por diecisiete a\u00f1os de dictadura y cuarenta y ocho a\u00f1os de neoliberalismo dictatorial salvaje, controlado por empresarios corruptos y resguardado por un brutal aparato represivo. El gobierno de Sebasti\u00e1n Pi\u00f1era y su secuela de cr\u00edmenes y violaciones a los Derechos Humanos es la gota que rebalsa el vaso, y llega, por fin, el d\u00eda en que el pueblo no soporta m\u00e1s y se rebela en el m\u00e1s grande alzamiento popular que conoce nuestra Historia. La potente movilizaci\u00f3n social abre camino a la nueva Constituci\u00f3n que deber\u00e1 cambiar Chile, mientras los poderosos, por primera vez en casi cinco d\u00e9cadas, ven amenazados sus privilegios y el modelo neoliberal se ve en serio riesgo de colapsar estrepitosamente. Pero el animal herido es el m\u00e1s peligroso. El poder comunicacional del sistema ha hecho su trabajo, infunde el miedo, la desesperanza, el apoliticismo y la resignaci\u00f3n, y millones de electores no van a votar. Como resultado, el peligro de que un engendro del pinochetismo pueda instalarse \u201cdemocr\u00e1ticamente\u201d en La Moneda. &nbsp;<\/p>\n\n\n\n<p>Las y los trabajadores de Chile tenemos en nuestras manos la responsabilidad hist\u00f3rica de parar al fascismo. La Confederaci\u00f3n de Trabajadores del Cobre llama a las y los trabajadores del pa\u00eds a rechazar de la manera m\u00e1s categ\u00f3rica las pretensiones del candidato de la ultraderecha, que se declara contrario a una nueva Constituci\u00f3n, que admira sin tapujos a Pinochet y los violadores de Derechos Humanos, y que&nbsp; persigue profundizar la flexibilidad laboral, bajar la tributaci\u00f3n de las grandes empresas, privatizar las empresas del Estado (incluida Codelco), subir la edad de jubilaci\u00f3n, mantener las AFP, volver a penalizar el aborto por cualquier causal, aumentar la represi\u00f3n policial y militar contra el pueblo mapuche y el movimiento social, perseguir y detener en cualquier lugar a dirigentes y opositores de izquierda, entre otras barbaridades que figuran en su programa.<\/p>\n\n\n\n<p>En este momento hist\u00f3rico de definiciones, apelamos a la conciencia y la sabidur\u00eda de la clase trabajadora y del pueblo en general para entregar su activo y decidido apoyo a Gabriel Boric, quien debe ser el pr\u00f3ximo Presidente de la Rep\u00fablica, como \u00fanica opci\u00f3n democr\u00e1tica que asegura al pueblo el pleno respeto a las conquistas sindicales, feministas, ecologistas, culturales, sociales y pol\u00edticas alcanzadas hasta ahora, y el respeto irrestricto a los Derechos Humanos de todas todos.<\/p>\n\n\n\n<p class=\"has-text-align-center\">\u00a1A PARAR EL FASCISMO!<\/p>\n\n\n\n<p class=\"has-text-align-center\">\u00a1TODAS Y TODOS SOMOS BORIC!<\/p>\n\n\n\n<p class=\"has-text-align-center\">\u00a1ARRIBA LAS Y LOS QUE LUCHAN Y NO SE RINDEN JAM\u00c1S!<\/p>\n\n\n\n<p class=\"has-text-align-center has-medium-font-size\"><strong>CONFEDERACI\u00d3N DE TRABAJADORES DEL COBRE<\/strong><\/p>\n\n\n\n<p class=\"has-text-align-right\">Chile, 29 de noviembre de 2021<\/p>\n\n\n\n<figure class=\"wp-block-image size-large\"><img loading=\"lazy\" decoding=\"async\" width=\"650\" height=\"1024\" src=\"https:\/\/www.confederaciondelcobre.cl\/wp-content\/uploads\/2021\/11\/ComunicadoCTC-650x1024.png\" alt=\"\" class=\"wp-image-2075\" srcset=\"https:\/\/www.confederaciondelcobre.cl\/wp-content\/uploads\/2021\/11\/ComunicadoCTC-650x1024.png 650w, https:\/\/www.confederaciondelcobre.cl\/wp-content\/uploads\/2021\/11\/ComunicadoCTC-191x300.png 191w, https:\/\/www.confederaciondelcobre.cl\/wp-content\/uploads\/2021\/11\/ComunicadoCTC.png 686w\" sizes=\"auto, (max-width: 650px) 100vw, 650px\" \/><\/figure>\n","protected":false},"excerpt":{"rendered":"<p>Por un Chile Digno Al pueblo de Chile y la clase trabajadora. Chile vive un momento crucial de su Historia. De la decisi\u00f3n que el pueblo y la clase trabajadora &hellip; <\/p>\n","protected":false},"author":2,"featured_media":2074,"comment_status":"closed","ping_status":"closed","sticky":false,"template":"","format":"standard","meta":{"jetpack_post_was_ever_published":false,"_jetpack_newsletter_access":"","_jetpack_dont_email_post_to_subs":false,"_jetpack_newsletter_tier_id":0,"_jetpack_memberships_contains_paywalled_content":false,"_jetpack_memberships_contains_paid_content":false,"footnotes":"","jetpack_publicize_message":"","jetpack_publicize_feature_enabled":true,"jetpack_social_post_already_shared":false,"jetpack_social_options":{"image_generator_settings":{"template":"highway","default_image_id":0,"enabled":false},"version":2}},"categories":[8,9,21,14,15,19],"tags":[],"class_list":["post-2073","post","type-post","status-publish","format-standard","has-post-thumbnail","hentry","category-comunicado","category-confederacion","category-federaciones","category-movimientos-sociales","category-nacional","category-trabajadores"],"jetpack_publicize_connections":[],"jetpack_featured_media_url":"https:\/\/www.confederaciondelcobre.cl\/wp-content\/uploads\/2021\/11\/Portada-Comunicado.jpg","jetpack_sharing_enabled":true,"post_mailing_queue_ids":[],"_links":{"self":[{"href":"https:\/\/www.confederaciondelcobre.cl\/index.php\/wp-json\/wp\/v2\/posts\/2073","targetHints":{"allow":["GET"]}}],"collection":[{"href":"https:\/\/www.confederaciondelcobre.cl\/index.php\/wp-json\/wp\/v2\/posts"}],"about":[{"href":"https:\/\/www.confederaciondelcobre.cl\/index.php\/wp-json\/wp\/v2\/types\/post"}],"author":[{"embeddable":true,"href":"https:\/\/www.confederaciondelcobre.cl\/index.php\/wp-json\/wp\/v2\/users\/2"}],"replies":[{"embeddable":true,"href":"https:\/\/www.confederaciondelcobre.cl\/index.php\/wp-json\/wp\/v2\/comments?post=2073"}],"version-history":[{"count":1,"href":"https:\/\/www.confederaciondelcobre.cl\/index.php\/wp-json\/wp\/v2\/posts\/2073\/revisions"}],"predecessor-version":[{"id":2076,"href":"https:\/\/www.confederaciondelcobre.cl\/index.php\/wp-json\/wp\/v2\/posts\/2073\/revisions\/2076"}],"wp:featuredmedia":[{"embeddable":true,"href":"https:\/\/www.confederaciondelcobre.cl\/index.php\/wp-json\/wp\/v2\/media\/2074"}],"wp:attachment":[{"href":"https:\/\/www.confederaciondelcobre.cl\/index.php\/wp-json\/wp\/v2\/media?parent=2073"}],"wp:term":[{"taxonomy":"category","embeddable":true,"href":"https:\/\/www.confederaciondelcobre.cl\/index.php\/wp-json\/wp\/v2\/categories?post=2073"},{"taxonomy":"post_tag","embeddable":true,"href":"https:\/\/www.confederaciondelcobre.cl\/index.php\/wp-json\/wp\/v2\/tags?post=2073"}],"curies":[{"name":"wp","href":"https:\/\/api.w.org\/{rel}","templated":true}]}}