{"id":2077,"date":"2021-12-02T17:43:43","date_gmt":"2021-12-02T17:43:43","guid":{"rendered":"https:\/\/www.confederaciondelcobre.cl\/?p=2077"},"modified":"2021-12-02T17:45:27","modified_gmt":"2021-12-02T17:45:27","slug":"video-sobre-la-violencia","status":"publish","type":"post","link":"https:\/\/www.confederaciondelcobre.cl\/index.php\/2021\/12\/02\/video-sobre-la-violencia\/","title":{"rendered":"[Video] Sobre la violencia."},"content":{"rendered":"\n<p>Las y los trabajadores sabemos de violencia econ\u00f3mica, social, cultural y pol\u00edtica. Conocemos la violencia de la subcontrataci\u00f3n, de las condiciones laborales inseguras, de los contratos precarios, de la explotaci\u00f3n de los salarios miserables, de las maniobras antisindicales, de los despidos injustos, de la vulneraci\u00f3n a nuestros derechos de sindicalizaci\u00f3n, negociaci\u00f3n colectiva y huelga. Pero el pueblo ha despertado, se ha levantado, se defiende y no est\u00e1 dispuesto a volver atr\u00e1s. Ha dado un salto cuantitativo y cualitativo en la lucha de clases, y en una demostraci\u00f3n palpable del poder transformador del pueblo movilizado, construir\u00e1 un Chile nuevo, no violento, no represor, un Estado realmente democr\u00e1tico en todo el amplio sentido de la palabra. Y ser\u00e1 hermoso.<\/p>\n\n\n\n<figure class=\"wp-block-embed is-type-video is-provider-youtube wp-block-embed-youtube wp-embed-aspect-16-9 wp-has-aspect-ratio\"><div class=\"wp-block-embed__wrapper\">\n<div class=\"jetpack-video-wrapper\"><iframe loading=\"lazy\" title=\"Sobre la violencia\" width=\"735\" height=\"413\" src=\"https:\/\/www.youtube.com\/embed\/fQ6gfXG_7W0?feature=oembed\" frameborder=\"0\" allow=\"accelerometer; autoplay; clipboard-write; encrypted-media; gyroscope; picture-in-picture\" allowfullscreen><\/iframe><\/div>\n<\/div><\/figure>\n","protected":false},"excerpt":{"rendered":"<p>Las y los trabajadores sabemos de violencia econ\u00f3mica, social, cultural y pol\u00edtica. Conocemos la violencia de la subcontrataci\u00f3n, de las condiciones laborales inseguras, de los contratos precarios, de la explotaci\u00f3n &hellip; <\/p>\n","protected":false},"author":2,"featured_media":2078,"comment_status":"closed","ping_status":"closed","sticky":false,"template":"","format":"standard","meta":{"jetpack_post_was_ever_published":false,"_jetpack_newsletter_access":"","_jetpack_dont_email_post_to_subs":false,"_jetpack_newsletter_tier_id":0,"_jetpack_memberships_contains_paywalled_content":false,"_jetpack_memberships_contains_paid_content":false,"footnotes":"","jetpack_publicize_message":"","jetpack_publicize_feature_enabled":true,"jetpack_social_post_already_shared":false,"jetpack_social_options":{"image_generator_settings":{"template":"highway","default_image_id":0,"enabled":false},"version":2}},"categories":[9,21,14,15,19],"tags":[],"class_list":["post-2077","post","type-post","status-publish","format-standard","has-post-thumbnail","hentry","category-confederacion","category-federaciones","category-movimientos-sociales","category-nacional","category-trabajadores"],"jetpack_publicize_connections":[],"jetpack_featured_media_url":"https:\/\/www.confederaciondelcobre.cl\/wp-content\/uploads\/2021\/12\/PortVidViolencia.jpg","jetpack_sharing_enabled":true,"post_mailing_queue_ids":[],"_links":{"self":[{"href":"https:\/\/www.confederaciondelcobre.cl\/index.php\/wp-json\/wp\/v2\/posts\/2077","targetHints":{"allow":["GET"]}}],"collection":[{"href":"https:\/\/www.confederaciondelcobre.cl\/index.php\/wp-json\/wp\/v2\/posts"}],"about":[{"href":"https:\/\/www.confederaciondelcobre.cl\/index.php\/wp-json\/wp\/v2\/types\/post"}],"author":[{"embeddable":true,"href":"https:\/\/www.confederaciondelcobre.cl\/index.php\/wp-json\/wp\/v2\/users\/2"}],"replies":[{"embeddable":true,"href":"https:\/\/www.confederaciondelcobre.cl\/index.php\/wp-json\/wp\/v2\/comments?post=2077"}],"version-history":[{"count":2,"href":"https:\/\/www.confederaciondelcobre.cl\/index.php\/wp-json\/wp\/v2\/posts\/2077\/revisions"}],"predecessor-version":[{"id":2080,"href":"https:\/\/www.confederaciondelcobre.cl\/index.php\/wp-json\/wp\/v2\/posts\/2077\/revisions\/2080"}],"wp:featuredmedia":[{"embeddable":true,"href":"https:\/\/www.confederaciondelcobre.cl\/index.php\/wp-json\/wp\/v2\/media\/2078"}],"wp:attachment":[{"href":"https:\/\/www.confederaciondelcobre.cl\/index.php\/wp-json\/wp\/v2\/media?parent=2077"}],"wp:term":[{"taxonomy":"category","embeddable":true,"href":"https:\/\/www.confederaciondelcobre.cl\/index.php\/wp-json\/wp\/v2\/categories?post=2077"},{"taxonomy":"post_tag","embeddable":true,"href":"https:\/\/www.confederaciondelcobre.cl\/index.php\/wp-json\/wp\/v2\/tags?post=2077"}],"curies":[{"name":"wp","href":"https:\/\/api.w.org\/{rel}","templated":true}]}}