{"id":2083,"date":"2021-12-09T15:07:30","date_gmt":"2021-12-09T15:07:30","guid":{"rendered":"https:\/\/www.confederaciondelcobre.cl\/?p=2083"},"modified":"2021-12-09T15:07:31","modified_gmt":"2021-12-09T15:07:31","slug":"iv-festival-nelson-en-la-memoria","status":"publish","type":"post","link":"https:\/\/www.confederaciondelcobre.cl\/index.php\/2021\/12\/09\/iv-festival-nelson-en-la-memoria\/","title":{"rendered":"IV Festival Nelson en la memoria"},"content":{"rendered":"\n<p>Este s\u00e1bado 11 de diciembre, a partir de las 20:00 horas y v\u00eda FacebookLive (<a rel=\"noreferrer noopener\" href=\"https:\/\/www.facebook.com\/ConfederaciondeTrabajadoresdelCobre\/\" target=\"_blank\">en nuestro sitio de Facebook<\/a>) ser\u00e1 transmitido el cuarto Festival Nelson en la Memoria. Su vida, su lucha, que es la de todas y todos los trabajadores, la reivindicamos con expresiones art\u00edsticas a la vez que continuamos en la b\u00fasqueda de verdad y justicia por su asesinato a manos de fueras represivas del Estado. La lucha sigue! <\/p>\n\n\n\n<ul class=\"wp-block-list\"><li><em><strong>Nelson Quichillao L\u00f3pez<\/strong>\u00a0era un trabajador subcontratado de la miner\u00eda del cobre, socio del Sindicato N\u00ba2 de Geovita, afiliado a la Federaci\u00f3n de Sindicatos El Salvador (FESAL) que es brazo org\u00e1nico de la Confederaci\u00f3n de Trabajadores del Cobre (CTC) en la Regi\u00f3n de Atacama. Nelson se manifestaba junto a sus compa\u00f1eros en el campamento Minero de El Salvador por la renovaci\u00f3n, ampliaci\u00f3n y mejoramiento del a\u00fan vigente Acuerdo Marco entre la CTC y Codelco (firmado el 2007, renovado el 2009, 2011 y 2013) el a\u00f1o 2015. Es en ese contexto en que las autoridades del momento tomaron la determinaci\u00f3n de reprimir la movilizaci\u00f3n nacional de las y los trabajadores contratistas y subcontratistas de la miner\u00eda del cobre. Una represi\u00f3n criminal, llevada a cabo por FF.EE de Carabineros, que se desat\u00f3 en la madrugada del 24 de julio, de manera planificada y clandestina, dejando a muchos compa\u00f1eros heridos y a Nelson Quichillao muerto de un disparo.<\/em><\/li><\/ul>\n\n\n\n<figure class=\"wp-block-image size-large\"><img loading=\"lazy\" decoding=\"async\" width=\"1024\" height=\"1024\" src=\"https:\/\/www.confederaciondelcobre.cl\/wp-content\/uploads\/2021\/12\/NEM-1024x1024.jpeg\" alt=\"\" class=\"wp-image-2085\" srcset=\"https:\/\/www.confederaciondelcobre.cl\/wp-content\/uploads\/2021\/12\/NEM-1024x1024.jpeg 1024w, https:\/\/www.confederaciondelcobre.cl\/wp-content\/uploads\/2021\/12\/NEM-300x300.jpeg 300w, https:\/\/www.confederaciondelcobre.cl\/wp-content\/uploads\/2021\/12\/NEM-150x150.jpeg 150w, https:\/\/www.confederaciondelcobre.cl\/wp-content\/uploads\/2021\/12\/NEM-768x768.jpeg 768w, https:\/\/www.confederaciondelcobre.cl\/wp-content\/uploads\/2021\/12\/NEM.jpeg 1080w\" sizes=\"auto, (max-width: 1024px) 100vw, 1024px\" \/><\/figure>\n\n\n\n<p>Te pueden interesar las siguientes publicaciones relacionadas, vis\u00edtalas haciendo click en los siguientes enlaces:<\/p>\n\n\n\n<p><a rel=\"noreferrer noopener\" href=\"https:\/\/www.confederaciondelcobre.cl\/index.php\/2021\/07\/25\/nelson-quichillao-conmemoracion-en-el-salvador\/\" target=\"_blank\">Nelson Quichillao: conmemoraci\u00f3n en El Salvador<\/a><\/p>\n\n\n\n<p><a rel=\"noreferrer noopener\" href=\"https:\/\/www.confederaciondelcobre.cl\/index.php\/2021\/07\/24\/nelson-quichillao-a-seis-anos-de-su-asesinato-a-manos-de-fuerzas-represivas-del-estado-de-chile\/\" target=\"_blank\">Nelson Quichillao, a seis a\u00f1os de su asesinato a manos de fuerzas represivas del Estado de Chile.<\/a><\/p>\n\n\n\n<p><a rel=\"noreferrer noopener\" href=\"https:\/\/www.confederaciondelcobre.cl\/index.php\/2020\/06\/08\/nelson-quichillao-estado-de-chile-debera-informar-a-la-cidh\/\" target=\"_blank\">Nelson Quichillao: Estado de Chile deber\u00e1 informar a la CIDH.<\/a><\/p>\n","protected":false},"excerpt":{"rendered":"<p>Este s\u00e1bado 11 de diciembre, a partir de las 20:00 horas y v\u00eda FacebookLive (en nuestro sitio de Facebook) ser\u00e1 transmitido el cuarto Festival Nelson en la Memoria. Su vida, &hellip; <\/p>\n","protected":false},"author":2,"featured_media":2084,"comment_status":"closed","ping_status":"closed","sticky":false,"template":"","format":"standard","meta":{"jetpack_post_was_ever_published":false,"_jetpack_newsletter_access":"","_jetpack_dont_email_post_to_subs":false,"_jetpack_newsletter_tier_id":0,"_jetpack_memberships_contains_paywalled_content":false,"_jetpack_memberships_contains_paid_content":false,"footnotes":"","jetpack_publicize_message":"","jetpack_publicize_feature_enabled":true,"jetpack_social_post_already_shared":false,"jetpack_social_options":{"image_generator_settings":{"template":"highway","default_image_id":0,"enabled":false},"version":2}},"categories":[5,23,9,21,28,14,15,17,19],"tags":[],"class_list":["post-2083","post","type-post","status-publish","format-standard","has-post-thumbnail","hentry","category-acuerdo-marco","category-acuerdo-marco-codelco","category-confederacion","category-federaciones","category-fesal","category-movimientos-sociales","category-nacional","category-regiones","category-trabajadores"],"jetpack_publicize_connections":[],"jetpack_featured_media_url":"https:\/\/www.confederaciondelcobre.cl\/wp-content\/uploads\/2021\/12\/PortNEM.jpg","jetpack_sharing_enabled":true,"post_mailing_queue_ids":[],"_links":{"self":[{"href":"https:\/\/www.confederaciondelcobre.cl\/index.php\/wp-json\/wp\/v2\/posts\/2083","targetHints":{"allow":["GET"]}}],"collection":[{"href":"https:\/\/www.confederaciondelcobre.cl\/index.php\/wp-json\/wp\/v2\/posts"}],"about":[{"href":"https:\/\/www.confederaciondelcobre.cl\/index.php\/wp-json\/wp\/v2\/types\/post"}],"author":[{"embeddable":true,"href":"https:\/\/www.confederaciondelcobre.cl\/index.php\/wp-json\/wp\/v2\/users\/2"}],"replies":[{"embeddable":true,"href":"https:\/\/www.confederaciondelcobre.cl\/index.php\/wp-json\/wp\/v2\/comments?post=2083"}],"version-history":[{"count":1,"href":"https:\/\/www.confederaciondelcobre.cl\/index.php\/wp-json\/wp\/v2\/posts\/2083\/revisions"}],"predecessor-version":[{"id":2086,"href":"https:\/\/www.confederaciondelcobre.cl\/index.php\/wp-json\/wp\/v2\/posts\/2083\/revisions\/2086"}],"wp:featuredmedia":[{"embeddable":true,"href":"https:\/\/www.confederaciondelcobre.cl\/index.php\/wp-json\/wp\/v2\/media\/2084"}],"wp:attachment":[{"href":"https:\/\/www.confederaciondelcobre.cl\/index.php\/wp-json\/wp\/v2\/media?parent=2083"}],"wp:term":[{"taxonomy":"category","embeddable":true,"href":"https:\/\/www.confederaciondelcobre.cl\/index.php\/wp-json\/wp\/v2\/categories?post=2083"},{"taxonomy":"post_tag","embeddable":true,"href":"https:\/\/www.confederaciondelcobre.cl\/index.php\/wp-json\/wp\/v2\/tags?post=2083"}],"curies":[{"name":"wp","href":"https:\/\/api.w.org\/{rel}","templated":true}]}}