{"id":2087,"date":"2021-12-16T15:55:29","date_gmt":"2021-12-16T15:55:29","guid":{"rendered":"https:\/\/www.confederaciondelcobre.cl\/?p=2087"},"modified":"2021-12-16T15:55:31","modified_gmt":"2021-12-16T15:55:31","slug":"iv-festival-nelson-en-la-memoria-se-realizo-en-sede-central-de-la-ctc","status":"publish","type":"post","link":"https:\/\/www.confederaciondelcobre.cl\/index.php\/2021\/12\/16\/iv-festival-nelson-en-la-memoria-se-realizo-en-sede-central-de-la-ctc\/","title":{"rendered":"IV Festival Nelson en la memoria se realiz\u00f3 en sede central de la CTC."},"content":{"rendered":"\n<p>El S\u00e1bado 11 de diciembre, y por primera vez en la sede central de la Confederaci\u00f3n de Trabajadores del Cobre (CTC) en Santiago, se realiz\u00f3 la IV versi\u00f3n del Festival Cultural Nelson en la memoria. El evento, que junto con <strong>promover la resistencia frente al sistem\u00e1tico atropello a los derechos de las y los trabajadores<\/strong>, y, en particular, el <strong>no olvido ante el asesinato de nuestro compa\u00f1ero Nelson Quichillao<\/strong> a manos de fuerzas represivas del Estado de Chile mientras se manifestaba por mejores condiciones laborales en el campamento minero de El Salvador el a\u00f1o 2015, tiene por objetivo <strong>incentivar y difundir la creaci\u00f3n por parte de ni\u00f1as, ni\u00f1os y adolescentes, como tambi\u00e9n de personas adultas y mayores en las m\u00e1s diversas disciplinas art\u00edsticas<\/strong>.<\/p>\n\n\n\n<figure class=\"wp-block-gallery columns-2 is-cropped wp-block-gallery-1 is-layout-flex wp-block-gallery-is-layout-flex\"><ul class=\"blocks-gallery-grid\"><li class=\"blocks-gallery-item\"><figure><img loading=\"lazy\" decoding=\"async\" width=\"1024\" height=\"576\" src=\"https:\/\/www.confederaciondelcobre.cl\/wp-content\/uploads\/2021\/12\/1-1-1024x576.jpg\" alt=\"\" data-id=\"2111\" data-full-url=\"https:\/\/www.confederaciondelcobre.cl\/wp-content\/uploads\/2021\/12\/1-1-scaled.jpg\" data-link=\"https:\/\/www.confederaciondelcobre.cl\/?attachment_id=2111\" class=\"wp-image-2111\" srcset=\"https:\/\/www.confederaciondelcobre.cl\/wp-content\/uploads\/2021\/12\/1-1-1024x576.jpg 1024w, https:\/\/www.confederaciondelcobre.cl\/wp-content\/uploads\/2021\/12\/1-1-300x169.jpg 300w, https:\/\/www.confederaciondelcobre.cl\/wp-content\/uploads\/2021\/12\/1-1-768x432.jpg 768w, https:\/\/www.confederaciondelcobre.cl\/wp-content\/uploads\/2021\/12\/1-1-1536x864.jpg 1536w, https:\/\/www.confederaciondelcobre.cl\/wp-content\/uploads\/2021\/12\/1-1-2048x1152.jpg 2048w\" sizes=\"auto, (max-width: 1024px) 100vw, 1024px\" \/><\/figure><\/li><li class=\"blocks-gallery-item\"><figure><img loading=\"lazy\" decoding=\"async\" width=\"1024\" height=\"576\" src=\"https:\/\/www.confederaciondelcobre.cl\/wp-content\/uploads\/2021\/12\/2-1024x576.jpg\" alt=\"\" data-id=\"2112\" data-full-url=\"https:\/\/www.confederaciondelcobre.cl\/wp-content\/uploads\/2021\/12\/2-scaled.jpg\" data-link=\"https:\/\/www.confederaciondelcobre.cl\/?attachment_id=2112\" class=\"wp-image-2112\" srcset=\"https:\/\/www.confederaciondelcobre.cl\/wp-content\/uploads\/2021\/12\/2-1024x576.jpg 1024w, https:\/\/www.confederaciondelcobre.cl\/wp-content\/uploads\/2021\/12\/2-300x169.jpg 300w, https:\/\/www.confederaciondelcobre.cl\/wp-content\/uploads\/2021\/12\/2-768x432.jpg 768w, https:\/\/www.confederaciondelcobre.cl\/wp-content\/uploads\/2021\/12\/2-1536x864.jpg 1536w, https:\/\/www.confederaciondelcobre.cl\/wp-content\/uploads\/2021\/12\/2-2048x1152.jpg 2048w\" sizes=\"auto, (max-width: 1024px) 100vw, 1024px\" \/><\/figure><\/li><\/ul><\/figure>\n\n\n\n<p>La jornada, cabe destacar, parti\u00f3 con un conversatorio que tuvo como ejes los derechos laborales, la permanente precarizaci\u00f3n a la que son sometidas las y los trabajadores subcontratados, pero tambi\u00e9n, y por sobre todo, un repaso a la historia y vida de Nelson Quichillao, como tambi\u00e9n de los acontecimientos de aquel triste 24 de julio de 2015. A lo anterior, adem\u00e1s, se sum\u00f3 el relato de todo cuanto se ha hecho hasta el d\u00eda de hoy en torno a las diversas acciones emprendidas por la Confederaci\u00f3n de Trabajadores del Cobre, en conjunto con la familia de Nelson, para conseguir justicia tanto a instancias nacionales e internacionales.<\/p>\n\n\n\n<ul class=\"wp-block-list\"><li>Es preciso se\u00f1alar que, luego de haberse presentado en agosto de 2015 una querella criminal por el asesinato de Nelson, de gestiones y reuniones con parlamentarias y parlamentarios con la intenci\u00f3n de denunciar una eventual denegaci\u00f3n de justicia, y que finalmente la fiscal\u00eda desistiera o decidiera no perseverar en la causa por su muerte (cerrando as\u00ed el caso a instancias nacionales), la Confederaci\u00f3n de Trabajadores del Cobre present\u00f3 en noviembre de 2018 una denuncia que persigue la responsabilidad internacional del Estado de Chile ante la Comisi\u00f3n Interamericana de derechos Humanos (CIDH). Lo anterior porque -en torno al asesinato de Nelson Quichillao- se viol\u00f3 un conjunto de derechos, principalmente, por no investigar adecuadamente su muerte a manos de Carabineros de Chile, por vulnerar el derecho a la verdad, a la justicia, a la integridad f\u00edsica y, en definitiva, el derecho a la vida de Nelson Quichillao. Finalmente, y en la actualidad, el caso se encuentra en la etapa de admisibilidad y la Comisi\u00f3n Interamericana de Derechos Humanos se encuentra a la espera del informe que el Estado de Chile debe presentar con todos los antecedentes que disponga para ya continuar con los siguientes pasos que conducir\u00edan a una resoluci\u00f3n definitiva y que como organizaci\u00f3n esperamos sea condenatoria.<\/li><\/ul>\n\n\n\n<p>Tanto en la realizaci\u00f3n del conversatorio, como en el desarrollo del festival mismo, se cont\u00f3 con la destacada participaci\u00f3n presencial de gran parte del directorio nacional de la CTC y tambi\u00e9n de distintas federaciones y sindicatos afiliados a ella, compa\u00f1eras y compa\u00f1eros que se trasladaron desde los territorios en que se encuentran y donde como organizaci\u00f3n tenemos presencia. <\/p>\n\n\n\n<figure class=\"wp-block-image size-large\"><img loading=\"lazy\" decoding=\"async\" width=\"735\" height=\"360\" src=\"https:\/\/www.confederaciondelcobre.cl\/wp-content\/uploads\/2021\/12\/Mosaico.jpg\" alt=\"\" class=\"wp-image-2096\" srcset=\"https:\/\/www.confederaciondelcobre.cl\/wp-content\/uploads\/2021\/12\/Mosaico.jpg 735w, https:\/\/www.confederaciondelcobre.cl\/wp-content\/uploads\/2021\/12\/Mosaico-300x147.jpg 300w\" sizes=\"auto, (max-width: 735px) 100vw, 735px\" \/><\/figure>\n\n\n\n<ul class=\"wp-block-list\"><li>El Festival, que cont\u00f3 con las presentaciones musicales de los grupos <strong>Imaginaci\u00f3n<\/strong> y <strong>Villa Cari\u00f1o<\/strong>, como tambi\u00e9n de los cantautores nacionales <strong>Evelyn Cornejo<\/strong> y <strong>Manolo Pez<\/strong>, adem\u00e1s de una muestra danc\u00edstica en la interpretaci\u00f3n de <strong>Luna Torres<\/strong>, tuvo como invitadas e invitados a <strong>Manuel Ahumada Letelier<\/strong>, quien hasta hace muy pocos meses fuera Presidente de la CTC; a <strong>Alicia Lira Matus<\/strong>, Presidenta de la Agrupaci\u00f3n de Familiares de Ejecutados Pol\u00edticos (AFEP); a <strong>Jos\u00e9 Quichillao L\u00f3pez (hermano de nuestro compa\u00f1ero Nelson) y su esposa Ruby Araya<\/strong>, quienes se mostraron emocionados por esta nueva realizaci\u00f3n por parte de la CTC y la Federaci\u00f3n de Sindicatos El Salvador (FESAL) como uno m\u00e1s de los varios y permanentes esfuerzos en la b\u00fasqueda de verdad y justicia para Nelson Quichillao.<\/li><\/ul>\n\n\n\n<figure class=\"wp-block-image size-large\"><img loading=\"lazy\" decoding=\"async\" width=\"735\" height=\"360\" src=\"https:\/\/www.confederaciondelcobre.cl\/wp-content\/uploads\/2021\/12\/AnaLamasSecGralCTC.jpg\" alt=\"\" class=\"wp-image-2097\" srcset=\"https:\/\/www.confederaciondelcobre.cl\/wp-content\/uploads\/2021\/12\/AnaLamasSecGralCTC.jpg 735w, https:\/\/www.confederaciondelcobre.cl\/wp-content\/uploads\/2021\/12\/AnaLamasSecGralCTC-300x147.jpg 300w\" sizes=\"auto, (max-width: 735px) 100vw, 735px\" \/><\/figure>\n\n\n\n<p>En la oportunidad, y a modo de discurso central de la jornada, se dirigi\u00f3 a las y los presentes (y tambi\u00e9n para quienes segu\u00edan el evento v\u00eda <a href=\"https:\/\/www.facebook.com\/ConfederaciondeTrabajadoresdelCobre\/videos\/474741617402947\/\">FacebookLive<\/a>) <strong>Ana Lamas Aguirre, Presidenta de la FESAL y Secretaria General de la CTC<\/strong>, quien, haciendo referencia la larga historia de lucha de las y los trabajadores, puso acento en el crucial momento que como pa\u00eds vivimos en la actualidad, se\u00f1alando que como Confederaci\u00f3n de Trabajadores del Cobre no est\u00e1bamos equivocados cuando nos definimos como una organizaci\u00f3n pol\u00edtico-sindical, sobre todo considerando -y as\u00ed lo corrobora- el contexto y s\u00edntesis hist\u00f3rico dado a partir del alzamiento popular del 18 de octubre de 2019 que nos abre un espacio de movilizaci\u00f3n social que nos compromete a todos, todas y todes en los cambios que Chile necesita. <strong>Hizo tambi\u00e9n un llamado a las y los trabajadores del cobre a no mantenerse al margen de los acontecimientos y a asumir una lucha que va mucho m\u00e1s all\u00e1 de las reivindicaciones estrictamente sindicales<\/strong>, pues en esta etapa el movimiento sindical en su conjunto se debe involucrar en una batalla mucho mas amplia, mucho mas transversal, que persiga derribar el sistema que nos oprime como clase trabajadora y de ganar espacios para avanzar en los cambios estructurales profundos que resulte, en definitiva, en la construcci\u00f3n de una sociedad justa y solidaria, donde todos, todas y todes podamos disfrutar de manera equitativa la riqueza que producimos con nuestra inteligencia y nuestras manos, donde no haya m\u00e1s Nelson Quichillaos asesinados, ni subcontrataci\u00f3n, ni mas empleo precario, ni mas despidos injustos, ni mas represi\u00f3n a las legitimas demandas sociales. <strong>Es justamente la urgencia necesaria de cambios pol\u00edticos y sociales -se\u00f1al\u00f3- lo que nos llev\u00f3 a intentar elegir a uno de nuestros compa\u00f1eros (Manuel Ahumada Letelier) en el parlamento, para que all\u00ed se hiciera presente la voz de las y los trabajadores, indicando que si bien ello no pudo lograrse esto se mantendr\u00e1 como un objetivo pendiente para cumplir con un proceso que es de mucho mas largo aliento. <\/strong><\/p>\n\n\n\n<p>Para cerrar sus palabras, la Secretaria General de la CTC asegur\u00f3 que si Nelson Quichillao nos acompa\u00f1ara, y estuviera aqu\u00ed con nosotros, no cabe duda de que estar\u00eda activamente comprometido con la lucha de las y los trabajadores y estudiantes, con los pueblos originarios y el pueblo en general d\u00e1ndolo todo junto a sus compa\u00f1eras y compa\u00f1eros, para defender sus derechos y avanzar en lo que hemos conquistado con tantas y heroicas luchas como clase trabajadora.  <strong>Finalmente, y con la fuerza de una convicci\u00f3n a toda prueba, Ana Lamas Aguirre reafirm\u00f3 que las y los compa\u00f1eros trabajadores del cobre no olvidamos, que las y los trabajadores del cobre no bajaremos los brazos<\/strong>.<\/p>\n\n\n\n<hr class=\"wp-block-separator\"\/>\n\n\n\n<p class=\"has-luminous-vivid-amber-color has-text-color has-medium-font-size\"><a href=\"https:\/\/www.facebook.com\/ConfederaciondeTrabajadoresdelCobre\/videos\/474741617402947\" target=\"_blank\" rel=\"noreferrer noopener\">Revisa haciendo click aqu\u00ed la transmisi\u00f3n en linea completa de la IV Version del festival Nelson en la memoria.<\/a><\/p>\n","protected":false},"excerpt":{"rendered":"<p>El S\u00e1bado 11 de diciembre, y por primera vez en la sede central de la Confederaci\u00f3n de Trabajadores del Cobre (CTC) en Santiago, se realiz\u00f3 la IV versi\u00f3n del Festival &hellip; <\/p>\n","protected":false},"author":2,"featured_media":2095,"comment_status":"closed","ping_status":"closed","sticky":false,"template":"","format":"standard","meta":{"jetpack_post_was_ever_published":false,"_jetpack_newsletter_access":"","_jetpack_dont_email_post_to_subs":false,"_jetpack_newsletter_tier_id":0,"_jetpack_memberships_contains_paywalled_content":false,"_jetpack_memberships_contains_paid_content":false,"footnotes":"","jetpack_publicize_message":"","jetpack_publicize_feature_enabled":true,"jetpack_social_post_already_shared":false,"jetpack_social_options":{"image_generator_settings":{"template":"highway","default_image_id":0,"enabled":false},"version":2}},"categories":[9,21,28,14,15,32,17,19],"tags":[],"class_list":["post-2087","post","type-post","status-publish","format-standard","has-post-thumbnail","hentry","category-confederacion","category-federaciones","category-fesal","category-movimientos-sociales","category-nacional","category-nelson-quichillao","category-regiones","category-trabajadores"],"jetpack_publicize_connections":[],"jetpack_featured_media_url":"https:\/\/www.confederaciondelcobre.cl\/wp-content\/uploads\/2021\/12\/PortFestNem.jpg","jetpack_sharing_enabled":true,"post_mailing_queue_ids":[],"_links":{"self":[{"href":"https:\/\/www.confederaciondelcobre.cl\/index.php\/wp-json\/wp\/v2\/posts\/2087","targetHints":{"allow":["GET"]}}],"collection":[{"href":"https:\/\/www.confederaciondelcobre.cl\/index.php\/wp-json\/wp\/v2\/posts"}],"about":[{"href":"https:\/\/www.confederaciondelcobre.cl\/index.php\/wp-json\/wp\/v2\/types\/post"}],"author":[{"embeddable":true,"href":"https:\/\/www.confederaciondelcobre.cl\/index.php\/wp-json\/wp\/v2\/users\/2"}],"replies":[{"embeddable":true,"href":"https:\/\/www.confederaciondelcobre.cl\/index.php\/wp-json\/wp\/v2\/comments?post=2087"}],"version-history":[{"count":12,"href":"https:\/\/www.confederaciondelcobre.cl\/index.php\/wp-json\/wp\/v2\/posts\/2087\/revisions"}],"predecessor-version":[{"id":2114,"href":"https:\/\/www.confederaciondelcobre.cl\/index.php\/wp-json\/wp\/v2\/posts\/2087\/revisions\/2114"}],"wp:featuredmedia":[{"embeddable":true,"href":"https:\/\/www.confederaciondelcobre.cl\/index.php\/wp-json\/wp\/v2\/media\/2095"}],"wp:attachment":[{"href":"https:\/\/www.confederaciondelcobre.cl\/index.php\/wp-json\/wp\/v2\/media?parent=2087"}],"wp:term":[{"taxonomy":"category","embeddable":true,"href":"https:\/\/www.confederaciondelcobre.cl\/index.php\/wp-json\/wp\/v2\/categories?post=2087"},{"taxonomy":"post_tag","embeddable":true,"href":"https:\/\/www.confederaciondelcobre.cl\/index.php\/wp-json\/wp\/v2\/tags?post=2087"}],"curies":[{"name":"wp","href":"https:\/\/api.w.org\/{rel}","templated":true}]}}