{"id":2099,"date":"2021-12-15T21:29:28","date_gmt":"2021-12-15T21:29:28","guid":{"rendered":"https:\/\/www.confederaciondelcobre.cl\/?p=2099"},"modified":"2021-12-15T21:29:29","modified_gmt":"2021-12-15T21:29:29","slug":"ctmin-sostuvo-encuentro-con-gabriel-boric-candidato-a-la-presidencia-de-chile","status":"publish","type":"post","link":"https:\/\/www.confederaciondelcobre.cl\/index.php\/2021\/12\/15\/ctmin-sostuvo-encuentro-con-gabriel-boric-candidato-a-la-presidencia-de-chile\/","title":{"rendered":"CTMIN sostuvo encuentro con Gabriel Boric, candidato a la Presidencia de Chile."},"content":{"rendered":"\n<p>El d\u00eda de ayer, martes 14 de diciembre y en la ciudad de Antofagasta, <strong>la Coordinadora de Trabajadores de la Miner\u00eda (CTMIN)<\/strong>, agrupaci\u00f3n que re\u00fane a la Confederaci\u00f3n de Trabajadores del Cobre (CTC), a la Federaci\u00f3n de Supervisores del Cobre (FESUC), a la Federaci\u00f3n de Supervisores de la Miner\u00eda Privada (FESUMIN), a la Federaci\u00f3n Minera de Chile (FMC), a la Confederaci\u00f3n Minera de Chile (CONFEMIN), a la Federaci\u00f3n de Sindicatos Antofagasta Minerals (FESAM), y a la Federaci\u00f3n de Trabajadores del Cobre (FTC), <strong>sustuvo un encuentro con Gabriel Boric, candidato a la Presidencia de la Rep\u00fablica de Chile<\/strong>.<\/p>\n\n\n\n<figure class=\"wp-block-image size-large\"><img loading=\"lazy\" decoding=\"async\" width=\"1024\" height=\"683\" src=\"https:\/\/www.confederaciondelcobre.cl\/wp-content\/uploads\/2021\/12\/FGqfBPPWUAAQ0Uj-1024x683.jpeg\" alt=\"\" class=\"wp-image-2105\" srcset=\"https:\/\/www.confederaciondelcobre.cl\/wp-content\/uploads\/2021\/12\/FGqfBPPWUAAQ0Uj-1024x683.jpeg 1024w, https:\/\/www.confederaciondelcobre.cl\/wp-content\/uploads\/2021\/12\/FGqfBPPWUAAQ0Uj-300x200.jpeg 300w, https:\/\/www.confederaciondelcobre.cl\/wp-content\/uploads\/2021\/12\/FGqfBPPWUAAQ0Uj-768x512.jpeg 768w, https:\/\/www.confederaciondelcobre.cl\/wp-content\/uploads\/2021\/12\/FGqfBPPWUAAQ0Uj-1536x1024.jpeg 1536w, https:\/\/www.confederaciondelcobre.cl\/wp-content\/uploads\/2021\/12\/FGqfBPPWUAAQ0Uj-2048x1365.jpeg 2048w\" sizes=\"auto, (max-width: 1024px) 100vw, 1024px\" \/><figcaption>Fotograf\u00eda gentileza de Federaci\u00f3n Minera de Chile (FMC)<\/figcaption><\/figure>\n\n\n\n<p>En la instancia, organizada por la Federaci\u00f3n Minera de Chile, y a la que <strong>en representaci\u00f3n de la Confederaci\u00f3n de Trabajadores del Cobre concurrieron Miguel Santana, Presidente; y Francisco Cabezas, Director Nacional Encargado Jur\u00eddico<\/strong>, se hizo una exposici\u00f3n de los temas y demandas m\u00e1s sentidas para las y los trabajadores de la miner\u00eda nacional, tales como la urgencia de ratificar el <strong>Convenio 176 de la Organizaci\u00f3n Internacional del Trabajo (OIT) sobre Seguridad y salud en las minas, poner fin a la subcontrataci\u00f3n<\/strong> <strong>(por ser un mecanismo de precarizaci\u00f3n laboral) y terminar con la causal de despido por necesidades de la empresa<\/strong>, entre otros.<\/p>\n\n\n\n<figure class=\"wp-block-image size-large\"><img loading=\"lazy\" decoding=\"async\" width=\"1024\" height=\"768\" src=\"https:\/\/www.confederaciondelcobre.cl\/wp-content\/uploads\/2021\/12\/41143377-7239-4e60-a8e5-8c798bcea62e-1024x768.jpeg\" alt=\"\" class=\"wp-image-2102\" srcset=\"https:\/\/www.confederaciondelcobre.cl\/wp-content\/uploads\/2021\/12\/41143377-7239-4e60-a8e5-8c798bcea62e-1024x768.jpeg 1024w, https:\/\/www.confederaciondelcobre.cl\/wp-content\/uploads\/2021\/12\/41143377-7239-4e60-a8e5-8c798bcea62e-300x225.jpeg 300w, https:\/\/www.confederaciondelcobre.cl\/wp-content\/uploads\/2021\/12\/41143377-7239-4e60-a8e5-8c798bcea62e-768x576.jpeg 768w, https:\/\/www.confederaciondelcobre.cl\/wp-content\/uploads\/2021\/12\/41143377-7239-4e60-a8e5-8c798bcea62e-1536x1152.jpeg 1536w, https:\/\/www.confederaciondelcobre.cl\/wp-content\/uploads\/2021\/12\/41143377-7239-4e60-a8e5-8c798bcea62e.jpeg 1599w\" sizes=\"auto, (max-width: 1024px) 100vw, 1024px\" \/><figcaption>En la fotograf\u00eda, Miguel Santana, Presidente de la Confederaci\u00f3n de Trabajadores del Cobre, y Gabriel Boric, Candidato a Presidente de la Rep\u00fablica.<\/figcaption><\/figure>\n\n\n\n<p>En la oportunidad, junto con firmar una minuta de compromiso con los temas expuestos por parte de las y los trabajadores, Gabriel Boric se\u00f1al\u00f3 que \u00e9l no se olvida a quien se debe y de donde viene, subrayando que viene de las movilizaciones sociales, por lo que tiene un <strong>\u201ccompromiso inclaudicable con las causas de justicia social, y en eso los trabajadores siempre han sido un puntal para aquello<\/strong>&#8220;. Finalmente les invit\u00f3 a contar con \u00e9l, con su colaboraci\u00f3n y compromiso para trabajar en conjunto, invit\u00e1ndoles adem\u00e1s a formar parte del proceso de transformaci\u00f3n de Chile y a un cambio al modelo de desarrollo.<\/p>\n\n\n\n<figure class=\"wp-block-image size-large\"><img loading=\"lazy\" decoding=\"async\" width=\"1024\" height=\"576\" src=\"https:\/\/www.confederaciondelcobre.cl\/wp-content\/uploads\/2021\/12\/5a0d377d-74de-4ea8-b9d1-c201d2c11053-1024x576.jpeg\" alt=\"\" class=\"wp-image-2103\" srcset=\"https:\/\/www.confederaciondelcobre.cl\/wp-content\/uploads\/2021\/12\/5a0d377d-74de-4ea8-b9d1-c201d2c11053-1024x576.jpeg 1024w, https:\/\/www.confederaciondelcobre.cl\/wp-content\/uploads\/2021\/12\/5a0d377d-74de-4ea8-b9d1-c201d2c11053-300x169.jpeg 300w, https:\/\/www.confederaciondelcobre.cl\/wp-content\/uploads\/2021\/12\/5a0d377d-74de-4ea8-b9d1-c201d2c11053-768x432.jpeg 768w, https:\/\/www.confederaciondelcobre.cl\/wp-content\/uploads\/2021\/12\/5a0d377d-74de-4ea8-b9d1-c201d2c11053-1536x864.jpeg 1536w, https:\/\/www.confederaciondelcobre.cl\/wp-content\/uploads\/2021\/12\/5a0d377d-74de-4ea8-b9d1-c201d2c11053.jpeg 1599w\" sizes=\"auto, (max-width: 1024px) 100vw, 1024px\" \/><\/figure>\n","protected":false},"excerpt":{"rendered":"<p>El d\u00eda de ayer, martes 14 de diciembre y en la ciudad de Antofagasta, la Coordinadora de Trabajadores de la Miner\u00eda (CTMIN), agrupaci\u00f3n que re\u00fane a la Confederaci\u00f3n de Trabajadores &hellip; <\/p>\n","protected":false},"author":2,"featured_media":2101,"comment_status":"closed","ping_status":"closed","sticky":false,"template":"","format":"standard","meta":{"jetpack_post_was_ever_published":false,"_jetpack_newsletter_access":"","_jetpack_dont_email_post_to_subs":false,"_jetpack_newsletter_tier_id":0,"_jetpack_memberships_contains_paywalled_content":false,"_jetpack_memberships_contains_paid_content":false,"footnotes":"","jetpack_publicize_message":"","jetpack_publicize_feature_enabled":true,"jetpack_social_post_already_shared":false,"jetpack_social_options":{"image_generator_settings":{"template":"highway","default_image_id":0,"enabled":false},"version":2}},"categories":[9,11,15,19],"tags":[],"class_list":["post-2099","post","type-post","status-publish","format-standard","has-post-thumbnail","hentry","category-confederacion","category-ctmin","category-nacional","category-trabajadores"],"jetpack_publicize_connections":[],"jetpack_featured_media_url":"https:\/\/www.confederaciondelcobre.cl\/wp-content\/uploads\/2021\/12\/EncuentroCTMINyGB.jpg","jetpack_sharing_enabled":true,"post_mailing_queue_ids":[],"_links":{"self":[{"href":"https:\/\/www.confederaciondelcobre.cl\/index.php\/wp-json\/wp\/v2\/posts\/2099","targetHints":{"allow":["GET"]}}],"collection":[{"href":"https:\/\/www.confederaciondelcobre.cl\/index.php\/wp-json\/wp\/v2\/posts"}],"about":[{"href":"https:\/\/www.confederaciondelcobre.cl\/index.php\/wp-json\/wp\/v2\/types\/post"}],"author":[{"embeddable":true,"href":"https:\/\/www.confederaciondelcobre.cl\/index.php\/wp-json\/wp\/v2\/users\/2"}],"replies":[{"embeddable":true,"href":"https:\/\/www.confederaciondelcobre.cl\/index.php\/wp-json\/wp\/v2\/comments?post=2099"}],"version-history":[{"count":4,"href":"https:\/\/www.confederaciondelcobre.cl\/index.php\/wp-json\/wp\/v2\/posts\/2099\/revisions"}],"predecessor-version":[{"id":2107,"href":"https:\/\/www.confederaciondelcobre.cl\/index.php\/wp-json\/wp\/v2\/posts\/2099\/revisions\/2107"}],"wp:featuredmedia":[{"embeddable":true,"href":"https:\/\/www.confederaciondelcobre.cl\/index.php\/wp-json\/wp\/v2\/media\/2101"}],"wp:attachment":[{"href":"https:\/\/www.confederaciondelcobre.cl\/index.php\/wp-json\/wp\/v2\/media?parent=2099"}],"wp:term":[{"taxonomy":"category","embeddable":true,"href":"https:\/\/www.confederaciondelcobre.cl\/index.php\/wp-json\/wp\/v2\/categories?post=2099"},{"taxonomy":"post_tag","embeddable":true,"href":"https:\/\/www.confederaciondelcobre.cl\/index.php\/wp-json\/wp\/v2\/tags?post=2099"}],"curies":[{"name":"wp","href":"https:\/\/api.w.org\/{rel}","templated":true}]}}