{"id":2116,"date":"2021-12-21T14:28:10","date_gmt":"2021-12-21T14:28:10","guid":{"rendered":"https:\/\/www.confederaciondelcobre.cl\/?p=2116"},"modified":"2021-12-21T14:28:59","modified_gmt":"2021-12-21T14:28:59","slug":"a-114-anos-de-la-masacre-en-la-escuela-santa-maria-de-iquique","status":"publish","type":"post","link":"https:\/\/www.confederaciondelcobre.cl\/index.php\/2021\/12\/21\/a-114-anos-de-la-masacre-en-la-escuela-santa-maria-de-iquique\/","title":{"rendered":"A 114 a\u00f1os de la masacre en la Escuela Santa Mar\u00eda de Iquique."},"content":{"rendered":"\n<p><strong>IQUIQUE &#8211; Chile, 21 de diciembre de 1907.<\/strong><\/p>\n\n\n\n<p>Cifras oficiales indican que las y los asesinados en un operativo a cargo del Comandante de Ej\u00e9rcito Roberto Silva Renard, en conjunto con la Marina de Chile, ascienden a 126 y los heridos a 135 personas. La memoria social, por otro lado, habla de 2200 a 3600 personas asesinadas, entre obreros del salitre, sus mujeres, hijas e hijos.<\/p>\n\n\n\n<p><strong>Historia presente, VERDAD Y JUSTICIA, nada m\u00e1s pero nada menos.<\/strong><\/p>\n\n\n\n<p>A\u00fan no hay verdadera certeza sobre cuantas personas fueron asesinadas en la masacre de la Escuela Santa Mar\u00eda de Iquique, muchas de ellas jam\u00e1s fueron identificadas y de otras tantas se desconoce (hasta el d\u00eda de hoy) su paradero. La \u00fanica certeza hist\u00f3rica es que no era la primera ni ser\u00eda la \u00faltima vez que gobiernos chilenos y sus fuerzas reprimieran y asesinaran a trabajadores que se movilizaban por sus derechos y dignidad.<\/p>\n\n\n\n<p><strong>Por la vida, por la justicia y dignidad: AQU\u00cd SEGUIMOS.<\/strong><\/p>\n\n\n\n<p>A 114 a\u00f1os de la masacre en la Escuela Santa Mar\u00eda de Iquique, la Confederaci\u00f3n de Trabajadores del Cobre, organizaci\u00f3n nacional que agrupa y organiza a las y los trabajadores contratistas y subcontratistas del cobre de Chile, rinde homenaje a las y los trabajadores de ayer y hoy que luchan por justicia y dignidad. Venceremos.<\/p>\n\n\n\n<p class=\"has-text-align-center\"><br><strong>\u00a1Arriba las y los que luchan y no se rinden jam\u00e1s!<\/strong><\/p>\n\n\n\n<figure class=\"wp-block-gallery columns-3 is-cropped wp-block-gallery-1 is-layout-flex wp-block-gallery-is-layout-flex\"><ul class=\"blocks-gallery-grid\"><li class=\"blocks-gallery-item\"><figure><img loading=\"lazy\" decoding=\"async\" width=\"1024\" height=\"1024\" src=\"https:\/\/www.confederaciondelcobre.cl\/wp-content\/uploads\/2021\/12\/1-1024x1024.png\" alt=\"\" data-id=\"2121\" data-full-url=\"https:\/\/www.confederaciondelcobre.cl\/wp-content\/uploads\/2021\/12\/1.png\" data-link=\"https:\/\/www.confederaciondelcobre.cl\/index.php\/2021\/12\/21\/a-114-anos-de-la-masacre-en-la-escuela-santa-maria-de-iquique\/1-8\/\" class=\"wp-image-2121\" srcset=\"https:\/\/www.confederaciondelcobre.cl\/wp-content\/uploads\/2021\/12\/1-1024x1024.png 1024w, https:\/\/www.confederaciondelcobre.cl\/wp-content\/uploads\/2021\/12\/1-300x300.png 300w, https:\/\/www.confederaciondelcobre.cl\/wp-content\/uploads\/2021\/12\/1-150x150.png 150w, https:\/\/www.confederaciondelcobre.cl\/wp-content\/uploads\/2021\/12\/1-768x768.png 768w, https:\/\/www.confederaciondelcobre.cl\/wp-content\/uploads\/2021\/12\/1.png 1080w\" sizes=\"auto, (max-width: 1024px) 100vw, 1024px\" \/><\/figure><\/li><li class=\"blocks-gallery-item\"><figure><img loading=\"lazy\" decoding=\"async\" width=\"1024\" height=\"1024\" src=\"https:\/\/www.confederaciondelcobre.cl\/wp-content\/uploads\/2021\/12\/2-1024x1024.png\" alt=\"\" data-id=\"2122\" data-full-url=\"https:\/\/www.confederaciondelcobre.cl\/wp-content\/uploads\/2021\/12\/2.png\" data-link=\"https:\/\/www.confederaciondelcobre.cl\/index.php\/2021\/12\/21\/a-114-anos-de-la-masacre-en-la-escuela-santa-maria-de-iquique\/2-7\/\" class=\"wp-image-2122\" srcset=\"https:\/\/www.confederaciondelcobre.cl\/wp-content\/uploads\/2021\/12\/2-1024x1024.png 1024w, https:\/\/www.confederaciondelcobre.cl\/wp-content\/uploads\/2021\/12\/2-300x300.png 300w, https:\/\/www.confederaciondelcobre.cl\/wp-content\/uploads\/2021\/12\/2-150x150.png 150w, https:\/\/www.confederaciondelcobre.cl\/wp-content\/uploads\/2021\/12\/2-768x768.png 768w, https:\/\/www.confederaciondelcobre.cl\/wp-content\/uploads\/2021\/12\/2.png 1080w\" sizes=\"auto, (max-width: 1024px) 100vw, 1024px\" \/><\/figure><\/li><li class=\"blocks-gallery-item\"><figure><img loading=\"lazy\" decoding=\"async\" width=\"1024\" height=\"1024\" src=\"https:\/\/www.confederaciondelcobre.cl\/wp-content\/uploads\/2021\/12\/3-1024x1024.png\" alt=\"\" data-id=\"2123\" data-full-url=\"https:\/\/www.confederaciondelcobre.cl\/wp-content\/uploads\/2021\/12\/3.png\" data-link=\"https:\/\/www.confederaciondelcobre.cl\/index.php\/2021\/12\/21\/a-114-anos-de-la-masacre-en-la-escuela-santa-maria-de-iquique\/3-5\/\" class=\"wp-image-2123\" srcset=\"https:\/\/www.confederaciondelcobre.cl\/wp-content\/uploads\/2021\/12\/3-1024x1024.png 1024w, https:\/\/www.confederaciondelcobre.cl\/wp-content\/uploads\/2021\/12\/3-300x300.png 300w, https:\/\/www.confederaciondelcobre.cl\/wp-content\/uploads\/2021\/12\/3-150x150.png 150w, https:\/\/www.confederaciondelcobre.cl\/wp-content\/uploads\/2021\/12\/3-768x768.png 768w, https:\/\/www.confederaciondelcobre.cl\/wp-content\/uploads\/2021\/12\/3.png 1080w\" sizes=\"auto, (max-width: 1024px) 100vw, 1024px\" \/><\/figure><\/li><\/ul><\/figure>\n","protected":false},"excerpt":{"rendered":"<p>IQUIQUE &#8211; Chile, 21 de diciembre de 1907. Cifras oficiales indican que las y los asesinados en un operativo a cargo del Comandante de Ej\u00e9rcito Roberto Silva Renard, en conjunto &hellip; <\/p>\n","protected":false},"author":2,"featured_media":2117,"comment_status":"closed","ping_status":"closed","sticky":false,"template":"","format":"standard","meta":{"jetpack_post_was_ever_published":false,"_jetpack_newsletter_access":"","_jetpack_dont_email_post_to_subs":false,"_jetpack_newsletter_tier_id":0,"_jetpack_memberships_contains_paywalled_content":false,"_jetpack_memberships_contains_paid_content":false,"footnotes":"","jetpack_publicize_message":"","jetpack_publicize_feature_enabled":true,"jetpack_social_post_already_shared":false,"jetpack_social_options":{"image_generator_settings":{"template":"highway","default_image_id":0,"enabled":false},"version":2}},"categories":[9,21,22,15,19],"tags":[],"class_list":["post-2116","post","type-post","status-publish","format-standard","has-post-thumbnail","hentry","category-confederacion","category-federaciones","category-feminort","category-nacional","category-trabajadores"],"jetpack_publicize_connections":[],"jetpack_featured_media_url":"https:\/\/www.confederaciondelcobre.cl\/wp-content\/uploads\/2021\/12\/PortadaIQQ114.jpg","jetpack_sharing_enabled":true,"post_mailing_queue_ids":[],"_links":{"self":[{"href":"https:\/\/www.confederaciondelcobre.cl\/index.php\/wp-json\/wp\/v2\/posts\/2116","targetHints":{"allow":["GET"]}}],"collection":[{"href":"https:\/\/www.confederaciondelcobre.cl\/index.php\/wp-json\/wp\/v2\/posts"}],"about":[{"href":"https:\/\/www.confederaciondelcobre.cl\/index.php\/wp-json\/wp\/v2\/types\/post"}],"author":[{"embeddable":true,"href":"https:\/\/www.confederaciondelcobre.cl\/index.php\/wp-json\/wp\/v2\/users\/2"}],"replies":[{"embeddable":true,"href":"https:\/\/www.confederaciondelcobre.cl\/index.php\/wp-json\/wp\/v2\/comments?post=2116"}],"version-history":[{"count":3,"href":"https:\/\/www.confederaciondelcobre.cl\/index.php\/wp-json\/wp\/v2\/posts\/2116\/revisions"}],"predecessor-version":[{"id":2124,"href":"https:\/\/www.confederaciondelcobre.cl\/index.php\/wp-json\/wp\/v2\/posts\/2116\/revisions\/2124"}],"wp:featuredmedia":[{"embeddable":true,"href":"https:\/\/www.confederaciondelcobre.cl\/index.php\/wp-json\/wp\/v2\/media\/2117"}],"wp:attachment":[{"href":"https:\/\/www.confederaciondelcobre.cl\/index.php\/wp-json\/wp\/v2\/media?parent=2116"}],"wp:term":[{"taxonomy":"category","embeddable":true,"href":"https:\/\/www.confederaciondelcobre.cl\/index.php\/wp-json\/wp\/v2\/categories?post=2116"},{"taxonomy":"post_tag","embeddable":true,"href":"https:\/\/www.confederaciondelcobre.cl\/index.php\/wp-json\/wp\/v2\/tags?post=2116"}],"curies":[{"name":"wp","href":"https:\/\/api.w.org\/{rel}","templated":true}]}}