{"id":2125,"date":"2021-12-24T15:13:53","date_gmt":"2021-12-24T15:13:53","guid":{"rendered":"https:\/\/www.confederaciondelcobre.cl\/?p=2125"},"modified":"2021-12-24T15:13:54","modified_gmt":"2021-12-24T15:13:54","slug":"iquique-a-114-anos-de-la-masacre-en-la-escuela-santa-maria","status":"publish","type":"post","link":"https:\/\/www.confederaciondelcobre.cl\/index.php\/2021\/12\/24\/iquique-a-114-anos-de-la-masacre-en-la-escuela-santa-maria\/","title":{"rendered":"Iquique: a 114 a\u00f1os de la masacre en la Escuela Santa Mar\u00eda."},"content":{"rendered":"\n<p>Como todos los a\u00f1os, y con la participaci\u00f3n de la Confederaci\u00f3n de Trabajadores del Cobre (CTC), representada por Francisco Cabezas, Presidente de la Federaci\u00f3n Minera del Norte y Director Nacional Encargado Jur\u00eddico de la CTC, el martes 21 de diciembre se conmemoraron 114 a\u00f1os de la masacre en la Escuela Santa Mar\u00eda de Iquique (actual  Liceo Bicentenario Santa Mar\u00eda).<\/p>\n\n\n\n<p>El acto, como ya es tradici\u00f3n, se realiz\u00f3 a un costado de la escuela, en la esquina de Amun\u00e1tegui con Sargento Aldea, lugar donde se encuentra emplazado el monolito que recuerda el triste y masivo asesinato de trabajadores pampinos (obreros del salitre, que se movilizaron en protesta por mejores condiciones laborales y de vida) y sus familias a manos del Ej\u00e9rcito y la Marina de Chile.<\/p>\n\n\n\n<figure class=\"wp-block-image size-large\"><img loading=\"lazy\" decoding=\"async\" width=\"1024\" height=\"575\" src=\"https:\/\/www.confederaciondelcobre.cl\/wp-content\/uploads\/2021\/12\/d6fb9209-85f0-46b4-bf97-4f21f9a3c1da-1024x575.jpeg\" alt=\"\" class=\"wp-image-2137\" srcset=\"https:\/\/www.confederaciondelcobre.cl\/wp-content\/uploads\/2021\/12\/d6fb9209-85f0-46b4-bf97-4f21f9a3c1da-1024x575.jpeg 1024w, https:\/\/www.confederaciondelcobre.cl\/wp-content\/uploads\/2021\/12\/d6fb9209-85f0-46b4-bf97-4f21f9a3c1da-300x169.jpeg 300w, https:\/\/www.confederaciondelcobre.cl\/wp-content\/uploads\/2021\/12\/d6fb9209-85f0-46b4-bf97-4f21f9a3c1da-768x431.jpeg 768w, https:\/\/www.confederaciondelcobre.cl\/wp-content\/uploads\/2021\/12\/d6fb9209-85f0-46b4-bf97-4f21f9a3c1da.jpeg 1280w\" sizes=\"auto, (max-width: 1024px) 100vw, 1024px\" \/><\/figure>\n\n\n\n<p>En la ocasi\u00f3n, y como \u00fanica oradora, se dirigi\u00f3 a las y los presentes la Presidenta de la Central Unitaria de Trabajadores (CUT) de Iquique, Esmeralda Contreras, quien, luego de hacer un relato de los acontecimientos ocurridos aquel fat\u00eddico 21 de diciembre de 1907, se refiri\u00f3 a las demandas de las y los trabajadores en la actualidad que, dicho sea de paso, tienen una caracter\u00edstica y fondo en com\u00fan con la referida en esta conmemoraci\u00f3n: la intromisi\u00f3n y voracidad del capital, y la necesidad de justicia y dignidad de quienes -en la pr\u00e1ctica-  generan las riquezas (las y los trabajadores), destacando que &#8220;Somos parte de la clase trabajadora, no deseamos que sea el capital el que siga determinando los destinos del mundo, aspiramos a la construcci\u00f3n de una sociedad digna y justa en d\u00f3nde todos los ciudadanos tengamos los mismos deberes y derechos&#8221;.<\/p>\n\n\n\n<figure class=\"wp-block-image size-large\"><img loading=\"lazy\" decoding=\"async\" width=\"1024\" height=\"613\" src=\"https:\/\/www.confederaciondelcobre.cl\/wp-content\/uploads\/2021\/12\/e5db007a-efaf-4915-b8ab-c14fd8e32681-1024x613.jpeg\" alt=\"\" class=\"wp-image-2138\" srcset=\"https:\/\/www.confederaciondelcobre.cl\/wp-content\/uploads\/2021\/12\/e5db007a-efaf-4915-b8ab-c14fd8e32681-1024x613.jpeg 1024w, https:\/\/www.confederaciondelcobre.cl\/wp-content\/uploads\/2021\/12\/e5db007a-efaf-4915-b8ab-c14fd8e32681-300x180.jpeg 300w, https:\/\/www.confederaciondelcobre.cl\/wp-content\/uploads\/2021\/12\/e5db007a-efaf-4915-b8ab-c14fd8e32681-768x460.jpeg 768w, https:\/\/www.confederaciondelcobre.cl\/wp-content\/uploads\/2021\/12\/e5db007a-efaf-4915-b8ab-c14fd8e32681.jpeg 1280w\" sizes=\"auto, (max-width: 1024px) 100vw, 1024px\" \/><\/figure>\n\n\n\n<ul class=\"wp-block-list\"><li>Durante el acto, cade se\u00f1alar, participaron vecinas y vecinos del sector de la Escuela Santa Mar\u00eda, como tambi\u00e9n dirigentes y exponentes culturales de la zona que permanentemente se esfuerzan y encargan de mantener la memoria viva. Estuvieron, entre otras y otros, el Consejero Regional y Dirigente del Colegio de Profesores de Iquique, Pedro Cisternas; el Antrop\u00f3logo y Encargado de la Casa Municipal de la Cultura , Diego Zarricueta; la Dirigenta vecinal Silvia Prieto, quien adem\u00e1s trabaja activamente en la creaci\u00f3n de lo que ser\u00e1 el Museo de la Escuela Santa Mar\u00eda; tambi\u00e9n estuvieron H\u00e9ctor Callasaya junto a Arline Oro, quienes rindieron honores a las y los asesinados en la masacre con el tradicional &#8220;Cachimbo de Tarapac\u00e1&#8221;; y finalmente la Comparsa Los Jach&#8217;a.<\/li><\/ul>\n\n\n\n<figure class=\"wp-block-image size-large\"><img loading=\"lazy\" decoding=\"async\" width=\"1024\" height=\"575\" src=\"https:\/\/www.confederaciondelcobre.cl\/wp-content\/uploads\/2021\/12\/507dc03c-5df8-4cda-a6be-d3cc10d495da-1024x575.jpeg\" alt=\"\" class=\"wp-image-2139\" srcset=\"https:\/\/www.confederaciondelcobre.cl\/wp-content\/uploads\/2021\/12\/507dc03c-5df8-4cda-a6be-d3cc10d495da-1024x575.jpeg 1024w, https:\/\/www.confederaciondelcobre.cl\/wp-content\/uploads\/2021\/12\/507dc03c-5df8-4cda-a6be-d3cc10d495da-300x169.jpeg 300w, https:\/\/www.confederaciondelcobre.cl\/wp-content\/uploads\/2021\/12\/507dc03c-5df8-4cda-a6be-d3cc10d495da-768x431.jpeg 768w, https:\/\/www.confederaciondelcobre.cl\/wp-content\/uploads\/2021\/12\/507dc03c-5df8-4cda-a6be-d3cc10d495da.jpeg 1280w\" sizes=\"auto, (max-width: 1024px) 100vw, 1024px\" \/><\/figure>\n\n\n\n<p>Por su parte, <strong>el Presidente de la Federaci\u00f3n Minera del Norte y Director Nacional Encargado Jur\u00eddico de la Confederaci\u00f3n de Trabajadores del Cobre (CTC), Francisco Cabezas<\/strong>, destac\u00f3 como a\u00f1o tras a\u00f1o vecinas y vecinos, y la comunidad en general, se re\u00fanen y organizan actividades no solo con la idea de mantener viva la memoria, sino que tambi\u00e9n con la idea de <strong>mantener una cohesi\u00f3n en torno a la identidad de clase (de clase trabajadora)<\/strong>, recordando que las demandas de ayer son pr\u00e1cticamente las mismas demandas de hoy, y que si estas siguen siendo las mismas es porque, en realidad, no mucho ha cambiado en cuanto a la necesidad de justicia y dignidad de las personas. Finalmente, <strong>Francisco Cabezas, junto con manifestar el permanente compromiso de la CTC con la historia y memoria del movimiento obrero<\/strong>, reivindic\u00f3 las demandas del pueblo trabajador de Chile en la actualidad, se\u00f1alando que &#8220;Hoy, cuando la historia comienza a cambiar, cuando por primera vez se est\u00e1 escribiendo una nueva constituci\u00f3n con la participaci\u00f3n y representaci\u00f3n del pueblo y sus naciones, nuestras esperanzas tambi\u00e9n est\u00e1n puestas en lo que a todas luces parece ser un nuevo per\u00edodo que podr\u00eda marcar un mejor destino para las personas y los trabajadores del pa\u00eds&#8221;, recalcando que &#8220;<strong>[hoy] no es momento de quedarse, no es momento de solo observar, sino que es un momento en que todas y todos debemos tomar la iniciativa y empujar para que los cambios por los que tanto hemos luchado, desde la \u00e9poca de salitre, pasando por la del carb\u00f3n, en fin, de toda la historia, se hagan realidad, por el bien nuestro como trabajadoras y trabajadores y el de las generaciones venideras&#8221;<\/strong>.<\/p>\n\n\n\n<p>A continuaci\u00f3n dejamos el texto \u00edntegro del saludo entregado por la Confederaci\u00f3n de Trabajadores del Cobre, saludo que fue le\u00eddo durante el transcurso del acto de conmemoraci\u00f3n a 114 a\u00f1os de la masacre en la Escuela Santa Mar\u00eda de Iquique.<\/p>\n\n\n\n<p class=\"has-text-align-center\"><strong>SALUDO DE LA CONFEDERACI\u00d3N DE TRABAJADORES DEL COBRE EN EL 114 ANVERSARIO DE LA MASACRE DE LA ESCUELA SANTA MAR\u00cdA DE IQUIQUE.<\/strong><\/p>\n\n\n\n<p>Queridas compa\u00f1eras, queridos compa\u00f1eros:<\/p>\n\n\n\n<p>Salvo escasas excepciones en la Historia de Chile, ha sido la t\u00f3nica de los gobiernos entender los movimientos sociales como actos delictuales, atentatorios contra el orden p\u00fablico y destructores de la paz social, y bajo ese criterio enfrentarlos con la fuerza de las armas y con el m\u00e1s brutal rigor policial y militar. El objetivo es simple y recurrente: someter al pueblo, entendiendo que un pueblo sometido es f\u00e1cil de gobernar y no representa un peligro para los intereses de los due\u00f1os del dinero y del poder. &nbsp;<\/p>\n\n\n\n<p>Sin contar con los tres siglos de brutalidad del imperio espa\u00f1ol contra los pueblos originarios, en los dos siglos de independencia, o de vida republicana, como se le suele llamar, miles de trabajadores, hombres y mujeres de todas las edades y condiciones, han sido v\u00edctimas del Estado y sus aparatos represivos. Huelgas laborales, protestas estudiantiles y poblacionales, alzamientos populares, marchas y todo tipo de manifestaciones sociales contra injustas condiciones de trabajo y de vida, han sido reprimidas salvajemente, en una l\u00f3gica de muerte que se repite insistentemente y que, en \u00faltima instancia, constituye el mayor obst\u00e1culo para el desarrollo y la evoluci\u00f3n de toda la humanidad.<\/p>\n\n\n\n<p>Mientras la Historia oficial nos habla de la Patria, de valores nacionales, de chilenidad, de h\u00e9roes uniformados y de glorias militares, la Historia real est\u00e1 manchada de sangre obrera, de genocidio, de tortura, de c\u00e1rcel, de exilio, de desaparecimientos forzosos. Cr\u00edmenes de lesa humanidad que en la gran mayor\u00eda de los casos quedaron para siempre en la m\u00e1s vergonzosa impunidad.<\/p>\n\n\n\n<p>En esta Historia de crimen y terrorismo de Estado, los mineros del salitre fueron protagonistas de episodios de lucha y represi\u00f3n especialmente brutales, y tal vez la mayor demostraci\u00f3n de ello fue la masacre de la Escuela Santa Mar\u00eda de Iquique. 114 a\u00f1os han transcurrido desde aquel 21 de diciembre de 1907, y el recuerdo permanece vivo en la memoria del pueblo a pesar de todos los esfuerzos de la Historia oficial para ocultarlo y hacerlo invisible a las generaciones posteriores.<\/p>\n\n\n\n<p>Pero a pesar de esta Historia sangrienta, los movimientos sociales no se detienen. Se adormecen a veces, pero luego surgen con m\u00e1s fuerza, y as\u00ed es como el pueblo logra avanzar y conquistar leg\u00edtimos derechos. As\u00ed es como los recientes movimientos populares lograron, por primera vez en doscientos a\u00f1os, el derecho de construir una nueva Constituci\u00f3n, que ahora tendr\u00e1 un origen aut\u00e9nticamente democr\u00e1tico. Al mismo tiempo, elegir un nuevo gobierno que tendr\u00e1 que marcar una diferencia sustantiva con el orden neoliberal vigente, derribar las columnas vertebrales del modelo inhumano que nos oprime, y hacer realidad las aspiraciones m\u00e1s justas y leg\u00edtimas del pueblo.<\/p>\n\n\n\n<p>Como Confederaci\u00f3n de Trabajadores del Cobre saludamos y rendimos nuestro sincero homenaje a los luchadores, hombres y mujeres de la pampa, que cayeron en este lugar bajo las balas asesinas de las Fuerzas Armadas de Chile y las pol\u00edticas antisociales de Estado.<\/p>\n\n\n\n<p>\u00a1Honor y gloria a los hombres y mujeres que han entregado su vida en la lucha, y a los trabajadoras y trabajadores organizados que siguen luchando, incansablemente, para construir un futuro de dignidad y justicia social para Chile y su pueblo!<\/p>\n\n\n\n<figure class=\"wp-block-gallery columns-3 is-cropped wp-block-gallery-1 is-layout-flex wp-block-gallery-is-layout-flex\"><ul class=\"blocks-gallery-grid\"><li class=\"blocks-gallery-item\"><figure><img loading=\"lazy\" decoding=\"async\" width=\"1024\" height=\"575\" src=\"https:\/\/www.confederaciondelcobre.cl\/wp-content\/uploads\/2021\/12\/0e97ed4c-5b16-4149-a8cf-37e477e2bb3c-1024x575.jpeg\" alt=\"\" data-id=\"2140\" data-full-url=\"https:\/\/www.confederaciondelcobre.cl\/wp-content\/uploads\/2021\/12\/0e97ed4c-5b16-4149-a8cf-37e477e2bb3c.jpeg\" data-link=\"https:\/\/www.confederaciondelcobre.cl\/?attachment_id=2140\" class=\"wp-image-2140\" srcset=\"https:\/\/www.confederaciondelcobre.cl\/wp-content\/uploads\/2021\/12\/0e97ed4c-5b16-4149-a8cf-37e477e2bb3c-1024x575.jpeg 1024w, https:\/\/www.confederaciondelcobre.cl\/wp-content\/uploads\/2021\/12\/0e97ed4c-5b16-4149-a8cf-37e477e2bb3c-300x169.jpeg 300w, https:\/\/www.confederaciondelcobre.cl\/wp-content\/uploads\/2021\/12\/0e97ed4c-5b16-4149-a8cf-37e477e2bb3c-768x431.jpeg 768w, https:\/\/www.confederaciondelcobre.cl\/wp-content\/uploads\/2021\/12\/0e97ed4c-5b16-4149-a8cf-37e477e2bb3c.jpeg 1280w\" sizes=\"auto, (max-width: 1024px) 100vw, 1024px\" \/><\/figure><\/li><li class=\"blocks-gallery-item\"><figure><img loading=\"lazy\" decoding=\"async\" width=\"1024\" height=\"575\" src=\"https:\/\/www.confederaciondelcobre.cl\/wp-content\/uploads\/2021\/12\/2b610d21-f9f5-48cc-bd78-690f09403887-1024x575.jpeg\" alt=\"\" data-id=\"2141\" data-full-url=\"https:\/\/www.confederaciondelcobre.cl\/wp-content\/uploads\/2021\/12\/2b610d21-f9f5-48cc-bd78-690f09403887.jpeg\" data-link=\"https:\/\/www.confederaciondelcobre.cl\/?attachment_id=2141\" class=\"wp-image-2141\" srcset=\"https:\/\/www.confederaciondelcobre.cl\/wp-content\/uploads\/2021\/12\/2b610d21-f9f5-48cc-bd78-690f09403887-1024x575.jpeg 1024w, https:\/\/www.confederaciondelcobre.cl\/wp-content\/uploads\/2021\/12\/2b610d21-f9f5-48cc-bd78-690f09403887-300x169.jpeg 300w, https:\/\/www.confederaciondelcobre.cl\/wp-content\/uploads\/2021\/12\/2b610d21-f9f5-48cc-bd78-690f09403887-768x431.jpeg 768w, https:\/\/www.confederaciondelcobre.cl\/wp-content\/uploads\/2021\/12\/2b610d21-f9f5-48cc-bd78-690f09403887.jpeg 1280w\" sizes=\"auto, (max-width: 1024px) 100vw, 1024px\" \/><\/figure><\/li><li class=\"blocks-gallery-item\"><figure><img loading=\"lazy\" decoding=\"async\" width=\"1024\" height=\"575\" src=\"https:\/\/www.confederaciondelcobre.cl\/wp-content\/uploads\/2021\/12\/2bd824bd-0dae-4319-b691-e7688a2e7232-1024x575.jpeg\" alt=\"\" data-id=\"2142\" data-full-url=\"https:\/\/www.confederaciondelcobre.cl\/wp-content\/uploads\/2021\/12\/2bd824bd-0dae-4319-b691-e7688a2e7232.jpeg\" data-link=\"https:\/\/www.confederaciondelcobre.cl\/?attachment_id=2142\" class=\"wp-image-2142\" srcset=\"https:\/\/www.confederaciondelcobre.cl\/wp-content\/uploads\/2021\/12\/2bd824bd-0dae-4319-b691-e7688a2e7232-1024x575.jpeg 1024w, https:\/\/www.confederaciondelcobre.cl\/wp-content\/uploads\/2021\/12\/2bd824bd-0dae-4319-b691-e7688a2e7232-300x169.jpeg 300w, https:\/\/www.confederaciondelcobre.cl\/wp-content\/uploads\/2021\/12\/2bd824bd-0dae-4319-b691-e7688a2e7232-768x431.jpeg 768w, https:\/\/www.confederaciondelcobre.cl\/wp-content\/uploads\/2021\/12\/2bd824bd-0dae-4319-b691-e7688a2e7232.jpeg 1280w\" sizes=\"auto, (max-width: 1024px) 100vw, 1024px\" \/><\/figure><\/li><li class=\"blocks-gallery-item\"><figure><img loading=\"lazy\" decoding=\"async\" width=\"1024\" height=\"587\" src=\"https:\/\/www.confederaciondelcobre.cl\/wp-content\/uploads\/2021\/12\/7bb7ce22-1e3f-4c19-b529-88464510395a-1024x587.jpeg\" alt=\"\" data-id=\"2143\" data-full-url=\"https:\/\/www.confederaciondelcobre.cl\/wp-content\/uploads\/2021\/12\/7bb7ce22-1e3f-4c19-b529-88464510395a.jpeg\" data-link=\"https:\/\/www.confederaciondelcobre.cl\/?attachment_id=2143\" class=\"wp-image-2143\" srcset=\"https:\/\/www.confederaciondelcobre.cl\/wp-content\/uploads\/2021\/12\/7bb7ce22-1e3f-4c19-b529-88464510395a-1024x587.jpeg 1024w, https:\/\/www.confederaciondelcobre.cl\/wp-content\/uploads\/2021\/12\/7bb7ce22-1e3f-4c19-b529-88464510395a-300x172.jpeg 300w, https:\/\/www.confederaciondelcobre.cl\/wp-content\/uploads\/2021\/12\/7bb7ce22-1e3f-4c19-b529-88464510395a-768x440.jpeg 768w, https:\/\/www.confederaciondelcobre.cl\/wp-content\/uploads\/2021\/12\/7bb7ce22-1e3f-4c19-b529-88464510395a.jpeg 1280w\" sizes=\"auto, (max-width: 1024px) 100vw, 1024px\" \/><\/figure><\/li><li class=\"blocks-gallery-item\"><figure><img loading=\"lazy\" decoding=\"async\" width=\"1024\" height=\"575\" src=\"https:\/\/www.confederaciondelcobre.cl\/wp-content\/uploads\/2021\/12\/89b7129e-4972-4d64-b6b3-23ae9ec720e2-1024x575.jpeg\" alt=\"\" data-id=\"2144\" data-full-url=\"https:\/\/www.confederaciondelcobre.cl\/wp-content\/uploads\/2021\/12\/89b7129e-4972-4d64-b6b3-23ae9ec720e2.jpeg\" data-link=\"https:\/\/www.confederaciondelcobre.cl\/?attachment_id=2144\" class=\"wp-image-2144\" srcset=\"https:\/\/www.confederaciondelcobre.cl\/wp-content\/uploads\/2021\/12\/89b7129e-4972-4d64-b6b3-23ae9ec720e2-1024x575.jpeg 1024w, https:\/\/www.confederaciondelcobre.cl\/wp-content\/uploads\/2021\/12\/89b7129e-4972-4d64-b6b3-23ae9ec720e2-300x169.jpeg 300w, https:\/\/www.confederaciondelcobre.cl\/wp-content\/uploads\/2021\/12\/89b7129e-4972-4d64-b6b3-23ae9ec720e2-768x431.jpeg 768w, https:\/\/www.confederaciondelcobre.cl\/wp-content\/uploads\/2021\/12\/89b7129e-4972-4d64-b6b3-23ae9ec720e2.jpeg 1280w\" sizes=\"auto, (max-width: 1024px) 100vw, 1024px\" \/><\/figure><\/li><li class=\"blocks-gallery-item\"><figure><img loading=\"lazy\" decoding=\"async\" width=\"1024\" height=\"575\" src=\"https:\/\/www.confederaciondelcobre.cl\/wp-content\/uploads\/2021\/12\/96fb9708-5ebe-42d2-b033-3047545a3335-1024x575.jpeg\" alt=\"\" data-id=\"2145\" data-full-url=\"https:\/\/www.confederaciondelcobre.cl\/wp-content\/uploads\/2021\/12\/96fb9708-5ebe-42d2-b033-3047545a3335.jpeg\" data-link=\"https:\/\/www.confederaciondelcobre.cl\/?attachment_id=2145\" class=\"wp-image-2145\" srcset=\"https:\/\/www.confederaciondelcobre.cl\/wp-content\/uploads\/2021\/12\/96fb9708-5ebe-42d2-b033-3047545a3335-1024x575.jpeg 1024w, https:\/\/www.confederaciondelcobre.cl\/wp-content\/uploads\/2021\/12\/96fb9708-5ebe-42d2-b033-3047545a3335-300x169.jpeg 300w, https:\/\/www.confederaciondelcobre.cl\/wp-content\/uploads\/2021\/12\/96fb9708-5ebe-42d2-b033-3047545a3335-768x431.jpeg 768w, https:\/\/www.confederaciondelcobre.cl\/wp-content\/uploads\/2021\/12\/96fb9708-5ebe-42d2-b033-3047545a3335.jpeg 1280w\" sizes=\"auto, (max-width: 1024px) 100vw, 1024px\" \/><\/figure><\/li><li class=\"blocks-gallery-item\"><figure><img loading=\"lazy\" decoding=\"async\" width=\"1024\" height=\"575\" src=\"https:\/\/www.confederaciondelcobre.cl\/wp-content\/uploads\/2021\/12\/118f7222-3443-422b-9e3d-0a51ab9ee34d-1024x575.jpeg\" alt=\"\" data-id=\"2146\" data-full-url=\"https:\/\/www.confederaciondelcobre.cl\/wp-content\/uploads\/2021\/12\/118f7222-3443-422b-9e3d-0a51ab9ee34d.jpeg\" data-link=\"https:\/\/www.confederaciondelcobre.cl\/?attachment_id=2146\" class=\"wp-image-2146\" srcset=\"https:\/\/www.confederaciondelcobre.cl\/wp-content\/uploads\/2021\/12\/118f7222-3443-422b-9e3d-0a51ab9ee34d-1024x575.jpeg 1024w, https:\/\/www.confederaciondelcobre.cl\/wp-content\/uploads\/2021\/12\/118f7222-3443-422b-9e3d-0a51ab9ee34d-300x169.jpeg 300w, https:\/\/www.confederaciondelcobre.cl\/wp-content\/uploads\/2021\/12\/118f7222-3443-422b-9e3d-0a51ab9ee34d-768x431.jpeg 768w, https:\/\/www.confederaciondelcobre.cl\/wp-content\/uploads\/2021\/12\/118f7222-3443-422b-9e3d-0a51ab9ee34d.jpeg 1280w\" sizes=\"auto, (max-width: 1024px) 100vw, 1024px\" \/><\/figure><\/li><li class=\"blocks-gallery-item\"><figure><img loading=\"lazy\" decoding=\"async\" width=\"1024\" height=\"575\" src=\"https:\/\/www.confederaciondelcobre.cl\/wp-content\/uploads\/2021\/12\/507dc03c-5df8-4cda-a6be-d3cc10d495da-1-1024x575.jpeg\" alt=\"\" data-id=\"2147\" data-full-url=\"https:\/\/www.confederaciondelcobre.cl\/wp-content\/uploads\/2021\/12\/507dc03c-5df8-4cda-a6be-d3cc10d495da-1.jpeg\" data-link=\"https:\/\/www.confederaciondelcobre.cl\/?attachment_id=2147\" class=\"wp-image-2147\" srcset=\"https:\/\/www.confederaciondelcobre.cl\/wp-content\/uploads\/2021\/12\/507dc03c-5df8-4cda-a6be-d3cc10d495da-1-1024x575.jpeg 1024w, https:\/\/www.confederaciondelcobre.cl\/wp-content\/uploads\/2021\/12\/507dc03c-5df8-4cda-a6be-d3cc10d495da-1-300x169.jpeg 300w, https:\/\/www.confederaciondelcobre.cl\/wp-content\/uploads\/2021\/12\/507dc03c-5df8-4cda-a6be-d3cc10d495da-1-768x431.jpeg 768w, https:\/\/www.confederaciondelcobre.cl\/wp-content\/uploads\/2021\/12\/507dc03c-5df8-4cda-a6be-d3cc10d495da-1.jpeg 1280w\" sizes=\"auto, (max-width: 1024px) 100vw, 1024px\" \/><\/figure><\/li><li class=\"blocks-gallery-item\"><figure><img loading=\"lazy\" decoding=\"async\" width=\"1024\" height=\"575\" src=\"https:\/\/www.confederaciondelcobre.cl\/wp-content\/uploads\/2021\/12\/1489cffb-82b9-43da-9dc0-ee5ce54ad7f4-1024x575.jpeg\" alt=\"\" data-id=\"2148\" data-full-url=\"https:\/\/www.confederaciondelcobre.cl\/wp-content\/uploads\/2021\/12\/1489cffb-82b9-43da-9dc0-ee5ce54ad7f4.jpeg\" data-link=\"https:\/\/www.confederaciondelcobre.cl\/?attachment_id=2148\" class=\"wp-image-2148\" srcset=\"https:\/\/www.confederaciondelcobre.cl\/wp-content\/uploads\/2021\/12\/1489cffb-82b9-43da-9dc0-ee5ce54ad7f4-1024x575.jpeg 1024w, https:\/\/www.confederaciondelcobre.cl\/wp-content\/uploads\/2021\/12\/1489cffb-82b9-43da-9dc0-ee5ce54ad7f4-300x169.jpeg 300w, https:\/\/www.confederaciondelcobre.cl\/wp-content\/uploads\/2021\/12\/1489cffb-82b9-43da-9dc0-ee5ce54ad7f4-768x431.jpeg 768w, https:\/\/www.confederaciondelcobre.cl\/wp-content\/uploads\/2021\/12\/1489cffb-82b9-43da-9dc0-ee5ce54ad7f4.jpeg 1280w\" sizes=\"auto, (max-width: 1024px) 100vw, 1024px\" \/><\/figure><\/li><li class=\"blocks-gallery-item\"><figure><img loading=\"lazy\" decoding=\"async\" width=\"1024\" height=\"575\" src=\"https:\/\/www.confederaciondelcobre.cl\/wp-content\/uploads\/2021\/12\/5746fadd-b4f9-4dfb-9f0f-d612ffe3e38f-1024x575.jpeg\" alt=\"\" data-id=\"2149\" data-full-url=\"https:\/\/www.confederaciondelcobre.cl\/wp-content\/uploads\/2021\/12\/5746fadd-b4f9-4dfb-9f0f-d612ffe3e38f.jpeg\" data-link=\"https:\/\/www.confederaciondelcobre.cl\/?attachment_id=2149\" class=\"wp-image-2149\" srcset=\"https:\/\/www.confederaciondelcobre.cl\/wp-content\/uploads\/2021\/12\/5746fadd-b4f9-4dfb-9f0f-d612ffe3e38f-1024x575.jpeg 1024w, https:\/\/www.confederaciondelcobre.cl\/wp-content\/uploads\/2021\/12\/5746fadd-b4f9-4dfb-9f0f-d612ffe3e38f-300x169.jpeg 300w, https:\/\/www.confederaciondelcobre.cl\/wp-content\/uploads\/2021\/12\/5746fadd-b4f9-4dfb-9f0f-d612ffe3e38f-768x431.jpeg 768w, https:\/\/www.confederaciondelcobre.cl\/wp-content\/uploads\/2021\/12\/5746fadd-b4f9-4dfb-9f0f-d612ffe3e38f.jpeg 1280w\" sizes=\"auto, (max-width: 1024px) 100vw, 1024px\" \/><\/figure><\/li><li class=\"blocks-gallery-item\"><figure><img loading=\"lazy\" decoding=\"async\" width=\"575\" height=\"1024\" src=\"https:\/\/www.confederaciondelcobre.cl\/wp-content\/uploads\/2021\/12\/b33264c7-733f-42dc-ae78-cb72a9b5e612-575x1024.jpeg\" alt=\"\" data-id=\"2150\" data-full-url=\"https:\/\/www.confederaciondelcobre.cl\/wp-content\/uploads\/2021\/12\/b33264c7-733f-42dc-ae78-cb72a9b5e612.jpeg\" data-link=\"https:\/\/www.confederaciondelcobre.cl\/?attachment_id=2150\" class=\"wp-image-2150\" srcset=\"https:\/\/www.confederaciondelcobre.cl\/wp-content\/uploads\/2021\/12\/b33264c7-733f-42dc-ae78-cb72a9b5e612-575x1024.jpeg 575w, https:\/\/www.confederaciondelcobre.cl\/wp-content\/uploads\/2021\/12\/b33264c7-733f-42dc-ae78-cb72a9b5e612-169x300.jpeg 169w, https:\/\/www.confederaciondelcobre.cl\/wp-content\/uploads\/2021\/12\/b33264c7-733f-42dc-ae78-cb72a9b5e612.jpeg 719w\" sizes=\"auto, (max-width: 575px) 100vw, 575px\" \/><\/figure><\/li><li class=\"blocks-gallery-item\"><figure><img loading=\"lazy\" decoding=\"async\" width=\"1024\" height=\"575\" src=\"https:\/\/www.confederaciondelcobre.cl\/wp-content\/uploads\/2021\/12\/bc9932c9-7135-49d4-9a64-a177eabe7a44-1024x575.jpeg\" alt=\"\" data-id=\"2151\" data-full-url=\"https:\/\/www.confederaciondelcobre.cl\/wp-content\/uploads\/2021\/12\/bc9932c9-7135-49d4-9a64-a177eabe7a44.jpeg\" data-link=\"https:\/\/www.confederaciondelcobre.cl\/?attachment_id=2151\" class=\"wp-image-2151\" srcset=\"https:\/\/www.confederaciondelcobre.cl\/wp-content\/uploads\/2021\/12\/bc9932c9-7135-49d4-9a64-a177eabe7a44-1024x575.jpeg 1024w, https:\/\/www.confederaciondelcobre.cl\/wp-content\/uploads\/2021\/12\/bc9932c9-7135-49d4-9a64-a177eabe7a44-300x169.jpeg 300w, https:\/\/www.confederaciondelcobre.cl\/wp-content\/uploads\/2021\/12\/bc9932c9-7135-49d4-9a64-a177eabe7a44-768x431.jpeg 768w, https:\/\/www.confederaciondelcobre.cl\/wp-content\/uploads\/2021\/12\/bc9932c9-7135-49d4-9a64-a177eabe7a44.jpeg 1280w\" sizes=\"auto, (max-width: 1024px) 100vw, 1024px\" \/><\/figure><\/li><li class=\"blocks-gallery-item\"><figure><img loading=\"lazy\" decoding=\"async\" width=\"1024\" height=\"575\" src=\"https:\/\/www.confederaciondelcobre.cl\/wp-content\/uploads\/2021\/12\/d6fb9209-85f0-46b4-bf97-4f21f9a3c1da-1-1024x575.jpeg\" alt=\"\" data-id=\"2152\" data-full-url=\"https:\/\/www.confederaciondelcobre.cl\/wp-content\/uploads\/2021\/12\/d6fb9209-85f0-46b4-bf97-4f21f9a3c1da-1.jpeg\" data-link=\"https:\/\/www.confederaciondelcobre.cl\/?attachment_id=2152\" class=\"wp-image-2152\" srcset=\"https:\/\/www.confederaciondelcobre.cl\/wp-content\/uploads\/2021\/12\/d6fb9209-85f0-46b4-bf97-4f21f9a3c1da-1-1024x575.jpeg 1024w, https:\/\/www.confederaciondelcobre.cl\/wp-content\/uploads\/2021\/12\/d6fb9209-85f0-46b4-bf97-4f21f9a3c1da-1-300x169.jpeg 300w, https:\/\/www.confederaciondelcobre.cl\/wp-content\/uploads\/2021\/12\/d6fb9209-85f0-46b4-bf97-4f21f9a3c1da-1-768x431.jpeg 768w, https:\/\/www.confederaciondelcobre.cl\/wp-content\/uploads\/2021\/12\/d6fb9209-85f0-46b4-bf97-4f21f9a3c1da-1.jpeg 1280w\" sizes=\"auto, (max-width: 1024px) 100vw, 1024px\" \/><\/figure><\/li><li class=\"blocks-gallery-item\"><figure><img loading=\"lazy\" decoding=\"async\" width=\"1024\" height=\"575\" src=\"https:\/\/www.confederaciondelcobre.cl\/wp-content\/uploads\/2021\/12\/d8be85dd-de0b-4126-9dd7-ae16fd7581d6-1024x575.jpeg\" alt=\"\" data-id=\"2153\" data-full-url=\"https:\/\/www.confederaciondelcobre.cl\/wp-content\/uploads\/2021\/12\/d8be85dd-de0b-4126-9dd7-ae16fd7581d6.jpeg\" data-link=\"https:\/\/www.confederaciondelcobre.cl\/?attachment_id=2153\" class=\"wp-image-2153\" srcset=\"https:\/\/www.confederaciondelcobre.cl\/wp-content\/uploads\/2021\/12\/d8be85dd-de0b-4126-9dd7-ae16fd7581d6-1024x575.jpeg 1024w, https:\/\/www.confederaciondelcobre.cl\/wp-content\/uploads\/2021\/12\/d8be85dd-de0b-4126-9dd7-ae16fd7581d6-300x169.jpeg 300w, https:\/\/www.confederaciondelcobre.cl\/wp-content\/uploads\/2021\/12\/d8be85dd-de0b-4126-9dd7-ae16fd7581d6-768x431.jpeg 768w, https:\/\/www.confederaciondelcobre.cl\/wp-content\/uploads\/2021\/12\/d8be85dd-de0b-4126-9dd7-ae16fd7581d6.jpeg 1280w\" sizes=\"auto, (max-width: 1024px) 100vw, 1024px\" \/><\/figure><\/li><li class=\"blocks-gallery-item\"><figure><img loading=\"lazy\" decoding=\"async\" width=\"1024\" height=\"613\" src=\"https:\/\/www.confederaciondelcobre.cl\/wp-content\/uploads\/2021\/12\/e5db007a-efaf-4915-b8ab-c14fd8e32681-1-1024x613.jpeg\" alt=\"\" data-id=\"2154\" data-full-url=\"https:\/\/www.confederaciondelcobre.cl\/wp-content\/uploads\/2021\/12\/e5db007a-efaf-4915-b8ab-c14fd8e32681-1.jpeg\" data-link=\"https:\/\/www.confederaciondelcobre.cl\/?attachment_id=2154\" class=\"wp-image-2154\" srcset=\"https:\/\/www.confederaciondelcobre.cl\/wp-content\/uploads\/2021\/12\/e5db007a-efaf-4915-b8ab-c14fd8e32681-1-1024x613.jpeg 1024w, https:\/\/www.confederaciondelcobre.cl\/wp-content\/uploads\/2021\/12\/e5db007a-efaf-4915-b8ab-c14fd8e32681-1-300x180.jpeg 300w, https:\/\/www.confederaciondelcobre.cl\/wp-content\/uploads\/2021\/12\/e5db007a-efaf-4915-b8ab-c14fd8e32681-1-768x460.jpeg 768w, https:\/\/www.confederaciondelcobre.cl\/wp-content\/uploads\/2021\/12\/e5db007a-efaf-4915-b8ab-c14fd8e32681-1.jpeg 1280w\" sizes=\"auto, (max-width: 1024px) 100vw, 1024px\" \/><\/figure><\/li><li class=\"blocks-gallery-item\"><figure><img loading=\"lazy\" decoding=\"async\" width=\"1024\" height=\"610\" src=\"https:\/\/www.confederaciondelcobre.cl\/wp-content\/uploads\/2021\/12\/e7bc4f11-daab-4c45-bf40-601d39bc39a0-1024x610.jpeg\" alt=\"\" data-id=\"2155\" data-full-url=\"https:\/\/www.confederaciondelcobre.cl\/wp-content\/uploads\/2021\/12\/e7bc4f11-daab-4c45-bf40-601d39bc39a0.jpeg\" data-link=\"https:\/\/www.confederaciondelcobre.cl\/?attachment_id=2155\" class=\"wp-image-2155\" srcset=\"https:\/\/www.confederaciondelcobre.cl\/wp-content\/uploads\/2021\/12\/e7bc4f11-daab-4c45-bf40-601d39bc39a0-1024x610.jpeg 1024w, https:\/\/www.confederaciondelcobre.cl\/wp-content\/uploads\/2021\/12\/e7bc4f11-daab-4c45-bf40-601d39bc39a0-300x179.jpeg 300w, https:\/\/www.confederaciondelcobre.cl\/wp-content\/uploads\/2021\/12\/e7bc4f11-daab-4c45-bf40-601d39bc39a0-768x457.jpeg 768w, https:\/\/www.confederaciondelcobre.cl\/wp-content\/uploads\/2021\/12\/e7bc4f11-daab-4c45-bf40-601d39bc39a0.jpeg 1280w\" sizes=\"auto, (max-width: 1024px) 100vw, 1024px\" \/><\/figure><\/li><li class=\"blocks-gallery-item\"><figure><img loading=\"lazy\" decoding=\"async\" width=\"1024\" height=\"597\" src=\"https:\/\/www.confederaciondelcobre.cl\/wp-content\/uploads\/2021\/12\/f959c541-4d24-43c8-9ae6-80c15cff3178-1024x597.jpeg\" alt=\"\" data-id=\"2156\" data-full-url=\"https:\/\/www.confederaciondelcobre.cl\/wp-content\/uploads\/2021\/12\/f959c541-4d24-43c8-9ae6-80c15cff3178.jpeg\" data-link=\"https:\/\/www.confederaciondelcobre.cl\/?attachment_id=2156\" class=\"wp-image-2156\" srcset=\"https:\/\/www.confederaciondelcobre.cl\/wp-content\/uploads\/2021\/12\/f959c541-4d24-43c8-9ae6-80c15cff3178-1024x597.jpeg 1024w, https:\/\/www.confederaciondelcobre.cl\/wp-content\/uploads\/2021\/12\/f959c541-4d24-43c8-9ae6-80c15cff3178-300x175.jpeg 300w, https:\/\/www.confederaciondelcobre.cl\/wp-content\/uploads\/2021\/12\/f959c541-4d24-43c8-9ae6-80c15cff3178-768x448.jpeg 768w, https:\/\/www.confederaciondelcobre.cl\/wp-content\/uploads\/2021\/12\/f959c541-4d24-43c8-9ae6-80c15cff3178.jpeg 1280w\" sizes=\"auto, (max-width: 1024px) 100vw, 1024px\" \/><\/figure><\/li><li class=\"blocks-gallery-item\"><figure><img loading=\"lazy\" decoding=\"async\" width=\"575\" height=\"1024\" src=\"https:\/\/www.confederaciondelcobre.cl\/wp-content\/uploads\/2021\/12\/ff053651-2097-4ea1-84b1-7ba2e3b90a7c-575x1024.jpeg\" alt=\"\" data-id=\"2157\" data-full-url=\"https:\/\/www.confederaciondelcobre.cl\/wp-content\/uploads\/2021\/12\/ff053651-2097-4ea1-84b1-7ba2e3b90a7c.jpeg\" data-link=\"https:\/\/www.confederaciondelcobre.cl\/?attachment_id=2157\" class=\"wp-image-2157\" srcset=\"https:\/\/www.confederaciondelcobre.cl\/wp-content\/uploads\/2021\/12\/ff053651-2097-4ea1-84b1-7ba2e3b90a7c-575x1024.jpeg 575w, https:\/\/www.confederaciondelcobre.cl\/wp-content\/uploads\/2021\/12\/ff053651-2097-4ea1-84b1-7ba2e3b90a7c-169x300.jpeg 169w, https:\/\/www.confederaciondelcobre.cl\/wp-content\/uploads\/2021\/12\/ff053651-2097-4ea1-84b1-7ba2e3b90a7c.jpeg 719w\" sizes=\"auto, (max-width: 575px) 100vw, 575px\" \/><\/figure><\/li><\/ul><figcaption class=\"blocks-gallery-caption\">Fotograf\u00edas gentileza de Carlos Carpio.<\/figcaption><\/figure>\n\n\n\n<p><\/p>\n","protected":false},"excerpt":{"rendered":"<p>Como todos los a\u00f1os, y con la participaci\u00f3n de la Confederaci\u00f3n de Trabajadores del Cobre (CTC), representada por Francisco Cabezas, Presidente de la Federaci\u00f3n Minera del Norte y Director Nacional &hellip; <\/p>\n","protected":false},"author":2,"featured_media":2135,"comment_status":"closed","ping_status":"closed","sticky":false,"template":"","format":"standard","meta":{"jetpack_post_was_ever_published":false,"_jetpack_newsletter_access":"","_jetpack_dont_email_post_to_subs":false,"_jetpack_newsletter_tier_id":0,"_jetpack_memberships_contains_paywalled_content":false,"_jetpack_memberships_contains_paid_content":false,"footnotes":"","jetpack_publicize_message":"","jetpack_publicize_feature_enabled":true,"jetpack_social_post_already_shared":false,"jetpack_social_options":{"image_generator_settings":{"template":"highway","default_image_id":0,"enabled":false},"version":2}},"categories":[9,21,22,15,17,19],"tags":[],"class_list":["post-2125","post","type-post","status-publish","format-standard","has-post-thumbnail","hentry","category-confederacion","category-federaciones","category-feminort","category-nacional","category-regiones","category-trabajadores"],"jetpack_publicize_connections":[],"jetpack_featured_media_url":"https:\/\/www.confederaciondelcobre.cl\/wp-content\/uploads\/2021\/12\/Port114EscStaMIqq.jpg","jetpack_sharing_enabled":true,"post_mailing_queue_ids":[],"_links":{"self":[{"href":"https:\/\/www.confederaciondelcobre.cl\/index.php\/wp-json\/wp\/v2\/posts\/2125","targetHints":{"allow":["GET"]}}],"collection":[{"href":"https:\/\/www.confederaciondelcobre.cl\/index.php\/wp-json\/wp\/v2\/posts"}],"about":[{"href":"https:\/\/www.confederaciondelcobre.cl\/index.php\/wp-json\/wp\/v2\/types\/post"}],"author":[{"embeddable":true,"href":"https:\/\/www.confederaciondelcobre.cl\/index.php\/wp-json\/wp\/v2\/users\/2"}],"replies":[{"embeddable":true,"href":"https:\/\/www.confederaciondelcobre.cl\/index.php\/wp-json\/wp\/v2\/comments?post=2125"}],"version-history":[{"count":6,"href":"https:\/\/www.confederaciondelcobre.cl\/index.php\/wp-json\/wp\/v2\/posts\/2125\/revisions"}],"predecessor-version":[{"id":2158,"href":"https:\/\/www.confederaciondelcobre.cl\/index.php\/wp-json\/wp\/v2\/posts\/2125\/revisions\/2158"}],"wp:featuredmedia":[{"embeddable":true,"href":"https:\/\/www.confederaciondelcobre.cl\/index.php\/wp-json\/wp\/v2\/media\/2135"}],"wp:attachment":[{"href":"https:\/\/www.confederaciondelcobre.cl\/index.php\/wp-json\/wp\/v2\/media?parent=2125"}],"wp:term":[{"taxonomy":"category","embeddable":true,"href":"https:\/\/www.confederaciondelcobre.cl\/index.php\/wp-json\/wp\/v2\/categories?post=2125"},{"taxonomy":"post_tag","embeddable":true,"href":"https:\/\/www.confederaciondelcobre.cl\/index.php\/wp-json\/wp\/v2\/tags?post=2125"}],"curies":[{"name":"wp","href":"https:\/\/api.w.org\/{rel}","templated":true}]}}