{"id":213,"date":"2019-05-30T18:11:43","date_gmt":"2019-05-30T18:11:43","guid":{"rendered":"http:\/\/www.ctc2018.cl\/?p=213"},"modified":"2020-04-27T00:15:33","modified_gmt":"2020-04-27T00:15:33","slug":"en-iquique-sindicato-no2-alinorte-se-afilia-a-la-ctc","status":"publish","type":"post","link":"https:\/\/www.confederaciondelcobre.cl\/index.php\/2019\/05\/30\/en-iquique-sindicato-no2-alinorte-se-afilia-a-la-ctc\/","title":{"rendered":"En Iquique: sindicato N\u00ba2 Alinorte se afilia a la CTC"},"content":{"rendered":"\n<p>Este mi\u00e9rcoles 29 de mayo, los trabajadores organizados en&nbsp;<strong>el Sindicato N\u00ba2 Alinorte resolvieron afiliarse a la Federaci\u00f3n Minera del Norte (FEMINORT), brazo org\u00e1nico de la Confederaci\u00f3n de Trabajadores del Cobre (CTC) en el territorio.<\/strong><\/p>\n\n\n\n<p>El proceso, con una votaci\u00f3n ampliamente mayoritaria a favor de la integraci\u00f3n del Sindicato N\u00ba2 Alinorte a la Federaci\u00f3n y Confederaci\u00f3n, da cuenta de la permanente necesidad que tienen los trabajadores de organizarse y fortalecerse en pos de sus derechos y reivindicaciones.&nbsp;<strong>Manuel Ahumada Letelier, presidente de la Confederaci\u00f3n de Trabajadores del Cobre, se\u00f1al\u00f3 que &#8220;para la CTC, la afiliaci\u00f3n del sindicato N\u00ba2 Alinorte, no solo constituye un reconocimiento al constante trabajo y lucha que como organizaci\u00f3n nacional realizamos, sino adem\u00e1s implica reafirmar el compromiso y respaldo para con nuestros compa\u00f1eros tanto del sindicato N\u00ba2 Alinorte, como de las dem\u00e1s organizaciones afiliadas. Saludamos esta incorporaci\u00f3n, saludamos el trabajo de nuestra federaci\u00f3n (FEMINORT) en Iquique y por sobre todo saludamos a las compa\u00f1eras y compa\u00f1eros del sindicato Alinorte que a partir de ahora se incorporan a la Confederaci\u00f3n de Trabajadores del Cobre&#8221;<\/strong>, finaliz\u00f3.<\/p>\n","protected":false},"excerpt":{"rendered":"<p>Este mi\u00e9rcoles 29 de mayo, los trabajadores organizados en&nbsp;el Sindicato N\u00ba2 Alinorte resolvieron afiliarse a la Federaci\u00f3n Minera del Norte (FEMINORT), brazo org\u00e1nico de la Confederaci\u00f3n de Trabajadores del Cobre &hellip; <\/p>\n","protected":false},"author":2,"featured_media":215,"comment_status":"open","ping_status":"open","sticky":false,"template":"","format":"standard","meta":{"jetpack_post_was_ever_published":false,"_jetpack_newsletter_access":"","_jetpack_dont_email_post_to_subs":false,"_jetpack_newsletter_tier_id":0,"_jetpack_memberships_contains_paywalled_content":false,"_jetpack_memberships_contains_paid_content":false,"footnotes":"","jetpack_publicize_message":"","jetpack_publicize_feature_enabled":true,"jetpack_social_post_already_shared":false,"jetpack_social_options":{"image_generator_settings":{"template":"highway","default_image_id":0,"enabled":false},"version":2}},"categories":[9,21,22],"tags":[],"class_list":["post-213","post","type-post","status-publish","format-standard","has-post-thumbnail","hentry","category-confederacion","category-federaciones","category-feminort"],"jetpack_publicize_connections":[],"jetpack_featured_media_url":"https:\/\/www.confederaciondelcobre.cl\/wp-content\/uploads\/2019\/05\/AlinorteWebCTC.jpg","jetpack_sharing_enabled":true,"post_mailing_queue_ids":[],"_links":{"self":[{"href":"https:\/\/www.confederaciondelcobre.cl\/index.php\/wp-json\/wp\/v2\/posts\/213","targetHints":{"allow":["GET"]}}],"collection":[{"href":"https:\/\/www.confederaciondelcobre.cl\/index.php\/wp-json\/wp\/v2\/posts"}],"about":[{"href":"https:\/\/www.confederaciondelcobre.cl\/index.php\/wp-json\/wp\/v2\/types\/post"}],"author":[{"embeddable":true,"href":"https:\/\/www.confederaciondelcobre.cl\/index.php\/wp-json\/wp\/v2\/users\/2"}],"replies":[{"embeddable":true,"href":"https:\/\/www.confederaciondelcobre.cl\/index.php\/wp-json\/wp\/v2\/comments?post=213"}],"version-history":[{"count":1,"href":"https:\/\/www.confederaciondelcobre.cl\/index.php\/wp-json\/wp\/v2\/posts\/213\/revisions"}],"predecessor-version":[{"id":214,"href":"https:\/\/www.confederaciondelcobre.cl\/index.php\/wp-json\/wp\/v2\/posts\/213\/revisions\/214"}],"wp:featuredmedia":[{"embeddable":true,"href":"https:\/\/www.confederaciondelcobre.cl\/index.php\/wp-json\/wp\/v2\/media\/215"}],"wp:attachment":[{"href":"https:\/\/www.confederaciondelcobre.cl\/index.php\/wp-json\/wp\/v2\/media?parent=213"}],"wp:term":[{"taxonomy":"category","embeddable":true,"href":"https:\/\/www.confederaciondelcobre.cl\/index.php\/wp-json\/wp\/v2\/categories?post=213"},{"taxonomy":"post_tag","embeddable":true,"href":"https:\/\/www.confederaciondelcobre.cl\/index.php\/wp-json\/wp\/v2\/tags?post=213"}],"curies":[{"name":"wp","href":"https:\/\/api.w.org\/{rel}","templated":true}]}}