{"id":2159,"date":"2021-12-24T18:17:22","date_gmt":"2021-12-24T18:17:22","guid":{"rendered":"https:\/\/www.confederaciondelcobre.cl\/?p=2159"},"modified":"2021-12-24T18:17:24","modified_gmt":"2021-12-24T18:17:24","slug":"felices-fiestas-y-prospero-ano-nuevo-2022","status":"publish","type":"post","link":"https:\/\/www.confederaciondelcobre.cl\/index.php\/2021\/12\/24\/felices-fiestas-y-prospero-ano-nuevo-2022\/","title":{"rendered":"\u00a1Felices Fiestas y Pr\u00f3spero A\u00f1o Nuevo 2022!"},"content":{"rendered":"\n<p class=\"has-text-align-left\">Compa\u00f1eras y compa\u00f1eros, hoy, en la v\u00edspera de las fiestas de fin de a\u00f1o, la Confederaci\u00f3n de Trabajadores del Cobre hacemos llegar nuestros mejores deseos para ustedes, sus familias y m\u00e1s cercanos, a la vez que nuestros anhelos para el nuevo a\u00f1o que se avecina est\u00e1n puestos en la esperanza de iniciar por fin la construcci\u00f3n de un futuro mejor.<br><br>Confiamos en que as\u00ed ser\u00e1, confiamos en que los procesos de nueva constituci\u00f3n y nuevo gobierno, junto al firme compromiso de la clase trabajadora, dar\u00e1n inicio a un nuevo Chile, m\u00e1s justo y digno para todas y todos.<\/p>\n\n\n\n<p class=\"has-text-align-center\"><strong>Felices fiestas y prospero a\u00f1o nuevo 2022<br>\u00a1Arriba las y los que luchan y no se rinden jam\u00e1s!<\/strong><\/p>\n\n\n\n<figure class=\"wp-block-image size-large\"><img loading=\"lazy\" decoding=\"async\" width=\"1024\" height=\"1024\" src=\"https:\/\/www.confederaciondelcobre.cl\/wp-content\/uploads\/2021\/12\/Felices-Fiestas-CTC-1024x1024.png\" alt=\"\" class=\"wp-image-2160\" srcset=\"https:\/\/www.confederaciondelcobre.cl\/wp-content\/uploads\/2021\/12\/Felices-Fiestas-CTC-1024x1024.png 1024w, https:\/\/www.confederaciondelcobre.cl\/wp-content\/uploads\/2021\/12\/Felices-Fiestas-CTC-300x300.png 300w, https:\/\/www.confederaciondelcobre.cl\/wp-content\/uploads\/2021\/12\/Felices-Fiestas-CTC-150x150.png 150w, https:\/\/www.confederaciondelcobre.cl\/wp-content\/uploads\/2021\/12\/Felices-Fiestas-CTC-768x768.png 768w, https:\/\/www.confederaciondelcobre.cl\/wp-content\/uploads\/2021\/12\/Felices-Fiestas-CTC.png 1080w\" sizes=\"auto, (max-width: 1024px) 100vw, 1024px\" \/><\/figure>\n","protected":false},"excerpt":{"rendered":"<p>Compa\u00f1eras y compa\u00f1eros, hoy, en la v\u00edspera de las fiestas de fin de a\u00f1o, la Confederaci\u00f3n de Trabajadores del Cobre hacemos llegar nuestros mejores deseos para ustedes, sus familias y &hellip; <\/p>\n","protected":false},"author":2,"featured_media":2161,"comment_status":"closed","ping_status":"closed","sticky":false,"template":"","format":"standard","meta":{"jetpack_post_was_ever_published":false,"_jetpack_newsletter_access":"","_jetpack_dont_email_post_to_subs":false,"_jetpack_newsletter_tier_id":0,"_jetpack_memberships_contains_paywalled_content":false,"_jetpack_memberships_contains_paid_content":false,"footnotes":"","jetpack_publicize_message":"","jetpack_publicize_feature_enabled":true,"jetpack_social_post_already_shared":false,"jetpack_social_options":{"image_generator_settings":{"template":"highway","default_image_id":0,"enabled":false},"version":2}},"categories":[8,9,21,22,28,26,25,29,31,15,19],"tags":[],"class_list":["post-2159","post","type-post","status-publish","format-standard","has-post-thumbnail","hentry","category-comunicado","category-confederacion","category-federaciones","category-feminort","category-fesal","category-fesamab","category-fesamav","category-fetramac","category-fetratec","category-nacional","category-trabajadores"],"jetpack_publicize_connections":[],"jetpack_featured_media_url":"https:\/\/www.confederaciondelcobre.cl\/wp-content\/uploads\/2021\/12\/PortFiestasCTC.jpg","jetpack_sharing_enabled":true,"post_mailing_queue_ids":[],"_links":{"self":[{"href":"https:\/\/www.confederaciondelcobre.cl\/index.php\/wp-json\/wp\/v2\/posts\/2159","targetHints":{"allow":["GET"]}}],"collection":[{"href":"https:\/\/www.confederaciondelcobre.cl\/index.php\/wp-json\/wp\/v2\/posts"}],"about":[{"href":"https:\/\/www.confederaciondelcobre.cl\/index.php\/wp-json\/wp\/v2\/types\/post"}],"author":[{"embeddable":true,"href":"https:\/\/www.confederaciondelcobre.cl\/index.php\/wp-json\/wp\/v2\/users\/2"}],"replies":[{"embeddable":true,"href":"https:\/\/www.confederaciondelcobre.cl\/index.php\/wp-json\/wp\/v2\/comments?post=2159"}],"version-history":[{"count":3,"href":"https:\/\/www.confederaciondelcobre.cl\/index.php\/wp-json\/wp\/v2\/posts\/2159\/revisions"}],"predecessor-version":[{"id":2164,"href":"https:\/\/www.confederaciondelcobre.cl\/index.php\/wp-json\/wp\/v2\/posts\/2159\/revisions\/2164"}],"wp:featuredmedia":[{"embeddable":true,"href":"https:\/\/www.confederaciondelcobre.cl\/index.php\/wp-json\/wp\/v2\/media\/2161"}],"wp:attachment":[{"href":"https:\/\/www.confederaciondelcobre.cl\/index.php\/wp-json\/wp\/v2\/media?parent=2159"}],"wp:term":[{"taxonomy":"category","embeddable":true,"href":"https:\/\/www.confederaciondelcobre.cl\/index.php\/wp-json\/wp\/v2\/categories?post=2159"},{"taxonomy":"post_tag","embeddable":true,"href":"https:\/\/www.confederaciondelcobre.cl\/index.php\/wp-json\/wp\/v2\/tags?post=2159"}],"curies":[{"name":"wp","href":"https:\/\/api.w.org\/{rel}","templated":true}]}}