{"id":2165,"date":"2021-12-31T14:00:25","date_gmt":"2021-12-31T14:00:25","guid":{"rendered":"https:\/\/www.confederaciondelcobre.cl\/?p=2165"},"modified":"2021-12-31T14:00:26","modified_gmt":"2021-12-31T14:00:26","slug":"calama-federacion-de-la-ctc-en-la-region-de-antofagasta-fesitram-renueva-y-fortalece-su-directiva","status":"publish","type":"post","link":"https:\/\/www.confederaciondelcobre.cl\/index.php\/2021\/12\/31\/calama-federacion-de-la-ctc-en-la-region-de-antofagasta-fesitram-renueva-y-fortalece-su-directiva\/","title":{"rendered":"Calama: Federaci\u00f3n de la CTC en la regi\u00f3n de Antofagasta (FESITRAM) renueva y fortalece su directiva."},"content":{"rendered":"\n<p>El mi\u00e9rcoles 29 de diciembre, la Federaci\u00f3n de Sindicatos de Trabajadores de la Miner\u00eda y Organizaciones afines de la 2\u00aa regi\u00f3n (FESITRAM), que es brazo org\u00e1nico de la Confederaci\u00f3n de Trabajadores del Cobre (CTC) en la regi\u00f3n de Antofagasta, ha renovado su directiva. El proceso de renovaci\u00f3n, junto con la afiliaci\u00f3n de dos nuevos sindicatos a la Federaci\u00f3n, y por extensi\u00f3n afiliados tambi\u00e9n a la propia CTC, obedece a un ejercicio de fortalecimiento de la organizaci\u00f3n a fin de defender y conquistar m\u00e1s derechos para las y los trabajadores contratistas y subcontratistas del cobre.<\/p>\n\n\n\n<p>Es as\u00ed entonces como la nueva directiva de la FESITRAM, para el pr\u00f3ximo per\u00edodo, qued\u00f3 compuesta por:<\/p>\n\n\n\n<ul class=\"wp-block-list\"><li><strong>Presidente: Juan Galindo<\/strong>, del Sindicato CIMM T y S, que tambi\u00e9n es Director Nacional de la CTC.&nbsp;<\/li><\/ul>\n\n\n\n<ul class=\"wp-block-list\"><li><strong>Vicepresidente: Edwin Espinoza<\/strong>, del Sindicato Simacer.&nbsp;<\/li><\/ul>\n\n\n\n<ul class=\"wp-block-list\"><li><strong>Secretario: Marco D\u00edaz<\/strong>, del Sindicato Schwager.&nbsp;<\/li><\/ul>\n\n\n\n<ul class=\"wp-block-list\"><li><strong>Tesorero: Leonardo Illesca<\/strong>, del Sindicato CSI.<\/li><\/ul>\n\n\n\n<ul class=\"wp-block-list\"><li><strong>Encargado de Organizaci\u00f3n: Jos\u00e9 Mardones<\/strong>, del Sindicato CIMM T y S, que tambi\u00e9n es Director Nacional de la CTC.<\/li><\/ul>\n\n\n\n<ul class=\"wp-block-list\"><li><strong>Encargada de G\u00e9nero: Sonia Vargas<\/strong>, del Sindicato Simacer .<\/li><\/ul>\n\n\n\n<ul class=\"wp-block-list\"><li><strong>Director: Hern\u00e1n D\u00edaz<\/strong>, del Sindicato Simacer.&nbsp;<\/li><\/ul>\n\n\n\n<ul class=\"wp-block-list\"><li><strong>Director:&nbsp; Sergio Tenorio<\/strong>, del Sindicato G\u00e9minis.&nbsp;<\/li><\/ul>\n\n\n\n<ul class=\"wp-block-list\"><li><strong>Director: Daniel Anza<\/strong>, del Sindicato Geminis .<\/li><\/ul>\n\n\n\n<ul class=\"wp-block-list\"><li><strong>Directora: B\u00e1rbara Alvarado<\/strong>, del Sindicato CSI.&nbsp;<\/li><\/ul>\n\n\n\n<ul class=\"wp-block-list\"><li><strong>Director: Oscar Avaria<\/strong>, del Sindicato Schwager.<\/li><\/ul>\n\n\n\n<p>Cabe destacar, como indicamos al principio de esta nota, que junto con el proceso de renovaci\u00f3n y fortalecimiento de la directiva de la Federaci\u00f3n, <strong>se incorporaron dos nuevos Sindicatos: de las empresas CSI y Simacer, quedando finalmente compuesta por cinco en total (de las empresas Geminis, Simaser, CSI, Schwager y CIMM), que en conjunto agrupan y organizan a alrededor de seiscientos trabajadoras y trabajadores.<\/strong>. Esto, como indica su nuevo <strong>Presidente Juan Galindo<\/strong>, es una clara muestra de la comprensi\u00f3n que tienen las y los trabajadores sobre la importancia de estar unidos, para, junto con fortalecer la organizaci\u00f3n, defender los derechos ya conseguidos y avanzar en nuevas conquistas. Para finalizar, y en sus propias palabras, el <strong>Presidente de la FESITRAM<\/strong> se\u00f1al\u00f3 que entre los objetivos est\u00e1 &#8220;seguir trabajando en la defensa de los derechos de los trabajadores, captar nuevos sindicatos para la Federaci\u00f3n y la CTC y poder llegar a constituir una fuerte masa laboral&#8221;. En tanto el <strong>Vicepresidente de la Federaci\u00f3n,  Edwin Espinoza<\/strong>, se\u00f1al\u00f3 que &#8220;la afiliaci\u00f3n [a la Federaci\u00f3n] obedece a la necesidad de fortalecer la organizaci\u00f3n,  por lo que las expectativas, en esta primera etapa, est\u00e1n centradas en eso&#8221;. Tambi\u00e9n coment\u00f3 que si bien el proceso no fue del todo f\u00e1cil, recalc\u00f3 que fue la iniciativa de fortalecer la organizaci\u00f3n en pos de los derechos de las y los trabajadores la que prosper\u00f3, por lo que esperan &#8220;ser un aporte, colaborar y ser parte mediadora en las dificultades que han tenido los trabajadores durante la pandemia y tambi\u00e9n en general. Que sientan que no est\u00e1n abandonados, que no estamos solos&#8221;. Por su parte, y para terminar, <strong>Leonardo Illesca, quien es Tesorero de la Federaci\u00f3n<\/strong>, destac\u00f3 su convencimiento en torno a que solo la participaci\u00f3n de las y los trabajadores fortalecer\u00e1 la organizaci\u00f3n, se\u00f1alando que el objetivo, junto con seguir creciendo como organizaci\u00f3n, tambi\u00e9n ser\u00e1 buscar avanzar en m\u00e1s conquistas y derechos para sus afiliados.<\/p>\n","protected":false},"excerpt":{"rendered":"<p>El mi\u00e9rcoles 29 de diciembre, la Federaci\u00f3n de Sindicatos de Trabajadores de la Miner\u00eda y Organizaciones afines de la 2\u00aa regi\u00f3n (FESITRAM), que es brazo org\u00e1nico de la Confederaci\u00f3n de &hellip; <\/p>\n","protected":false},"author":2,"featured_media":2167,"comment_status":"closed","ping_status":"closed","sticky":false,"template":"","format":"standard","meta":{"jetpack_post_was_ever_published":false,"_jetpack_newsletter_access":"","_jetpack_dont_email_post_to_subs":false,"_jetpack_newsletter_tier_id":0,"_jetpack_memberships_contains_paywalled_content":false,"_jetpack_memberships_contains_paid_content":false,"footnotes":"","jetpack_publicize_message":"","jetpack_publicize_feature_enabled":true,"jetpack_social_post_already_shared":false,"jetpack_social_options":{"image_generator_settings":{"template":"highway","default_image_id":0,"enabled":false},"version":2}},"categories":[9,21,33,19],"tags":[],"class_list":["post-2165","post","type-post","status-publish","format-standard","has-post-thumbnail","hentry","category-confederacion","category-federaciones","category-fesitram","category-trabajadores"],"jetpack_publicize_connections":[],"jetpack_featured_media_url":"https:\/\/www.confederaciondelcobre.cl\/wp-content\/uploads\/2021\/12\/PortFedCalama.jpg","jetpack_sharing_enabled":true,"post_mailing_queue_ids":[],"_links":{"self":[{"href":"https:\/\/www.confederaciondelcobre.cl\/index.php\/wp-json\/wp\/v2\/posts\/2165","targetHints":{"allow":["GET"]}}],"collection":[{"href":"https:\/\/www.confederaciondelcobre.cl\/index.php\/wp-json\/wp\/v2\/posts"}],"about":[{"href":"https:\/\/www.confederaciondelcobre.cl\/index.php\/wp-json\/wp\/v2\/types\/post"}],"author":[{"embeddable":true,"href":"https:\/\/www.confederaciondelcobre.cl\/index.php\/wp-json\/wp\/v2\/users\/2"}],"replies":[{"embeddable":true,"href":"https:\/\/www.confederaciondelcobre.cl\/index.php\/wp-json\/wp\/v2\/comments?post=2165"}],"version-history":[{"count":11,"href":"https:\/\/www.confederaciondelcobre.cl\/index.php\/wp-json\/wp\/v2\/posts\/2165\/revisions"}],"predecessor-version":[{"id":2178,"href":"https:\/\/www.confederaciondelcobre.cl\/index.php\/wp-json\/wp\/v2\/posts\/2165\/revisions\/2178"}],"wp:featuredmedia":[{"embeddable":true,"href":"https:\/\/www.confederaciondelcobre.cl\/index.php\/wp-json\/wp\/v2\/media\/2167"}],"wp:attachment":[{"href":"https:\/\/www.confederaciondelcobre.cl\/index.php\/wp-json\/wp\/v2\/media?parent=2165"}],"wp:term":[{"taxonomy":"category","embeddable":true,"href":"https:\/\/www.confederaciondelcobre.cl\/index.php\/wp-json\/wp\/v2\/categories?post=2165"},{"taxonomy":"post_tag","embeddable":true,"href":"https:\/\/www.confederaciondelcobre.cl\/index.php\/wp-json\/wp\/v2\/tags?post=2165"}],"curies":[{"name":"wp","href":"https:\/\/api.w.org\/{rel}","templated":true}]}}