{"id":2179,"date":"2022-01-04T22:16:22","date_gmt":"2022-01-04T22:16:22","guid":{"rendered":"https:\/\/www.confederaciondelcobre.cl\/?p=2179"},"modified":"2022-01-25T15:47:09","modified_gmt":"2022-01-25T15:47:09","slug":"apoya-la-iniciativa-popular-de-norma-constitucional-de-la-ctc-por-la-renacionalizacion-del-cobre-y-bienes-publicos-estrategicos","status":"publish","type":"post","link":"https:\/\/www.confederaciondelcobre.cl\/index.php\/2022\/01\/04\/apoya-la-iniciativa-popular-de-norma-constitucional-de-la-ctc-por-la-renacionalizacion-del-cobre-y-bienes-publicos-estrategicos\/","title":{"rendered":"Apoya la Iniciativa Popular de Norma Constitucional de la CTC: por la Renacionalizaci\u00f3n del Cobre y Bienes P\u00fablicos Estrat\u00e9gicos"},"content":{"rendered":"\n<p style=\"font-size:18px\">La iniciativa <strong>N\u00ba 15.150<\/strong>, presentada por la Confederaci\u00f3n de Trabajadores del Cobre (CTC), que propone la <strong>Renacionalizaci\u00f3n del Cobre y Bienes P\u00fablicos Estrat\u00e9gicos<\/strong> ya se encuentra disponible en la <a rel=\"noreferrer noopener\" href=\"https:\/\/iniciativas.chileconvencion.cl\/m\/iniciativa_popular\/o\/15150\" target=\"_blank\">plataforma digital de participaci\u00f3n popular de la Convenci\u00f3n Constitucional<\/a> (&lt;&#8211; haz click en el texto destacado)<\/p>\n\n\n\n<p>Y es que la Confederaci\u00f3n de Trabajadores del Cobre, organizaci\u00f3n nacional que agrupa y organiza a las y los trabajadores contratistas y subcontratistas de la miner\u00eda de Chile, desde su fundaci\u00f3n por all\u00e1 en junio de 2007, ha venido planteado incansablemente la necesidad de terminar con todo tipo de discriminaci\u00f3n, terminar con el subcontrato como forma de precarizaci\u00f3n del trabajo y la <strong>Renacionalizaci\u00f3n del Cobre y los Recursos Naturales Estrat\u00e9gicos<\/strong>, entre otras. Ha denunciado que, junto con el nefasto plan laboral implementado por el entonces ministro del trabajo de la dictadura c\u00edvico-militar (Jos\u00e9 Pi\u00f1era), <strong>la ideaci\u00f3n y ejecuci\u00f3n progresiva de las concesiones plenas \u2014especialmente en la miner\u00eda\u2014 ha significado una p\u00e9rdida casi irremediable de nuestra soberan\u00eda e independencia econ\u00f3mica nacional<\/strong>es. Decimos &#8220;casi&#8221;, porque a pesar de haber transcurrido d\u00e9cadas de un verdadero saqueo de los recursos que nos pertenecen como pueblo soberano, <strong>hoy podemos ponerle freno y recuperar lo que otrora fuera considerado &#8220;el sueldo de Chile&#8221;<\/strong>. <\/p>\n\n\n\n<hr class=\"wp-block-separator\"\/>\n\n\n\n<p class=\"has-text-align-center has-large-font-size\"><strong>\u00a1Es hora de recuperar nuestros recursos naturales estrat\u00e9gicos, por Chile y su futuro!<\/strong><\/p>\n\n\n\n<p class=\"has-vivid-green-cyan-color has-text-color has-medium-font-size\"><strong><a rel=\"noreferrer noopener\" href=\"https:\/\/iniciativas.chileconvencion.cl\/m\/iniciativa_popular\/o\/15150\" target=\"_blank\">\u00bfPero qu\u00e9 propone esta iniciativa popular de norma constitucional por la Renacionalizaci\u00f3n del Cobre y los Recursos Naturales Estrat\u00e9gicos propuesta por la Confederaci\u00f3n de trabajadores del Cobre?<\/a><\/strong> <\/p>\n\n\n\n<p>A continuaci\u00f3n algunos extractos de la propuesta que puedes revisar de forma \u00edntegra en la <a rel=\"noreferrer noopener\" href=\"https:\/\/iniciativas.chileconvencion.cl\/m\/iniciativa_popular\/o\/15150\" target=\"_blank\">Plataforma Digital de Participaci\u00f3n popular de la Convenci\u00f3n Constitucional<\/a>:<\/p>\n\n\n\n<ul class=\"wp-block-list\"><li>&#8220;El Estado tiene el dominio absoluto, exclusivo, inalienable e imprescriptible de todos los bienes p\u00fablicos que sean establecidos por ley y, en particular, de las aguas y las minas&#8230;&#8221;&nbsp;<\/li><li>&#8220;La exploraci\u00f3n, la explotaci\u00f3n o el beneficio de los recursos naturales o bienes estrat\u00e9gicos tales como la gran miner\u00eda del cobre, los hidrocarburos, el litio y todos aquellos definidos por ley, s\u00f3lo podr\u00e1n ejecutarse directamente por el Estado o por sus empresas en las que tenga una participaci\u00f3n como controlador&#8230;&#8221;<\/li><li>&#8220;Esta norma se aplicar\u00e1 tambi\u00e9n a los recursos naturales, yacimientos o bienes de cualquier especie existentes en las aguas mar\u00edtimas sometidas a la jurisdicci\u00f3n nacional y a los situados, en todo o en parte, en zonas que, conforme a la ley, se determinen como de importancia para la seguridad nacional&#8230;&#8221;<\/li><\/ul>\n\n\n\n<div class=\"wp-block-image\"><figure class=\"aligncenter size-large\"><a href=\"https:\/\/iniciativas.chileconvencion.cl\/m\/iniciativa_popular\/o\/15150\" target=\"_blank\" rel=\"noopener\"><img loading=\"lazy\" decoding=\"async\" width=\"512\" height=\"1024\" src=\"https:\/\/www.confederaciondelcobre.cl\/wp-content\/uploads\/2022\/01\/ElCobreParaChile-512x1024.png\" alt=\"\" class=\"wp-image-2190\" srcset=\"https:\/\/www.confederaciondelcobre.cl\/wp-content\/uploads\/2022\/01\/ElCobreParaChile-512x1024.png 512w, https:\/\/www.confederaciondelcobre.cl\/wp-content\/uploads\/2022\/01\/ElCobreParaChile-150x300.png 150w, https:\/\/www.confederaciondelcobre.cl\/wp-content\/uploads\/2022\/01\/ElCobreParaChile-768x1536.png 768w, https:\/\/www.confederaciondelcobre.cl\/wp-content\/uploads\/2022\/01\/ElCobreParaChile-1024x2048.png 1024w, https:\/\/www.confederaciondelcobre.cl\/wp-content\/uploads\/2022\/01\/ElCobreParaChile.png 1080w\" sizes=\"auto, (max-width: 512px) 100vw, 512px\" \/><\/a><\/figure><\/div>\n\n\n\n<p class=\"has-medium-font-size\"><strong>Apoya la Iniciativa Popular de Norma Constitucional (N\u00ba 15.150) de la Confederaci\u00f3n de Trabajadores del Cobre que propone la Renacionalizaci\u00f3n del Cobre y los Recursos Naturales Estrat\u00e9gicos<\/strong>.<\/p>\n\n\n\n<p class=\"has-medium-font-size\">Puedes hacerlo ingresando a la <a rel=\"noreferrer noopener\" href=\"https:\/\/iniciativas.chileconvencion.cl\/m\/iniciativa_popular\/o\/15150\" target=\"_blank\">Plataforma Digital de la Convenci\u00f3n Constitucional (haciendo click aqu\u00ed)<\/a> donde debes firmar haci\u00e9ndolo con tu <strong>Clave \u00danica o el N\u00ba de serie de tu C\u00e9dula de Identidad<\/strong>.<\/p>\n\n\n\n<p><strong>Comparte esta informaci\u00f3n y la infograf\u00eda de m\u00e1s arriba con todos tus contactos. <\/strong><\/p>\n\n\n\n<p class=\"has-text-align-center has-medium-font-size\"><strong>\u00a1Es hora de recuperar nuestros recursos naturales estrat\u00e9gicos, por Chile y su futuro!<\/strong><\/p>\n","protected":false},"excerpt":{"rendered":"<p>La iniciativa N\u00ba 15.150, presentada por la Confederaci\u00f3n de Trabajadores del Cobre (CTC), que propone la Renacionalizaci\u00f3n del Cobre y Bienes P\u00fablicos Estrat\u00e9gicos ya se encuentra disponible en la plataforma &hellip; <\/p>\n","protected":false},"author":2,"featured_media":2193,"comment_status":"closed","ping_status":"closed","sticky":false,"template":"","format":"standard","meta":{"jetpack_post_was_ever_published":false,"_jetpack_newsletter_access":"","_jetpack_dont_email_post_to_subs":false,"_jetpack_newsletter_tier_id":0,"_jetpack_memberships_contains_paywalled_content":false,"_jetpack_memberships_contains_paid_content":false,"footnotes":"","jetpack_publicize_message":"","jetpack_publicize_feature_enabled":true,"jetpack_social_post_already_shared":false,"jetpack_social_options":{"image_generator_settings":{"template":"highway","default_image_id":0,"enabled":false},"version":2}},"categories":[9,21,14,15,19],"tags":[],"class_list":["post-2179","post","type-post","status-publish","format-standard","has-post-thumbnail","hentry","category-confederacion","category-federaciones","category-movimientos-sociales","category-nacional","category-trabajadores"],"jetpack_publicize_connections":[],"jetpack_featured_media_url":"https:\/\/www.confederaciondelcobre.cl\/wp-content\/uploads\/2022\/01\/PortCC.jpg","jetpack_sharing_enabled":true,"post_mailing_queue_ids":[],"_links":{"self":[{"href":"https:\/\/www.confederaciondelcobre.cl\/index.php\/wp-json\/wp\/v2\/posts\/2179","targetHints":{"allow":["GET"]}}],"collection":[{"href":"https:\/\/www.confederaciondelcobre.cl\/index.php\/wp-json\/wp\/v2\/posts"}],"about":[{"href":"https:\/\/www.confederaciondelcobre.cl\/index.php\/wp-json\/wp\/v2\/types\/post"}],"author":[{"embeddable":true,"href":"https:\/\/www.confederaciondelcobre.cl\/index.php\/wp-json\/wp\/v2\/users\/2"}],"replies":[{"embeddable":true,"href":"https:\/\/www.confederaciondelcobre.cl\/index.php\/wp-json\/wp\/v2\/comments?post=2179"}],"version-history":[{"count":10,"href":"https:\/\/www.confederaciondelcobre.cl\/index.php\/wp-json\/wp\/v2\/posts\/2179\/revisions"}],"predecessor-version":[{"id":2230,"href":"https:\/\/www.confederaciondelcobre.cl\/index.php\/wp-json\/wp\/v2\/posts\/2179\/revisions\/2230"}],"wp:featuredmedia":[{"embeddable":true,"href":"https:\/\/www.confederaciondelcobre.cl\/index.php\/wp-json\/wp\/v2\/media\/2193"}],"wp:attachment":[{"href":"https:\/\/www.confederaciondelcobre.cl\/index.php\/wp-json\/wp\/v2\/media?parent=2179"}],"wp:term":[{"taxonomy":"category","embeddable":true,"href":"https:\/\/www.confederaciondelcobre.cl\/index.php\/wp-json\/wp\/v2\/categories?post=2179"},{"taxonomy":"post_tag","embeddable":true,"href":"https:\/\/www.confederaciondelcobre.cl\/index.php\/wp-json\/wp\/v2\/tags?post=2179"}],"curies":[{"name":"wp","href":"https:\/\/api.w.org\/{rel}","templated":true}]}}