{"id":2196,"date":"2022-01-07T18:30:00","date_gmt":"2022-01-07T18:30:00","guid":{"rendered":"https:\/\/www.confederaciondelcobre.cl\/?p=2196"},"modified":"2022-01-10T13:24:54","modified_gmt":"2022-01-10T13:24:54","slug":"comunicadoctc-sobre-el-imprudente-y-sospechoso-llamado-de-gobierno-a-licitacion-del-litio","status":"publish","type":"post","link":"https:\/\/www.confederaciondelcobre.cl\/index.php\/2022\/01\/07\/comunicadoctc-sobre-el-imprudente-y-sospechoso-llamado-de-gobierno-a-licitacion-del-litio\/","title":{"rendered":"#ComunicadoCTC: sobre el imprudente y sospechoso llamado de gobierno a licitaci\u00f3n del Litio."},"content":{"rendered":"\n<p class=\"has-text-align-center\"><strong>SOBRE EL IMPRUDENTE Y SOSPECHOSO LLAMADO DE GOBIERNO A LICITACI\u00d3N DEL LITIO<\/strong><strong><\/strong><\/p>\n\n\n\n<p>Ante el actual proceso de licitaci\u00f3n para la explotaci\u00f3n de cuatrocientas mil toneladas de Litio llevado adelante por el \u2014a estas alturas\u2014 saliente gobierno a trav\u00e9s del Ministerio de Miner\u00eda, como Confederaci\u00f3n de Trabajadores del Cobre (CTC), expresamos nuestro m\u00e1s categ\u00f3rico rechazo al dise\u00f1o y apresurada ejecuci\u00f3n del proceso que busca seleccionar a las empresas que explotar\u00e1n esta nueva cuota del estrat\u00e9gico mineral. Denunciamos este llamado a licitaci\u00f3n como imprudente, adem\u00e1s de altamente sospechoso, sobre todo en la antesala de las pr\u00f3ximas definiciones sobre el tratamiento de los minerales estrat\u00e9gicos del pa\u00eds que adoptar\u00e1 la Convenci\u00f3n Constitucional, \u00f3rgano que por mandato popular es el encargado de redactar la nueva Constituci\u00f3n para nuestro pa\u00eds.<\/p>\n\n\n\n<p>Como organizaci\u00f3n que agrupa y organiza a las y los trabajadores contratistas y subcontratistas del cobre de Chile, apostamos a la superaci\u00f3n de la hist\u00f3rica l\u00f3gica de explotaci\u00f3n y exportaci\u00f3n de materia prima sin valor agregado alguno. Apostamos, en definitiva, a la superaci\u00f3n del mero extractivismo que en la pr\u00e1ctica ha significado un verdadero despojo de nuestras riquezas, que, adem\u00e1s, y no menos importante, ha dejado una senda de irreparable da\u00f1o ambiental y ecol\u00f3gico en torno a los yacimientos. Para superar todo aquello, entonces, es que se\u00f1alamos la absoluta necesidad de recuperar para el Estado la explotaci\u00f3n de los recursos mineros estrat\u00e9gicos hoy entregados a empresas privadas mayoritariamente transnacionales, y, en esa condici\u00f3n, implementar m\u00e1s y mejor inversi\u00f3n en tecnolog\u00eda y ciencias aplicadas con la finalidad de dar valor agregado a nuestras materias primas, en particular el Litio y el Cobre. Como consecuencia de lo anterior, y de avanzar en la direcci\u00f3n indicada, como pa\u00eds nos permitiremos por fin acelerar en la transici\u00f3n hacia una pol\u00edtica de explotaci\u00f3n minera sustentable, que cuide el medioambiente y considere prioritaria la protecci\u00f3n, salud y supervivencia de comunidades aleda\u00f1as y de todo el territorio. Solo as\u00ed nos acercaremos al desarrollo, a un desarrollo integral que alcance a todas y todos.<\/p>\n\n\n\n<p>Es por eso que, junto con insistir en nuestra hist\u00f3rica reivindicaci\u00f3n por la \u201cRenacionalizaci\u00f3n del Cobre y Bienes P\u00fablicos Estrat\u00e9gicos\u201d, que actualmente <a href=\"https:\/\/iniciativas.chileconvencion.cl\/m\/iniciativa_popular\/o\/15150\" target=\"_blank\" rel=\"noreferrer noopener\">se encuentra en proceso de recolecci\u00f3n de apoyos como Iniciativa Popular de Norma Constitucional (N\u00ba15.150) en la plataforma digital de la Convenci\u00f3n Constitucional<\/a>, apoyamos y promovemos la creaci\u00f3n de una Empresa Nacional del Litio que contenga el plan y criterios anteriormente expuestos. Advertimos finalmente que de prosperar el nefasto llamado a licitaci\u00f3n del Litio que propone el saliente gobierno de Pi\u00f1era, un futuro mejor para todas y todos se ver\u00eda en franco riesgo de fracaso.<\/p>\n\n\n\n<p class=\"has-text-align-center\"><strong>CONFEDERACI\u00d3N DE TRABAJADORES DEL COBRE<\/strong><\/p>\n\n\n\n<p class=\"has-text-align-right\">Chile, 07 de enero de 2022<\/p>\n\n\n\n<div class=\"wp-block-image\"><figure class=\"aligncenter size-large\"><img loading=\"lazy\" decoding=\"async\" width=\"661\" height=\"1024\" src=\"https:\/\/www.confederaciondelcobre.cl\/wp-content\/uploads\/2022\/01\/Comunicadolitio3-661x1024.png\" alt=\"\" class=\"wp-image-2197\" srcset=\"https:\/\/www.confederaciondelcobre.cl\/wp-content\/uploads\/2022\/01\/Comunicadolitio3-661x1024.png 661w, https:\/\/www.confederaciondelcobre.cl\/wp-content\/uploads\/2022\/01\/Comunicadolitio3-194x300.png 194w, https:\/\/www.confederaciondelcobre.cl\/wp-content\/uploads\/2022\/01\/Comunicadolitio3-768x1189.png 768w, https:\/\/www.confederaciondelcobre.cl\/wp-content\/uploads\/2022\/01\/Comunicadolitio3-992x1536.png 992w, https:\/\/www.confederaciondelcobre.cl\/wp-content\/uploads\/2022\/01\/Comunicadolitio3.png 1080w\" sizes=\"auto, (max-width: 661px) 100vw, 661px\" \/><\/figure><\/div>\n","protected":false},"excerpt":{"rendered":"<p>SOBRE EL IMPRUDENTE Y SOSPECHOSO LLAMADO DE GOBIERNO A LICITACI\u00d3N DEL LITIO Ante el actual proceso de licitaci\u00f3n para la explotaci\u00f3n de cuatrocientas mil toneladas de Litio llevado adelante por &hellip; <\/p>\n","protected":false},"author":2,"featured_media":2198,"comment_status":"closed","ping_status":"closed","sticky":false,"template":"","format":"standard","meta":{"jetpack_post_was_ever_published":false,"_jetpack_newsletter_access":"","_jetpack_dont_email_post_to_subs":false,"_jetpack_newsletter_tier_id":0,"_jetpack_memberships_contains_paywalled_content":false,"_jetpack_memberships_contains_paid_content":false,"footnotes":"","jetpack_publicize_message":"","jetpack_publicize_feature_enabled":true,"jetpack_social_post_already_shared":false,"jetpack_social_options":{"image_generator_settings":{"template":"highway","default_image_id":0,"enabled":false},"version":2}},"categories":[8,9,21,15,19],"tags":[],"class_list":["post-2196","post","type-post","status-publish","format-standard","has-post-thumbnail","hentry","category-comunicado","category-confederacion","category-federaciones","category-nacional","category-trabajadores"],"jetpack_publicize_connections":[],"jetpack_featured_media_url":"https:\/\/www.confederaciondelcobre.cl\/wp-content\/uploads\/2022\/01\/PortComLitio.jpg","jetpack_sharing_enabled":true,"post_mailing_queue_ids":[],"_links":{"self":[{"href":"https:\/\/www.confederaciondelcobre.cl\/index.php\/wp-json\/wp\/v2\/posts\/2196","targetHints":{"allow":["GET"]}}],"collection":[{"href":"https:\/\/www.confederaciondelcobre.cl\/index.php\/wp-json\/wp\/v2\/posts"}],"about":[{"href":"https:\/\/www.confederaciondelcobre.cl\/index.php\/wp-json\/wp\/v2\/types\/post"}],"author":[{"embeddable":true,"href":"https:\/\/www.confederaciondelcobre.cl\/index.php\/wp-json\/wp\/v2\/users\/2"}],"replies":[{"embeddable":true,"href":"https:\/\/www.confederaciondelcobre.cl\/index.php\/wp-json\/wp\/v2\/comments?post=2196"}],"version-history":[{"count":3,"href":"https:\/\/www.confederaciondelcobre.cl\/index.php\/wp-json\/wp\/v2\/posts\/2196\/revisions"}],"predecessor-version":[{"id":2201,"href":"https:\/\/www.confederaciondelcobre.cl\/index.php\/wp-json\/wp\/v2\/posts\/2196\/revisions\/2201"}],"wp:featuredmedia":[{"embeddable":true,"href":"https:\/\/www.confederaciondelcobre.cl\/index.php\/wp-json\/wp\/v2\/media\/2198"}],"wp:attachment":[{"href":"https:\/\/www.confederaciondelcobre.cl\/index.php\/wp-json\/wp\/v2\/media?parent=2196"}],"wp:term":[{"taxonomy":"category","embeddable":true,"href":"https:\/\/www.confederaciondelcobre.cl\/index.php\/wp-json\/wp\/v2\/categories?post=2196"},{"taxonomy":"post_tag","embeddable":true,"href":"https:\/\/www.confederaciondelcobre.cl\/index.php\/wp-json\/wp\/v2\/tags?post=2196"}],"curies":[{"name":"wp","href":"https:\/\/api.w.org\/{rel}","templated":true}]}}