{"id":2202,"date":"2022-01-11T22:59:48","date_gmt":"2022-01-11T22:59:48","guid":{"rendered":"https:\/\/www.confederaciondelcobre.cl\/?p=2202"},"modified":"2022-01-11T22:59:50","modified_gmt":"2022-01-11T22:59:50","slug":"cobre-y-litio-para-chile-ctc-entrega-carta-a-pdta-de-la-convencion-constitucional","status":"publish","type":"post","link":"https:\/\/www.confederaciondelcobre.cl\/index.php\/2022\/01\/11\/cobre-y-litio-para-chile-ctc-entrega-carta-a-pdta-de-la-convencion-constitucional\/","title":{"rendered":"Cobre y Litio para Chile: CTC entrega carta a Pdta. de la Convenci\u00f3n Constitucional."},"content":{"rendered":"\n<p>A medio d\u00eda de hoy, la Confederaci\u00f3n de Trabajadores del Cobre (CTC), representada por los dirigentes nacionales Ana Lamas Aguirre, Jedry Velis Palma y Patricio Roco Bucarey (Secretaria General, Tesorero y Director Nacional Encargado de Organizaci\u00f3n, respectivamente) entregaron una misiva en la oficina de partes de la Convenci\u00f3n Constitucional dirigida a Mar\u00eda Elisa Quinteros, quien es Presidenta del \u00d3rgano Constituyente.<\/p>\n\n\n\n<div class=\"wp-block-image\"><figure class=\"aligncenter size-large\"><img loading=\"lazy\" decoding=\"async\" width=\"1024\" height=\"576\" src=\"https:\/\/www.confederaciondelcobre.cl\/wp-content\/uploads\/2022\/01\/Ana-Lamas-Aguirre-1024x576.jpg\" alt=\"\" class=\"wp-image-2213\" srcset=\"https:\/\/www.confederaciondelcobre.cl\/wp-content\/uploads\/2022\/01\/Ana-Lamas-Aguirre-1024x576.jpg 1024w, https:\/\/www.confederaciondelcobre.cl\/wp-content\/uploads\/2022\/01\/Ana-Lamas-Aguirre-300x169.jpg 300w, https:\/\/www.confederaciondelcobre.cl\/wp-content\/uploads\/2022\/01\/Ana-Lamas-Aguirre-768x432.jpg 768w, https:\/\/www.confederaciondelcobre.cl\/wp-content\/uploads\/2022\/01\/Ana-Lamas-Aguirre-1536x864.jpg 1536w, https:\/\/www.confederaciondelcobre.cl\/wp-content\/uploads\/2022\/01\/Ana-Lamas-Aguirre-2048x1152.jpg 2048w\" sizes=\"auto, (max-width: 1024px) 100vw, 1024px\" \/><\/figure><\/div>\n\n\n\n<figure class=\"wp-block-gallery columns-3 is-cropped wp-block-gallery-1 is-layout-flex wp-block-gallery-is-layout-flex\"><ul class=\"blocks-gallery-grid\"><li class=\"blocks-gallery-item\"><figure><img loading=\"lazy\" decoding=\"async\" width=\"1024\" height=\"576\" src=\"https:\/\/www.confederaciondelcobre.cl\/wp-content\/uploads\/2022\/01\/Conf-1024x576.jpg\" alt=\"\" data-id=\"2215\" data-full-url=\"https:\/\/www.confederaciondelcobre.cl\/wp-content\/uploads\/2022\/01\/Conf-scaled.jpg\" data-link=\"https:\/\/www.confederaciondelcobre.cl\/?attachment_id=2215\" class=\"wp-image-2215\" srcset=\"https:\/\/www.confederaciondelcobre.cl\/wp-content\/uploads\/2022\/01\/Conf-1024x576.jpg 1024w, https:\/\/www.confederaciondelcobre.cl\/wp-content\/uploads\/2022\/01\/Conf-300x169.jpg 300w, https:\/\/www.confederaciondelcobre.cl\/wp-content\/uploads\/2022\/01\/Conf-768x432.jpg 768w, https:\/\/www.confederaciondelcobre.cl\/wp-content\/uploads\/2022\/01\/Conf-1536x864.jpg 1536w, https:\/\/www.confederaciondelcobre.cl\/wp-content\/uploads\/2022\/01\/Conf-2048x1152.jpg 2048w\" sizes=\"auto, (max-width: 1024px) 100vw, 1024px\" \/><\/figure><\/li><li class=\"blocks-gallery-item\"><figure><img loading=\"lazy\" decoding=\"async\" width=\"1024\" height=\"578\" src=\"https:\/\/www.confederaciondelcobre.cl\/wp-content\/uploads\/2022\/01\/Gonzalo-Gutierrez-1024x578.jpg\" alt=\"\" data-id=\"2216\" data-full-url=\"https:\/\/www.confederaciondelcobre.cl\/wp-content\/uploads\/2022\/01\/Gonzalo-Gutierrez-scaled.jpg\" data-link=\"https:\/\/www.confederaciondelcobre.cl\/?attachment_id=2216\" class=\"wp-image-2216\" srcset=\"https:\/\/www.confederaciondelcobre.cl\/wp-content\/uploads\/2022\/01\/Gonzalo-Gutierrez-1024x578.jpg 1024w, https:\/\/www.confederaciondelcobre.cl\/wp-content\/uploads\/2022\/01\/Gonzalo-Gutierrez-300x169.jpg 300w, https:\/\/www.confederaciondelcobre.cl\/wp-content\/uploads\/2022\/01\/Gonzalo-Gutierrez-768x434.jpg 768w, https:\/\/www.confederaciondelcobre.cl\/wp-content\/uploads\/2022\/01\/Gonzalo-Gutierrez-1536x867.jpg 1536w, https:\/\/www.confederaciondelcobre.cl\/wp-content\/uploads\/2022\/01\/Gonzalo-Gutierrez-2048x1156.jpg 2048w\" sizes=\"auto, (max-width: 1024px) 100vw, 1024px\" \/><\/figure><\/li><li class=\"blocks-gallery-item\"><figure><img loading=\"lazy\" decoding=\"async\" width=\"1024\" height=\"578\" src=\"https:\/\/www.confederaciondelcobre.cl\/wp-content\/uploads\/2022\/01\/Marcos-Barraza-1024x578.jpg\" alt=\"\" data-id=\"2218\" data-full-url=\"https:\/\/www.confederaciondelcobre.cl\/wp-content\/uploads\/2022\/01\/Marcos-Barraza-scaled.jpg\" data-link=\"https:\/\/www.confederaciondelcobre.cl\/?attachment_id=2218\" class=\"wp-image-2218\" srcset=\"https:\/\/www.confederaciondelcobre.cl\/wp-content\/uploads\/2022\/01\/Marcos-Barraza-1024x578.jpg 1024w, https:\/\/www.confederaciondelcobre.cl\/wp-content\/uploads\/2022\/01\/Marcos-Barraza-300x169.jpg 300w, https:\/\/www.confederaciondelcobre.cl\/wp-content\/uploads\/2022\/01\/Marcos-Barraza-768x434.jpg 768w, https:\/\/www.confederaciondelcobre.cl\/wp-content\/uploads\/2022\/01\/Marcos-Barraza-1536x867.jpg 1536w, https:\/\/www.confederaciondelcobre.cl\/wp-content\/uploads\/2022\/01\/Marcos-Barraza-2048x1156.jpg 2048w\" sizes=\"auto, (max-width: 1024px) 100vw, 1024px\" \/><\/figure><\/li><li class=\"blocks-gallery-item\"><figure><img loading=\"lazy\" decoding=\"async\" width=\"1024\" height=\"578\" src=\"https:\/\/www.confederaciondelcobre.cl\/wp-content\/uploads\/2022\/01\/Miguel-Soto-1024x578.jpg\" alt=\"\" data-id=\"2219\" data-full-url=\"https:\/\/www.confederaciondelcobre.cl\/wp-content\/uploads\/2022\/01\/Miguel-Soto-scaled.jpg\" data-link=\"https:\/\/www.confederaciondelcobre.cl\/?attachment_id=2219\" class=\"wp-image-2219\" srcset=\"https:\/\/www.confederaciondelcobre.cl\/wp-content\/uploads\/2022\/01\/Miguel-Soto-1024x578.jpg 1024w, https:\/\/www.confederaciondelcobre.cl\/wp-content\/uploads\/2022\/01\/Miguel-Soto-300x169.jpg 300w, https:\/\/www.confederaciondelcobre.cl\/wp-content\/uploads\/2022\/01\/Miguel-Soto-768x434.jpg 768w, https:\/\/www.confederaciondelcobre.cl\/wp-content\/uploads\/2022\/01\/Miguel-Soto-1536x867.jpg 1536w, https:\/\/www.confederaciondelcobre.cl\/wp-content\/uploads\/2022\/01\/Miguel-Soto-2048x1156.jpg 2048w\" sizes=\"auto, (max-width: 1024px) 100vw, 1024px\" \/><\/figure><\/li><li class=\"blocks-gallery-item\"><figure><img loading=\"lazy\" decoding=\"async\" width=\"1024\" height=\"576\" src=\"https:\/\/www.confederaciondelcobre.cl\/wp-content\/uploads\/2022\/01\/Orlando-Caputo-1024x576.jpg\" alt=\"\" data-id=\"2220\" data-full-url=\"https:\/\/www.confederaciondelcobre.cl\/wp-content\/uploads\/2022\/01\/Orlando-Caputo-scaled.jpg\" data-link=\"https:\/\/www.confederaciondelcobre.cl\/?attachment_id=2220\" class=\"wp-image-2220\" srcset=\"https:\/\/www.confederaciondelcobre.cl\/wp-content\/uploads\/2022\/01\/Orlando-Caputo-1024x576.jpg 1024w, https:\/\/www.confederaciondelcobre.cl\/wp-content\/uploads\/2022\/01\/Orlando-Caputo-300x169.jpg 300w, https:\/\/www.confederaciondelcobre.cl\/wp-content\/uploads\/2022\/01\/Orlando-Caputo-768x432.jpg 768w, https:\/\/www.confederaciondelcobre.cl\/wp-content\/uploads\/2022\/01\/Orlando-Caputo-1536x864.jpg 1536w, https:\/\/www.confederaciondelcobre.cl\/wp-content\/uploads\/2022\/01\/Orlando-Caputo-2048x1152.jpg 2048w\" sizes=\"auto, (max-width: 1024px) 100vw, 1024px\" \/><\/figure><\/li><li class=\"blocks-gallery-item\"><figure><img loading=\"lazy\" decoding=\"async\" width=\"1024\" height=\"578\" src=\"https:\/\/www.confederaciondelcobre.cl\/wp-content\/uploads\/2022\/01\/Roxana-Pey-1024x578.jpg\" alt=\"\" data-id=\"2221\" data-full-url=\"https:\/\/www.confederaciondelcobre.cl\/wp-content\/uploads\/2022\/01\/Roxana-Pey-scaled.jpg\" data-link=\"https:\/\/www.confederaciondelcobre.cl\/?attachment_id=2221\" class=\"wp-image-2221\" srcset=\"https:\/\/www.confederaciondelcobre.cl\/wp-content\/uploads\/2022\/01\/Roxana-Pey-1024x578.jpg 1024w, https:\/\/www.confederaciondelcobre.cl\/wp-content\/uploads\/2022\/01\/Roxana-Pey-300x169.jpg 300w, https:\/\/www.confederaciondelcobre.cl\/wp-content\/uploads\/2022\/01\/Roxana-Pey-768x434.jpg 768w, https:\/\/www.confederaciondelcobre.cl\/wp-content\/uploads\/2022\/01\/Roxana-Pey-1536x867.jpg 1536w, https:\/\/www.confederaciondelcobre.cl\/wp-content\/uploads\/2022\/01\/Roxana-Pey-2048x1156.jpg 2048w\" sizes=\"auto, (max-width: 1024px) 100vw, 1024px\" \/><\/figure><\/li><li class=\"blocks-gallery-item\"><figure><img loading=\"lazy\" decoding=\"async\" width=\"1024\" height=\"578\" src=\"https:\/\/www.confederaciondelcobre.cl\/wp-content\/uploads\/2022\/01\/Manuel-Ahumada-1024x578.jpg\" alt=\"\" data-id=\"2217\" data-full-url=\"https:\/\/www.confederaciondelcobre.cl\/wp-content\/uploads\/2022\/01\/Manuel-Ahumada-scaled.jpg\" data-link=\"https:\/\/www.confederaciondelcobre.cl\/?attachment_id=2217\" class=\"wp-image-2217\" srcset=\"https:\/\/www.confederaciondelcobre.cl\/wp-content\/uploads\/2022\/01\/Manuel-Ahumada-1024x578.jpg 1024w, https:\/\/www.confederaciondelcobre.cl\/wp-content\/uploads\/2022\/01\/Manuel-Ahumada-300x169.jpg 300w, https:\/\/www.confederaciondelcobre.cl\/wp-content\/uploads\/2022\/01\/Manuel-Ahumada-768x434.jpg 768w, https:\/\/www.confederaciondelcobre.cl\/wp-content\/uploads\/2022\/01\/Manuel-Ahumada-1536x867.jpg 1536w, https:\/\/www.confederaciondelcobre.cl\/wp-content\/uploads\/2022\/01\/Manuel-Ahumada-2048x1156.jpg 2048w\" sizes=\"auto, (max-width: 1024px) 100vw, 1024px\" \/><\/figure><\/li><\/ul><\/figure>\n\n\n\n<p>En la ocasi\u00f3n, y en compa\u00f1\u00eda del Convencional Constituyente Marcos Barraza, los economistas Graciela Galarce y Orlando Caputo, Roxana Pey y Manuel Riesco (Presidenta y Vicepresidente de la fundaci\u00f3n Cenda), el doctor en f\u00edsica Gonzalo Guti\u00e9rrez, Miguel Soto (dirigente del Movimiento El Litio Para Chile) y Manuel Ahumada Letelier (quien hasta hace algunos meses presidiera la CTC), se realiz\u00f3 un punto de prensa en las inmediaciones exponiendo a los medios el contenido de la carta, que principalmente se refiere a la <strong>&#8220;preocupaci\u00f3n por la licitaci\u00f3n de una proporci\u00f3n importante del litio&#8221;<\/strong>, a la vez que denuncia que <strong>&#8220;se trata de una pol\u00edtica de gobierno que insiste en la l\u00f3gica neoliberal de entregar al capital privado la explotaci\u00f3n de nuestros recursos naturales, los mineros entre ellos, y que, probadamente, ha sido nefasta para el pa\u00eds&#8221;<\/strong>. Lo anterior \u2014se\u00f1ala la carta\u2014 va en una direcci\u00f3n totalmente opuesta al esp\u00edritu y lineamientos que en general todos los pueblos que habitamos el territorio esperamos est\u00e9n contenidos en la nueva Constituci\u00f3n. Y es que, a juicio de la Confederaci\u00f3n de Trabajadores del Cobre, la maniobra del \u2014a estas alturas\u2014 saliente gobierno de Sebasti\u00e1n Pi\u00f1era tambi\u00e9n se trata de una <strong>&#8220;injerencia e intromisi\u00f3n inaceptable del ejecutivo en el poder constituyente de la Convenci\u00f3n, que, de hecho, puede constituir un obst\u00e1culo para avanzar en los prop\u00f3sitos de cambio de la nueva Carta Fundamental&#8221;.<\/strong> Es por ello que la organizaci\u00f3n nacional que agrupa y organiza a las y los trabajadores contratistas y subcontratistas de la miner\u00eda del cobre de Chile solicit\u00f3 a la Convenci\u00f3n Constitucional, mediante su Presidenta, que <strong>&#8220;se oficie al gobierno respecto a la urgencia de detener esta y cualquier otra licitaci\u00f3n de nuestros bienes p\u00fablicos estrat\u00e9gicos hasta que sea el pueblo soberano quien determine, a trav\u00e9s del plebiscito de salida, las nuevas normas constitucionales en materia de miner\u00eda y recursos naturales&#8221;<\/strong>.<\/p>\n\n\n\n<div class=\"wp-block-image\"><figure class=\"aligncenter size-large\"><img loading=\"lazy\" decoding=\"async\" width=\"800\" height=\"600\" src=\"https:\/\/www.confederaciondelcobre.cl\/wp-content\/uploads\/2022\/01\/Grupal.jpg\" alt=\"\" class=\"wp-image-2212\" srcset=\"https:\/\/www.confederaciondelcobre.cl\/wp-content\/uploads\/2022\/01\/Grupal.jpg 800w, https:\/\/www.confederaciondelcobre.cl\/wp-content\/uploads\/2022\/01\/Grupal-300x225.jpg 300w, https:\/\/www.confederaciondelcobre.cl\/wp-content\/uploads\/2022\/01\/Grupal-768x576.jpg 768w\" sizes=\"auto, (max-width: 800px) 100vw, 800px\" \/><\/figure><\/div>\n\n\n\n<p>Finalmente, las y los dirigentes y representantes que concurrieron a la cita, insistieron en la hist\u00f3rica reivindicaci\u00f3n de la Confederaci\u00f3n de Trabajadores del Cobre que dice relaci\u00f3n con la <a rel=\"noreferrer noopener\" href=\"https:\/\/iniciativas.chileconvencion.cl\/m\/iniciativa_popular\/o\/15150\" target=\"_blank\">\u201cRenacionalizaci\u00f3n del Cobre y Bienes P\u00fablicos Estrat\u00e9gicos\u201d, que actualmente se encuentra en proceso de recolecci\u00f3n de apoyos como Iniciativa Popular de Norma Constitucional (N\u00ba15.150) en la plataforma digital de la Convenci\u00f3n Constitucional<\/a>, a la vez que recalcaron su apoyo a la creaci\u00f3n de una Empresa Nacional del Litio que contenga, entre otros, criterios que apunten a la superaci\u00f3n del mero exctractivismo, apostando a la generaci\u00f3n de valor agregado sobre el producto, que cuide el medioambiente y considere prioritaria la protecci\u00f3n, salud y supervivencia de comunidades aleda\u00f1as y de todo el territorio.<br><br>A continuaci\u00f3n, dejamos la transcripci\u00f3n \u00edntegra de la misiva entregada en la Convenci\u00f3n Constitucional dirigida a su Presidenta, Se\u00f1ora Maria Elisa Quinteros C\u00e1ceres.<\/p>\n\n\n\n<p class=\"has-text-align-center\"><strong>CONFEDERACI\u00d3N DE TRABAJADORES DEL COBRE<\/strong><\/p>\n\n\n\n<p><strong>Se\u00f1ora<\/strong><\/p>\n\n\n\n<p><strong>Mar\u00eda Elisa Quinteros C\u00e1ceres<\/strong><\/p>\n\n\n\n<p><strong>Presidenta de la Convenci\u00f3n Constitucional<\/strong><\/p>\n\n\n\n<p><strong>Presente<\/strong><\/p>\n\n\n\n<p>Estimada se\u00f1ora Presidenta:<\/p>\n\n\n\n<p>Por la presente, la Confederaci\u00f3n de Trabajadores del Cobre, CTC, organizaci\u00f3n nacional de los Trabajadores Contratistas y Subcontratistas del Cobre, saluda afectuosamente a usted y, en representaci\u00f3n de todas y todos nuestros representados, le expresamos nuestras sinceras felicitaciones por su elecci\u00f3n como Presidenta de la Convenci\u00f3n Constitucional, instancia que representa, hoy en d\u00eda, las aspiraciones y expectativas de las y los trabajadores, y del pueblo en general, &nbsp;para que, a partir de una nueva Carta Fundamental, podamos iniciar la construcci\u00f3n del pa\u00eds justo, solidario, inclusivo y democr\u00e1tico que tanto necesitamos, y de un modelo de desarrollo centrado en las necesidades del pueblo y no, como hasta el momento ocurre, en el lucro del gran empresariado. &nbsp;<\/p>\n\n\n\n<p>Al mismo tiempo, y desde nuestra identidad como trabajadoras y trabajadores de la miner\u00eda, queremos expresar a usted nuestra preocupaci\u00f3n por la licitaci\u00f3n de una proporci\u00f3n importante del litio, mineral que d\u00eda por d\u00eda adquiere mayor importan estrat\u00e9gica y que, sin duda, ya se perfila como uno de los principales pilares de nuestra econom\u00eda. Se trata de una pol\u00edtica de gobierno que insiste en la l\u00f3gica neoliberal de entregar al capital privado la explotaci\u00f3n de nuestros recursos naturales, los mineros entre ellos, y que, probadamente, ha sido nefasta para el pa\u00eds.&nbsp; Por otra parte, tenemos la convicci\u00f3n de que una medida pol\u00edtica y econ\u00f3mica como esa ir\u00eda en direcci\u00f3n diametralmente opuesta al esp\u00edritu y los lineamientos que chilenas y chilenos, en general todos los pueblos que habitamos el territorio, esperamos est\u00e9n contenidos en la nueva Constituci\u00f3n. Se trata, a nuestro juicio, de una injerencia e intromisi\u00f3n inaceptable del ejecutivo en el poder constituyente de la Convenci\u00f3n, que, de hecho, puede constituir un obst\u00e1culo para avanzar en los prop\u00f3sitos de cambio de la nueva Carta Fundamental. &nbsp;<\/p>\n\n\n\n<p>Por tal raz\u00f3n, apelamos a la Convenci\u00f3n Constitucional para que oficie al gobierno respecto a la urgencia de detener \u00e9sta y cualquier otra licitaci\u00f3n de nuestros bienes p\u00fablicos estrat\u00e9gicos hasta que sea el pueblo soberano quien determine, a trav\u00e9s del plebiscito de salida, las nuevas normas constitucionales en materia de miner\u00eda y recursos naturales.<\/p>\n\n\n\n<p>Al respecto, la Confederaci\u00f3n de Trabajadores del Cobre, junto con insistir en nuestra hist\u00f3rica reivindicaci\u00f3n por la \u201cRenacionalizaci\u00f3n del Cobre y Bienes P\u00fablicos Estrat\u00e9gicos\u201d, que actualmente se encuentra en proceso de recolecci\u00f3n de apoyos como Iniciativa Popular de Norma Constitucional (N\u00ba15.150) en la plataforma digital de la Convenci\u00f3n Constitucional, apoyamos y promovemos la creaci\u00f3n de una Empresa Nacional del Litio que contenga el plan y los criterios anteriormente expuestos. Advertimos, finalmente, que de prosperar el nefasto llamado a licitaci\u00f3n del Litio que propone el saliente gobierno de Pi\u00f1era, un futuro mejor para todas y todos se ver\u00eda en franco riesgo de fracaso.<\/p>\n\n\n\n<p>Dese\u00e1ndole pleno \u00e9xito en su gesti\u00f3n, le saluda atenta y fraternalmente,<\/p>\n\n\n\n<p class=\"has-text-align-center\"><strong>Confederaci\u00f3n de Trabajadores del Cobre<\/strong><\/p>\n\n\n\n<p class=\"has-text-align-right\">Enero 11 de 2022<\/p>\n\n\n\n<figure class=\"wp-block-gallery columns-2 is-cropped wp-block-gallery-2 is-layout-flex wp-block-gallery-is-layout-flex\"><ul class=\"blocks-gallery-grid\"><li class=\"blocks-gallery-item\"><figure><img loading=\"lazy\" decoding=\"async\" width=\"661\" height=\"1024\" src=\"https:\/\/www.confederaciondelcobre.cl\/wp-content\/uploads\/2022\/01\/1-661x1024.png\" alt=\"\" data-id=\"2208\" data-full-url=\"https:\/\/www.confederaciondelcobre.cl\/wp-content\/uploads\/2022\/01\/1.png\" data-link=\"https:\/\/www.confederaciondelcobre.cl\/?attachment_id=2208\" class=\"wp-image-2208\" srcset=\"https:\/\/www.confederaciondelcobre.cl\/wp-content\/uploads\/2022\/01\/1-661x1024.png 661w, https:\/\/www.confederaciondelcobre.cl\/wp-content\/uploads\/2022\/01\/1-194x300.png 194w, https:\/\/www.confederaciondelcobre.cl\/wp-content\/uploads\/2022\/01\/1-768x1189.png 768w, https:\/\/www.confederaciondelcobre.cl\/wp-content\/uploads\/2022\/01\/1-992x1536.png 992w, https:\/\/www.confederaciondelcobre.cl\/wp-content\/uploads\/2022\/01\/1.png 1080w\" sizes=\"auto, (max-width: 661px) 100vw, 661px\" \/><\/figure><\/li><li class=\"blocks-gallery-item\"><figure><img loading=\"lazy\" decoding=\"async\" width=\"661\" height=\"1024\" src=\"https:\/\/www.confederaciondelcobre.cl\/wp-content\/uploads\/2022\/01\/2-661x1024.png\" alt=\"\" data-id=\"2209\" data-full-url=\"https:\/\/www.confederaciondelcobre.cl\/wp-content\/uploads\/2022\/01\/2.png\" data-link=\"https:\/\/www.confederaciondelcobre.cl\/?attachment_id=2209\" class=\"wp-image-2209\" srcset=\"https:\/\/www.confederaciondelcobre.cl\/wp-content\/uploads\/2022\/01\/2-661x1024.png 661w, https:\/\/www.confederaciondelcobre.cl\/wp-content\/uploads\/2022\/01\/2-194x300.png 194w, https:\/\/www.confederaciondelcobre.cl\/wp-content\/uploads\/2022\/01\/2-768x1189.png 768w, https:\/\/www.confederaciondelcobre.cl\/wp-content\/uploads\/2022\/01\/2-992x1536.png 992w, https:\/\/www.confederaciondelcobre.cl\/wp-content\/uploads\/2022\/01\/2.png 1080w\" sizes=\"auto, (max-width: 661px) 100vw, 661px\" \/><\/figure><\/li><\/ul><\/figure>\n","protected":false},"excerpt":{"rendered":"<p>A medio d\u00eda de hoy, la Confederaci\u00f3n de Trabajadores del Cobre (CTC), representada por los dirigentes nacionales Ana Lamas Aguirre, Jedry Velis Palma y Patricio Roco Bucarey (Secretaria General, Tesorero &hellip; <\/p>\n","protected":false},"author":2,"featured_media":2211,"comment_status":"closed","ping_status":"closed","sticky":false,"template":"","format":"standard","meta":{"jetpack_post_was_ever_published":false,"_jetpack_newsletter_access":"","_jetpack_dont_email_post_to_subs":false,"_jetpack_newsletter_tier_id":0,"_jetpack_memberships_contains_paywalled_content":false,"_jetpack_memberships_contains_paid_content":false,"footnotes":"","jetpack_publicize_message":"","jetpack_publicize_feature_enabled":true,"jetpack_social_post_already_shared":false,"jetpack_social_options":{"image_generator_settings":{"template":"highway","default_image_id":0,"enabled":false},"version":2}},"categories":[9,14,15,19],"tags":[],"class_list":["post-2202","post","type-post","status-publish","format-standard","has-post-thumbnail","hentry","category-confederacion","category-movimientos-sociales","category-nacional","category-trabajadores"],"jetpack_publicize_connections":[],"jetpack_featured_media_url":"https:\/\/www.confederaciondelcobre.cl\/wp-content\/uploads\/2022\/01\/PortCC-1.jpg","jetpack_sharing_enabled":true,"post_mailing_queue_ids":[],"_links":{"self":[{"href":"https:\/\/www.confederaciondelcobre.cl\/index.php\/wp-json\/wp\/v2\/posts\/2202","targetHints":{"allow":["GET"]}}],"collection":[{"href":"https:\/\/www.confederaciondelcobre.cl\/index.php\/wp-json\/wp\/v2\/posts"}],"about":[{"href":"https:\/\/www.confederaciondelcobre.cl\/index.php\/wp-json\/wp\/v2\/types\/post"}],"author":[{"embeddable":true,"href":"https:\/\/www.confederaciondelcobre.cl\/index.php\/wp-json\/wp\/v2\/users\/2"}],"replies":[{"embeddable":true,"href":"https:\/\/www.confederaciondelcobre.cl\/index.php\/wp-json\/wp\/v2\/comments?post=2202"}],"version-history":[{"count":8,"href":"https:\/\/www.confederaciondelcobre.cl\/index.php\/wp-json\/wp\/v2\/posts\/2202\/revisions"}],"predecessor-version":[{"id":2222,"href":"https:\/\/www.confederaciondelcobre.cl\/index.php\/wp-json\/wp\/v2\/posts\/2202\/revisions\/2222"}],"wp:featuredmedia":[{"embeddable":true,"href":"https:\/\/www.confederaciondelcobre.cl\/index.php\/wp-json\/wp\/v2\/media\/2211"}],"wp:attachment":[{"href":"https:\/\/www.confederaciondelcobre.cl\/index.php\/wp-json\/wp\/v2\/media?parent=2202"}],"wp:term":[{"taxonomy":"category","embeddable":true,"href":"https:\/\/www.confederaciondelcobre.cl\/index.php\/wp-json\/wp\/v2\/categories?post=2202"},{"taxonomy":"post_tag","embeddable":true,"href":"https:\/\/www.confederaciondelcobre.cl\/index.php\/wp-json\/wp\/v2\/tags?post=2202"}],"curies":[{"name":"wp","href":"https:\/\/api.w.org\/{rel}","templated":true}]}}