{"id":223,"date":"2019-06-18T18:29:10","date_gmt":"2019-06-18T18:29:10","guid":{"rendered":"http:\/\/www.ctc2018.cl\/?p=223"},"modified":"2020-04-27T00:02:44","modified_gmt":"2020-04-27T00:02:44","slug":"video-ctc-solidariza-con-educadores-de-parvulo-que-se-movilizan-en-chanaral","status":"publish","type":"post","link":"https:\/\/www.confederaciondelcobre.cl\/index.php\/2019\/06\/18\/video-ctc-solidariza-con-educadores-de-parvulo-que-se-movilizan-en-chanaral\/","title":{"rendered":"[VIDEO] CTC solidariza con educadores de p\u00e1rvulo que se movilizan en Cha\u00f1aral"},"content":{"rendered":"\n<p>Protagonizada por las y los educadores de p\u00e1rvulo, el d\u00eda de hoy, se desarroll\u00f3 una marcha en la ciudad de Cha\u00f1aral.&nbsp;En dicha manifestaci\u00f3n,&nbsp;donde tambi\u00e9n particip\u00f3 dando su apoyo la&nbsp;Federaci\u00f3n de Trabajadores Contratistas MantoVerde&nbsp;(FESAMAV, brazo org\u00e1nico de la&nbsp;CTC&nbsp;en el territorio) encabezada por su presidenta Stephanie Gonz\u00e1lez, adem\u00e1s de profesores y trabajadores portuarios, entre otros, los educadores&nbsp;denunciaron el abandono que est\u00e1 sufriendo la educaci\u00f3n p\u00fablica por parte del gobierno, a la vez que prioriza la educaci\u00f3n privada y hace caso omiso a su compromiso de campa\u00f1a de poner especial atenci\u00f3n a la educaci\u00f3n temprana.&nbsp;La Confederaci\u00f3n de Trabajadores del Cobre (CTC) solidarizamos con las y los educadores de p\u00e1rvulo de Cha\u00f1aral y con los trabajadores de la educaci\u00f3n en general. Consideramos que&nbsp;la educaci\u00f3n p\u00fablica debe ser atendida y cuidada como merece, pues con ella parte, se desarrolla y fortalecen la sociedad y el pa\u00eds entero.&nbsp;Hacemos, finalmente, un llamado a las autoridades pertinentes y al gobierno&nbsp;a poner mayor atenci\u00f3n, a escuchar a los trabajadores de la educaci\u00f3n y&nbsp;dar una pronta soluci\u00f3n que vaya en direcci\u00f3n del mejoramiento y fortalecimiento de la educaci\u00f3n p\u00fablica que es el sistema educacional de todos.<\/p>\n\n\n\n<figure class=\"wp-block-embed-youtube wp-block-embed is-type-video is-provider-youtube wp-embed-aspect-16-9 wp-has-aspect-ratio\"><div class=\"wp-block-embed__wrapper\">\n<div class=\"jetpack-video-wrapper\"><iframe loading=\"lazy\" title=\"Educadores de p\u00e1rvulo - Cha\u00f1aral 18.06.2019\" width=\"735\" height=\"413\" src=\"https:\/\/www.youtube.com\/embed\/lEveN87_OlA?feature=oembed\" frameborder=\"0\" allow=\"accelerometer; autoplay; encrypted-media; gyroscope; picture-in-picture\" allowfullscreen><\/iframe><\/div>\n<\/div><\/figure>\n","protected":false},"excerpt":{"rendered":"<p>Protagonizada por las y los educadores de p\u00e1rvulo, el d\u00eda de hoy, se desarroll\u00f3 una marcha en la ciudad de Cha\u00f1aral.&nbsp;En dicha manifestaci\u00f3n,&nbsp;donde tambi\u00e9n particip\u00f3 dando su apoyo la&nbsp;Federaci\u00f3n de &hellip; <\/p>\n","protected":false},"author":2,"featured_media":225,"comment_status":"open","ping_status":"open","sticky":false,"template":"","format":"standard","meta":{"jetpack_post_was_ever_published":false,"_jetpack_newsletter_access":"","_jetpack_dont_email_post_to_subs":false,"_jetpack_newsletter_tier_id":0,"_jetpack_memberships_contains_paywalled_content":false,"_jetpack_memberships_contains_paid_content":false,"footnotes":"","jetpack_publicize_message":"","jetpack_publicize_feature_enabled":true,"jetpack_social_post_already_shared":false,"jetpack_social_options":{"image_generator_settings":{"template":"highway","default_image_id":0,"enabled":false},"version":2}},"categories":[9,21,25,14,19],"tags":[],"class_list":["post-223","post","type-post","status-publish","format-standard","has-post-thumbnail","hentry","category-confederacion","category-federaciones","category-fesamav","category-movimientos-sociales","category-trabajadores"],"jetpack_publicize_connections":[],"jetpack_featured_media_url":"https:\/\/www.confederaciondelcobre.cl\/wp-content\/uploads\/2019\/11\/ENCCHAN.jpg","jetpack_sharing_enabled":true,"post_mailing_queue_ids":[],"_links":{"self":[{"href":"https:\/\/www.confederaciondelcobre.cl\/index.php\/wp-json\/wp\/v2\/posts\/223","targetHints":{"allow":["GET"]}}],"collection":[{"href":"https:\/\/www.confederaciondelcobre.cl\/index.php\/wp-json\/wp\/v2\/posts"}],"about":[{"href":"https:\/\/www.confederaciondelcobre.cl\/index.php\/wp-json\/wp\/v2\/types\/post"}],"author":[{"embeddable":true,"href":"https:\/\/www.confederaciondelcobre.cl\/index.php\/wp-json\/wp\/v2\/users\/2"}],"replies":[{"embeddable":true,"href":"https:\/\/www.confederaciondelcobre.cl\/index.php\/wp-json\/wp\/v2\/comments?post=223"}],"version-history":[{"count":2,"href":"https:\/\/www.confederaciondelcobre.cl\/index.php\/wp-json\/wp\/v2\/posts\/223\/revisions"}],"predecessor-version":[{"id":1045,"href":"https:\/\/www.confederaciondelcobre.cl\/index.php\/wp-json\/wp\/v2\/posts\/223\/revisions\/1045"}],"wp:featuredmedia":[{"embeddable":true,"href":"https:\/\/www.confederaciondelcobre.cl\/index.php\/wp-json\/wp\/v2\/media\/225"}],"wp:attachment":[{"href":"https:\/\/www.confederaciondelcobre.cl\/index.php\/wp-json\/wp\/v2\/media?parent=223"}],"wp:term":[{"taxonomy":"category","embeddable":true,"href":"https:\/\/www.confederaciondelcobre.cl\/index.php\/wp-json\/wp\/v2\/categories?post=223"},{"taxonomy":"post_tag","embeddable":true,"href":"https:\/\/www.confederaciondelcobre.cl\/index.php\/wp-json\/wp\/v2\/tags?post=223"}],"curies":[{"name":"wp","href":"https:\/\/api.w.org\/{rel}","templated":true}]}}