{"id":2232,"date":"2022-02-02T20:09:38","date_gmt":"2022-02-02T20:09:38","guid":{"rendered":"https:\/\/www.confederaciondelcobre.cl\/?p=2232"},"modified":"2022-02-02T20:09:40","modified_gmt":"2022-02-02T20:09:40","slug":"elcobreparachile-ahora-se-discutira-en-la-convencion-constitucional","status":"publish","type":"post","link":"https:\/\/www.confederaciondelcobre.cl\/index.php\/2022\/02\/02\/elcobreparachile-ahora-se-discutira-en-la-convencion-constitucional\/","title":{"rendered":"#ElCobreParaChile ahora se discutir\u00e1 en la Convenci\u00f3n Constitucional."},"content":{"rendered":"\n<p class=\"has-medium-font-size\">La Iniciativa Popular de Norma Constitucional&nbsp;N\u00ba 15.150, presentada por la Confederaci\u00f3n de Trabajadores del Cobre (CTC), que propone la&nbsp;<strong>Renacionalizaci\u00f3n del Cobre y Bienes P\u00fablicos Estrat\u00e9gicos<\/strong>, seg\u00fan <a rel=\"noreferrer noopener\" href=\"https:\/\/iniciativas.chileconvencion.cl\/m\/iniciativa_popular\/o\/15150\" target=\"_blank\">\u00faltima actualizaci\u00f3n de la plataforma digital de la propia Convenci\u00f3n<\/a> (a las 00:09 hrs del 02.02.2022), logr\u00f3 juntar <strong>17.461<\/strong> apoyos.<\/p>\n\n\n\n<p><strong>Un poco de historia:<\/strong> la Confederaci\u00f3n de Trabajadores del Cobre, organizaci\u00f3n nacional que agrupa y organiza a las y los trabajadores contratistas y subcontratistas de la miner\u00eda de Chile, desde su fundaci\u00f3n por all\u00e1 en junio de 2007, ha venido planteado incansablemente \u2014entre otras\u2014 la necesidad de <strong>Renacionalizar el Cobre y los Recursos Naturales Estrat\u00e9gicos<\/strong>.  Ha denunciado que, junto con el nefasto plan laboral implementado por el entonces ministro del trabajo de la dictadura c\u00edvico-militar (Jos\u00e9 Pi\u00f1era),&nbsp;<strong>la ideaci\u00f3n y ejecuci\u00f3n de las concesiones plenas <\/strong>\u2014especialmente en la miner\u00eda\u2014<strong> ha significado la desnacionalizaci\u00f3n progresiva  de nuestras riquezas y, con ello, la p\u00e9rdida casi irremediable de nuestra soberan\u00eda e independencia econ\u00f3mica nacionales<\/strong>. Decimos &#8220;casi\u201d, porque a pesar de haber transcurrido d\u00e9cadas de este verdadero saqueo de los recursos que nos pertenecen a todas y todos,&nbsp;<strong>hoy, luego de un largo proceso de resistencia y concientizaci\u00f3n, de unidad, organizaci\u00f3n y lucha;  podemos mirar el futuro de nuestro pa\u00eds con a\u00fan m\u00e1s esperanza<\/strong>.<\/p>\n\n\n\n<blockquote class=\"wp-block-quote is-layout-flow wp-block-quote-is-layout-flow\"><p><strong>El Cobre para Chile<\/strong>, consigna que en s\u00edntesis resume la idea y necesidad de recuperar nuestra soberan\u00eda e  independencia econ\u00f3mica nacionales, ha encontrado en la Iniciativa Popular de Norma Constitucional N\u00ba 15.150 (<a rel=\"noreferrer noopener\" href=\"https:\/\/iniciativas.chileconvencion.cl\/m\/iniciativa_popular\/o\/15150\" target=\"_blank\">Renacionalizaci\u00f3n del Cobre y Bienes P\u00fablicos Estrat\u00e9gicos<\/a>, presentada por la CTC a trav\u00e9s del mecanismo de Participaci\u00f3n Popular dispuesto por la Convenci\u00f3n Constitucional) el apoyo y firmas necesarias para ser discutida en el <a rel=\"noreferrer noopener\" href=\"https:\/\/www.chileconvencion.cl\/\" target=\"_blank\">\u00f3rgano constituyente<\/a> que actualmente se encuentra preparando lo que ser\u00e1 la nueva Constituci\u00f3n Pol\u00edtica del Estado de Chile.<\/p><\/blockquote>\n\n\n\n<p class=\"has-text-align-left\">La nueva constituci\u00f3n de nuestro pa\u00eds ya ha comenzado a escribirse, y en ella deben quedar establecidas la recuperaci\u00f3n de nuestra independencia econ\u00f3mica y soberan\u00eda sobre los recursos naturales de nuestro pueblo y sus naciones, y es en este proceso que la Iniciativa Popular de Normal Constitucional por la Renacionalizaci\u00f3n del Cobre y Bienes P\u00fablicos Estrat\u00e9gicos ha sido aceptada y ser\u00e1 discutida en la Convenci\u00f3n Constitucional. Es un paso m\u00e1s, importante como todos los anteriores, y junto con agradecer el masivo apoyo al proceso de recolecci\u00f3n de firmas, tambi\u00e9n a todas y todos quienes generosa e hist\u00f3ricamente han sido parte de esta causa, la Confederaci\u00f3n de Trabajadores del Cobre manifiesta y reivindica su compromiso irrestricto con la justicia social y econ\u00f3mica en nuestro pa\u00eds. Lejos de decir que esto ha terminado,  seguimos, hasta que la dignidad se haga costumbre. Y ser\u00e1 hermoso.<\/p>\n\n\n\n<p class=\"has-text-align-center has-medium-font-size\"><strong>#ElCobreParaChile<\/strong><\/p>\n\n\n\n<p class=\"has-text-align-center\"><strong>\u00a1Arriba las y los que luchan y no se rinden jam\u00e1s!<\/strong><\/p>\n\n\n\n<div class=\"wp-block-image\"><figure class=\"aligncenter size-large\"><img loading=\"lazy\" decoding=\"async\" width=\"805\" height=\"1024\" src=\"https:\/\/www.confederaciondelcobre.cl\/wp-content\/uploads\/2022\/02\/FINAL-805x1024.jpg\" alt=\"\" class=\"wp-image-2249\" srcset=\"https:\/\/www.confederaciondelcobre.cl\/wp-content\/uploads\/2022\/02\/FINAL-805x1024.jpg 805w, https:\/\/www.confederaciondelcobre.cl\/wp-content\/uploads\/2022\/02\/FINAL-236x300.jpg 236w, https:\/\/www.confederaciondelcobre.cl\/wp-content\/uploads\/2022\/02\/FINAL-768x977.jpg 768w, https:\/\/www.confederaciondelcobre.cl\/wp-content\/uploads\/2022\/02\/FINAL.jpg 849w\" sizes=\"auto, (max-width: 805px) 100vw, 805px\" \/><\/figure><\/div>\n","protected":false},"excerpt":{"rendered":"<p>La Iniciativa Popular de Norma Constitucional&nbsp;N\u00ba 15.150, presentada por la Confederaci\u00f3n de Trabajadores del Cobre (CTC), que propone la&nbsp;Renacionalizaci\u00f3n del Cobre y Bienes P\u00fablicos Estrat\u00e9gicos, seg\u00fan \u00faltima actualizaci\u00f3n de la &hellip; <\/p>\n","protected":false},"author":2,"featured_media":2247,"comment_status":"closed","ping_status":"closed","sticky":false,"template":"","format":"standard","meta":{"jetpack_post_was_ever_published":false,"_jetpack_newsletter_access":"","_jetpack_dont_email_post_to_subs":false,"_jetpack_newsletter_tier_id":0,"_jetpack_memberships_contains_paywalled_content":false,"_jetpack_memberships_contains_paid_content":false,"footnotes":"","jetpack_publicize_message":"","jetpack_publicize_feature_enabled":true,"jetpack_social_post_already_shared":false,"jetpack_social_options":{"image_generator_settings":{"template":"highway","default_image_id":0,"enabled":false},"version":2}},"categories":[9,21,14,15,19],"tags":[],"class_list":["post-2232","post","type-post","status-publish","format-standard","has-post-thumbnail","hentry","category-confederacion","category-federaciones","category-movimientos-sociales","category-nacional","category-trabajadores"],"jetpack_publicize_connections":[],"jetpack_featured_media_url":"https:\/\/www.confederaciondelcobre.cl\/wp-content\/uploads\/2022\/02\/PortInic.jpg","jetpack_sharing_enabled":true,"post_mailing_queue_ids":[],"_links":{"self":[{"href":"https:\/\/www.confederaciondelcobre.cl\/index.php\/wp-json\/wp\/v2\/posts\/2232","targetHints":{"allow":["GET"]}}],"collection":[{"href":"https:\/\/www.confederaciondelcobre.cl\/index.php\/wp-json\/wp\/v2\/posts"}],"about":[{"href":"https:\/\/www.confederaciondelcobre.cl\/index.php\/wp-json\/wp\/v2\/types\/post"}],"author":[{"embeddable":true,"href":"https:\/\/www.confederaciondelcobre.cl\/index.php\/wp-json\/wp\/v2\/users\/2"}],"replies":[{"embeddable":true,"href":"https:\/\/www.confederaciondelcobre.cl\/index.php\/wp-json\/wp\/v2\/comments?post=2232"}],"version-history":[{"count":18,"href":"https:\/\/www.confederaciondelcobre.cl\/index.php\/wp-json\/wp\/v2\/posts\/2232\/revisions"}],"predecessor-version":[{"id":2252,"href":"https:\/\/www.confederaciondelcobre.cl\/index.php\/wp-json\/wp\/v2\/posts\/2232\/revisions\/2252"}],"wp:featuredmedia":[{"embeddable":true,"href":"https:\/\/www.confederaciondelcobre.cl\/index.php\/wp-json\/wp\/v2\/media\/2247"}],"wp:attachment":[{"href":"https:\/\/www.confederaciondelcobre.cl\/index.php\/wp-json\/wp\/v2\/media?parent=2232"}],"wp:term":[{"taxonomy":"category","embeddable":true,"href":"https:\/\/www.confederaciondelcobre.cl\/index.php\/wp-json\/wp\/v2\/categories?post=2232"},{"taxonomy":"post_tag","embeddable":true,"href":"https:\/\/www.confederaciondelcobre.cl\/index.php\/wp-json\/wp\/v2\/tags?post=2232"}],"curies":[{"name":"wp","href":"https:\/\/api.w.org\/{rel}","templated":true}]}}