{"id":226,"date":"2019-06-18T18:33:22","date_gmt":"2019-06-18T18:33:22","guid":{"rendered":"http:\/\/www.ctc2018.cl\/?p=226"},"modified":"2020-04-27T00:02:04","modified_gmt":"2020-04-27T00:02:04","slug":"calama-fuerte-represion-contra-asistentes-de-la-educacion","status":"publish","type":"post","link":"https:\/\/www.confederaciondelcobre.cl\/index.php\/2019\/06\/18\/calama-fuerte-represion-contra-asistentes-de-la-educacion\/","title":{"rendered":"CALAMA: fuerte represi\u00f3n contra Asistentes de la Educaci\u00f3n."},"content":{"rendered":"\n<p>Reunidos en el frontis de la municipalidad y con la intenci\u00f3n de encontrar el di\u00e1logo con el alcalde de la ciudad de Calama,&nbsp;<strong>los Asistentes de la Educaci\u00f3n que llevan alrededor de 15 d\u00edas de huelga (en una negociaci\u00f3n reglada) fueron duramente reprimidos por parte de FFEE de Carabineros el d\u00eda de hoy<\/strong>.<\/p>\n\n\n\n<ul class=\"wp-block-list\"><li>La jornada termin\u00f3 con la detenci\u00f3n de cuatro&nbsp;socias del Sindicato de las Asistentes de la Educaci\u00f3n, tambi\u00e9n de&nbsp;Ariel Aguirre, presidente del colegio de profesores de Calama; los profesores Luis Contreras y Claudio Sanchez; Sergio Chamorro, dirigente de la FENAPO Calama;&nbsp; y Jos\u00e9 Mardones, presidente de la&nbsp;CUT&nbsp;provincial El Loa, director nacional de la&nbsp;CTC&nbsp;y concejal de Calama.<\/li><\/ul>\n\n\n\n<p>A esta situaci\u00f3n, y para el caso particular de Calama, con un alcalde que dialoga poco o nada, sumado a una gobernadora intransigente,&nbsp;<strong>se suman las movilizaciones llevadas a cabo por parte de los profesores a nivel nacional, adem\u00e1s de la huelga (tambi\u00e9n en negociaci\u00f3n reglada) de los trabajadores de planta de Chuquicamata que hoy tambi\u00e9n sufrieron la represi\u00f3n con un saldo de alrededor de doce detenidos<\/strong>.<\/p>\n\n\n\n<p>Cabe se\u00f1alar y alertar que estos d\u00edas&nbsp;la ciudad est\u00e1 siendo testigo de un inusual, exagerado e inaceptable copamiento por parte de Carabineros. Trascendidos se\u00f1alan que se ha trasladado a la zona contingente desde Arica, Iquique y Antofagasta, dejando a Calama en un virtual estado de sitio. Es por ello que hacemos un llamado a las autoridades a la mesura, a desistir de su actual actitud, que la soluci\u00f3n, lejos de m\u00e1s y m\u00e1s represi\u00f3n, es el di\u00e1logo.<br><\/p>\n","protected":false},"excerpt":{"rendered":"<p>Reunidos en el frontis de la municipalidad y con la intenci\u00f3n de encontrar el di\u00e1logo con el alcalde de la ciudad de Calama,&nbsp;los Asistentes de la Educaci\u00f3n que llevan alrededor &hellip; <\/p>\n","protected":false},"author":2,"featured_media":228,"comment_status":"open","ping_status":"open","sticky":false,"template":"","format":"standard","meta":{"jetpack_post_was_ever_published":false,"_jetpack_newsletter_access":"","_jetpack_dont_email_post_to_subs":false,"_jetpack_newsletter_tier_id":0,"_jetpack_memberships_contains_paywalled_content":false,"_jetpack_memberships_contains_paid_content":false,"footnotes":"","jetpack_publicize_message":"","jetpack_publicize_feature_enabled":true,"jetpack_social_post_already_shared":false,"jetpack_social_options":{"image_generator_settings":{"template":"highway","default_image_id":0,"enabled":false},"version":2}},"categories":[9,21,14,19],"tags":[],"class_list":["post-226","post","type-post","status-publish","format-standard","has-post-thumbnail","hentry","category-confederacion","category-federaciones","category-movimientos-sociales","category-trabajadores"],"jetpack_publicize_connections":[],"jetpack_featured_media_url":"https:\/\/www.confederaciondelcobre.cl\/wp-content\/uploads\/2019\/11\/JMWEBCTC.jpg","jetpack_sharing_enabled":true,"post_mailing_queue_ids":[],"_links":{"self":[{"href":"https:\/\/www.confederaciondelcobre.cl\/index.php\/wp-json\/wp\/v2\/posts\/226","targetHints":{"allow":["GET"]}}],"collection":[{"href":"https:\/\/www.confederaciondelcobre.cl\/index.php\/wp-json\/wp\/v2\/posts"}],"about":[{"href":"https:\/\/www.confederaciondelcobre.cl\/index.php\/wp-json\/wp\/v2\/types\/post"}],"author":[{"embeddable":true,"href":"https:\/\/www.confederaciondelcobre.cl\/index.php\/wp-json\/wp\/v2\/users\/2"}],"replies":[{"embeddable":true,"href":"https:\/\/www.confederaciondelcobre.cl\/index.php\/wp-json\/wp\/v2\/comments?post=226"}],"version-history":[{"count":1,"href":"https:\/\/www.confederaciondelcobre.cl\/index.php\/wp-json\/wp\/v2\/posts\/226\/revisions"}],"predecessor-version":[{"id":227,"href":"https:\/\/www.confederaciondelcobre.cl\/index.php\/wp-json\/wp\/v2\/posts\/226\/revisions\/227"}],"wp:featuredmedia":[{"embeddable":true,"href":"https:\/\/www.confederaciondelcobre.cl\/index.php\/wp-json\/wp\/v2\/media\/228"}],"wp:attachment":[{"href":"https:\/\/www.confederaciondelcobre.cl\/index.php\/wp-json\/wp\/v2\/media?parent=226"}],"wp:term":[{"taxonomy":"category","embeddable":true,"href":"https:\/\/www.confederaciondelcobre.cl\/index.php\/wp-json\/wp\/v2\/categories?post=226"},{"taxonomy":"post_tag","embeddable":true,"href":"https:\/\/www.confederaciondelcobre.cl\/index.php\/wp-json\/wp\/v2\/tags?post=226"}],"curies":[{"name":"wp","href":"https:\/\/api.w.org\/{rel}","templated":true}]}}