{"id":2260,"date":"2022-07-15T10:33:09","date_gmt":"2022-07-15T14:33:09","guid":{"rendered":"https:\/\/www.confederaciondelcobre.cl\/?p=2260"},"modified":"2022-07-15T10:33:11","modified_gmt":"2022-07-15T14:33:11","slug":"acuerdomarco-ctc-codelco-pago-de-incentivo-por-asistencia-cuatrimestral-marzo-junio-2022","status":"publish","type":"post","link":"https:\/\/www.confederaciondelcobre.cl\/index.php\/2022\/07\/15\/acuerdomarco-ctc-codelco-pago-de-incentivo-por-asistencia-cuatrimestral-marzo-junio-2022\/","title":{"rendered":"#AcuerdoMarco CTC-Codelco: pago de Incentivo por Asistencia Cuatrimestral Marzo-Junio 2022."},"content":{"rendered":"\n<p>Compa\u00f1eras y compa\u00f1eros, entre una serie de derechos y beneficios conquistados por la lucha de las y los trabajadores contratistas y subcontratistas agrupados y organizados en la Confederaci\u00f3n de Trabajadores del Cobre (CTC), y materializados en el <strong>vigente Acuerdo Marco entre la CTC y Codelco,<\/strong> se encuentra el <strong>pago de un Incentivo por Asistencia Cuatrimestral<\/strong>.<\/p>\n\n\n\n<p><strong>Dicho&nbsp; pago, que corresponde al per\u00edodo&nbsp;marzo-junio 2022, por un monto de&nbsp;$150.000&nbsp;brutos, se har\u00e1 efectivo en la&nbsp;liquidaci\u00f3n del mes de julio.<\/strong><\/p>\n\n\n<div class=\"wp-block-image\">\n<figure class=\"aligncenter size-large\"><img loading=\"lazy\" decoding=\"async\" width=\"1024\" height=\"1024\" src=\"https:\/\/www.confederaciondelcobre.cl\/wp-content\/uploads\/2022\/03\/Incentivo-Cuatrimestral-Mar-Jun2022-1024x1024.png\" alt=\"\" class=\"wp-image-2261\" srcset=\"https:\/\/www.confederaciondelcobre.cl\/wp-content\/uploads\/2022\/03\/Incentivo-Cuatrimestral-Mar-Jun2022-1024x1024.png 1024w, https:\/\/www.confederaciondelcobre.cl\/wp-content\/uploads\/2022\/03\/Incentivo-Cuatrimestral-Mar-Jun2022-300x300.png 300w, https:\/\/www.confederaciondelcobre.cl\/wp-content\/uploads\/2022\/03\/Incentivo-Cuatrimestral-Mar-Jun2022-150x150.png 150w, https:\/\/www.confederaciondelcobre.cl\/wp-content\/uploads\/2022\/03\/Incentivo-Cuatrimestral-Mar-Jun2022-768x768.png 768w, https:\/\/www.confederaciondelcobre.cl\/wp-content\/uploads\/2022\/03\/Incentivo-Cuatrimestral-Mar-Jun2022.png 1080w\" sizes=\"auto, (max-width: 1024px) 100vw, 1024px\" \/><\/figure><\/div>","protected":false},"excerpt":{"rendered":"<p>Compa\u00f1eras y compa\u00f1eros, entre una serie de derechos y beneficios conquistados por la lucha de las y los trabajadores contratistas y subcontratistas agrupados y organizados en la Confederaci\u00f3n de Trabajadores &hellip; <\/p>\n","protected":false},"author":2,"featured_media":2262,"comment_status":"closed","ping_status":"closed","sticky":false,"template":"","format":"standard","meta":{"jetpack_post_was_ever_published":false,"_jetpack_newsletter_access":"","_jetpack_dont_email_post_to_subs":false,"_jetpack_newsletter_tier_id":0,"_jetpack_memberships_contains_paywalled_content":false,"_jetpack_memberships_contains_paid_content":false,"footnotes":"","jetpack_publicize_message":"","jetpack_publicize_feature_enabled":true,"jetpack_social_post_already_shared":true,"jetpack_social_options":{"image_generator_settings":{"template":"highway","default_image_id":0,"enabled":false},"version":2}},"categories":[5,23,9,21,15,19],"tags":[],"class_list":["post-2260","post","type-post","status-publish","format-standard","has-post-thumbnail","hentry","category-acuerdo-marco","category-acuerdo-marco-codelco","category-confederacion","category-federaciones","category-nacional","category-trabajadores"],"jetpack_publicize_connections":[],"jetpack_featured_media_url":"https:\/\/www.confederaciondelcobre.cl\/wp-content\/uploads\/2022\/03\/Portada-Incentivo-Cuatrimestral-Nov2021-Feb2022-1.jpg","jetpack_sharing_enabled":true,"post_mailing_queue_ids":[],"_links":{"self":[{"href":"https:\/\/www.confederaciondelcobre.cl\/index.php\/wp-json\/wp\/v2\/posts\/2260","targetHints":{"allow":["GET"]}}],"collection":[{"href":"https:\/\/www.confederaciondelcobre.cl\/index.php\/wp-json\/wp\/v2\/posts"}],"about":[{"href":"https:\/\/www.confederaciondelcobre.cl\/index.php\/wp-json\/wp\/v2\/types\/post"}],"author":[{"embeddable":true,"href":"https:\/\/www.confederaciondelcobre.cl\/index.php\/wp-json\/wp\/v2\/users\/2"}],"replies":[{"embeddable":true,"href":"https:\/\/www.confederaciondelcobre.cl\/index.php\/wp-json\/wp\/v2\/comments?post=2260"}],"version-history":[{"count":3,"href":"https:\/\/www.confederaciondelcobre.cl\/index.php\/wp-json\/wp\/v2\/posts\/2260\/revisions"}],"predecessor-version":[{"id":2546,"href":"https:\/\/www.confederaciondelcobre.cl\/index.php\/wp-json\/wp\/v2\/posts\/2260\/revisions\/2546"}],"wp:featuredmedia":[{"embeddable":true,"href":"https:\/\/www.confederaciondelcobre.cl\/index.php\/wp-json\/wp\/v2\/media\/2262"}],"wp:attachment":[{"href":"https:\/\/www.confederaciondelcobre.cl\/index.php\/wp-json\/wp\/v2\/media?parent=2260"}],"wp:term":[{"taxonomy":"category","embeddable":true,"href":"https:\/\/www.confederaciondelcobre.cl\/index.php\/wp-json\/wp\/v2\/categories?post=2260"},{"taxonomy":"post_tag","embeddable":true,"href":"https:\/\/www.confederaciondelcobre.cl\/index.php\/wp-json\/wp\/v2\/tags?post=2260"}],"curies":[{"name":"wp","href":"https:\/\/api.w.org\/{rel}","templated":true}]}}