{"id":2269,"date":"2022-07-11T14:55:10","date_gmt":"2022-07-11T18:55:10","guid":{"rendered":"https:\/\/www.confederaciondelcobre.cl\/?p=2269"},"modified":"2022-07-11T14:55:12","modified_gmt":"2022-07-11T18:55:12","slug":"acuerdomarco-ctc-codelco-postulacion-a-fondo-unico-de-vivienda-concursable-proceso-2022","status":"publish","type":"post","link":"https:\/\/www.confederaciondelcobre.cl\/index.php\/2022\/07\/11\/acuerdomarco-ctc-codelco-postulacion-a-fondo-unico-de-vivienda-concursable-proceso-2022\/","title":{"rendered":"#AcuerdoMarco CTC-Codelco: postulaci\u00f3n a Fondo \u00danico de Vivienda Concursable, proceso 2022."},"content":{"rendered":"\n<p>Compa\u00f1eras y compa\u00f1eros, informamos que <strong>a partir de hoy lunes 11 de julio, y hasta el jueves 11 de agosto, comienza el proceso de postulaci\u00f3n y entrega de antecedentes para el Fondo \u00danico de Vivienda Concursable, a\u00f1o 2022<\/strong>, que corresponde al Acuerdo Marco vigente entre la Confederaci\u00f3n de Trabajadores del Cobre (CTC), Agema y Codelco.<\/p>\n\n\n\n<ul class=\"wp-block-list\"><li>Este derecho y beneficio es para&nbsp;trabajadoras y trabajadores&nbsp;<strong>Contratistas y Subcontratistas que prestan sus servicios a Codelco, quedando excluidos aquellas y aquellos que prestan sus servicios para la Vicepresidencia de Proyectos (VP)<\/strong>.<\/li><\/ul>\n\n\n\n<ul class=\"wp-block-list\"><li>Cabe se\u00f1alar que el Fondo \u00danico de Vivienda Concursable <strong>consiste en un aporte \u00fanico para la compra, construcci\u00f3n o prepago de cr\u00e9ditos hipotecarios&nbsp;de la primera vivienda<\/strong>, &nbsp;<strong>por lo que toda compa\u00f1era o compa\u00f1ero que se lo haya adjudicado en a\u00f1os anteriores deber\u00e1 abstenerse de postular nuevamente en este proceso<\/strong>.<\/li><\/ul>\n\n\n\n<p><strong>Desde el a\u00f1o 2007 las y los trabajadores contratistas y subcontratistas de Codelco, adem\u00e1s de sus familias, tienen acceso a una variedad de beneficios y derechos laborales y sociales que establece el&nbsp;Acuerdo Marco firmado entre la Confederaci\u00f3n de Trabajadores del Cobre (CTC), las empresas contratistas y Codelco. Esta conquista de la Clase Trabajadora, cabe recordar, ha sido \u00fanicamente gracias a la&nbsp;Unidad, Organizaci\u00f3n y Lucha&nbsp;de todas y todos quienes, agrupados en la CTC, lograron y han mantenido vigente el Acuerdo Marco con la cupr\u00edfera estatal.<\/strong><\/p>\n\n\n\n<ul class=\"wp-block-list\"><li><strong>Para este a\u00f1o 2022 se dispondr\u00e1 de 1.000 (mil) cupos por un monto de 20 UF (veinte Unidades de Fomento).<\/strong><\/li><\/ul>\n\n\n\n<p><strong>Para postular&nbsp;al Fondo \u00danico de Vivienda Concursable, a\u00f1o 2022,&nbsp;puedes hacerlo ingresando desde un computador al sitio web de la OTIC de la C\u00e1mara Chilena de la Construcci\u00f3n&nbsp;(<a href=\"https:\/\/www.oticdelaconstruccion.cl\/fondos2022\/portada.php\" target=\"_blank\" rel=\"noreferrer noopener\"><u>haciendo click aqu\u00ed<\/u><\/a>). All\u00ed encontrar\u00e1s la secci\u00f3n \u201cFondos para la Primera Vivienda\u201d, donde se indica ingresar el RUT del trabajador o trabajadora que postula. Una vez all\u00ed, tambi\u00e9n encontrar\u00e1s informaci\u00f3n sobre las Bases y Documentaci\u00f3n requerida.<\/strong><\/p>\n\n\n\n<p><strong>Los beneficios y derechos conquistados gracias a la unidad, organizaci\u00f3n y lucha de las y los trabajadores agrupados en la CTC<\/strong>&nbsp;tienen por objetivo&nbsp;<strong>mejorar nuestras condiciones laborales, sociales y de calidad de vida<\/strong>, por lo que llamamos a todas y todos&nbsp;<strong>a difundir esta informaci\u00f3n y proceso de postulaci\u00f3n entre sus compa\u00f1eras y compa\u00f1eros<\/strong>.<\/p>\n\n\n\n<p>Dejamos a continuaci\u00f3n, para su consideraci\u00f3n, calendario con el proceso completo. Tambi\u00e9n les invitamos a difundir esta informaci\u00f3n con sus compa\u00f1eras y compa\u00f1eros de trabajo.<\/p>\n\n\n\n<figure class=\"wp-block-image size-large\"><img loading=\"lazy\" decoding=\"async\" width=\"793\" height=\"1024\" src=\"https:\/\/www.confederaciondelcobre.cl\/wp-content\/uploads\/2022\/07\/Calendario-Fondo-Viv-Conc-AM-CTC-Codelco-2022-793x1024.png\" alt=\"\" class=\"wp-image-2638\" srcset=\"https:\/\/www.confederaciondelcobre.cl\/wp-content\/uploads\/2022\/07\/Calendario-Fondo-Viv-Conc-AM-CTC-Codelco-2022-793x1024.png 793w, https:\/\/www.confederaciondelcobre.cl\/wp-content\/uploads\/2022\/07\/Calendario-Fondo-Viv-Conc-AM-CTC-Codelco-2022-232x300.png 232w, https:\/\/www.confederaciondelcobre.cl\/wp-content\/uploads\/2022\/07\/Calendario-Fondo-Viv-Conc-AM-CTC-Codelco-2022-768x992.png 768w, https:\/\/www.confederaciondelcobre.cl\/wp-content\/uploads\/2022\/07\/Calendario-Fondo-Viv-Conc-AM-CTC-Codelco-2022.png 836w\" sizes=\"auto, (max-width: 793px) 100vw, 793px\" \/><\/figure>\n","protected":false},"excerpt":{"rendered":"<p>Compa\u00f1eras y compa\u00f1eros, informamos que a partir de hoy lunes 11 de julio, y hasta el jueves 11 de agosto, comienza el proceso de postulaci\u00f3n y entrega de antecedentes para &hellip; <\/p>\n","protected":false},"author":2,"featured_media":2637,"comment_status":"closed","ping_status":"closed","sticky":false,"template":"","format":"standard","meta":{"jetpack_post_was_ever_published":false,"_jetpack_newsletter_access":"","_jetpack_dont_email_post_to_subs":false,"_jetpack_newsletter_tier_id":0,"_jetpack_memberships_contains_paywalled_content":false,"_jetpack_memberships_contains_paid_content":false,"footnotes":"","jetpack_publicize_message":"","jetpack_publicize_feature_enabled":false,"jetpack_social_post_already_shared":true,"jetpack_social_options":{"image_generator_settings":{"template":"highway","default_image_id":0,"enabled":false},"version":2}},"categories":[5,23,9,21,15,19],"tags":[],"class_list":["post-2269","post","type-post","status-publish","format-standard","has-post-thumbnail","hentry","category-acuerdo-marco","category-acuerdo-marco-codelco","category-confederacion","category-federaciones","category-nacional","category-trabajadores"],"jetpack_publicize_connections":[],"jetpack_featured_media_url":"https:\/\/www.confederaciondelcobre.cl\/wp-content\/uploads\/2022\/03\/Postulacion-2022.jpg","jetpack_sharing_enabled":true,"post_mailing_queue_ids":[],"_links":{"self":[{"href":"https:\/\/www.confederaciondelcobre.cl\/index.php\/wp-json\/wp\/v2\/posts\/2269","targetHints":{"allow":["GET"]}}],"collection":[{"href":"https:\/\/www.confederaciondelcobre.cl\/index.php\/wp-json\/wp\/v2\/posts"}],"about":[{"href":"https:\/\/www.confederaciondelcobre.cl\/index.php\/wp-json\/wp\/v2\/types\/post"}],"author":[{"embeddable":true,"href":"https:\/\/www.confederaciondelcobre.cl\/index.php\/wp-json\/wp\/v2\/users\/2"}],"replies":[{"embeddable":true,"href":"https:\/\/www.confederaciondelcobre.cl\/index.php\/wp-json\/wp\/v2\/comments?post=2269"}],"version-history":[{"count":8,"href":"https:\/\/www.confederaciondelcobre.cl\/index.php\/wp-json\/wp\/v2\/posts\/2269\/revisions"}],"predecessor-version":[{"id":2662,"href":"https:\/\/www.confederaciondelcobre.cl\/index.php\/wp-json\/wp\/v2\/posts\/2269\/revisions\/2662"}],"wp:featuredmedia":[{"embeddable":true,"href":"https:\/\/www.confederaciondelcobre.cl\/index.php\/wp-json\/wp\/v2\/media\/2637"}],"wp:attachment":[{"href":"https:\/\/www.confederaciondelcobre.cl\/index.php\/wp-json\/wp\/v2\/media?parent=2269"}],"wp:term":[{"taxonomy":"category","embeddable":true,"href":"https:\/\/www.confederaciondelcobre.cl\/index.php\/wp-json\/wp\/v2\/categories?post=2269"},{"taxonomy":"post_tag","embeddable":true,"href":"https:\/\/www.confederaciondelcobre.cl\/index.php\/wp-json\/wp\/v2\/tags?post=2269"}],"curies":[{"name":"wp","href":"https:\/\/api.w.org\/{rel}","templated":true}]}}