{"id":2279,"date":"2022-07-11T12:04:27","date_gmt":"2022-07-11T16:04:27","guid":{"rendered":"https:\/\/www.confederaciondelcobre.cl\/?p=2279"},"modified":"2022-07-11T12:04:29","modified_gmt":"2022-07-11T16:04:29","slug":"acuerdomarco-ctc-codelco-resultados-finales-becas-de-educacion-superior-proceso-2022","status":"publish","type":"post","link":"https:\/\/www.confederaciondelcobre.cl\/index.php\/2022\/07\/11\/acuerdomarco-ctc-codelco-resultados-finales-becas-de-educacion-superior-proceso-2022\/","title":{"rendered":"#AcuerdoMarco CTC-Codelco: resultados finales Becas de Educaci\u00f3n Superior, proceso 2022."},"content":{"rendered":"\n<p>Compa\u00f1eras y Compa\u00f1eros, comunicamos que&nbsp;<strong>a partir de hoy lunes 11 de julio ya est\u00e1n disponibles los resultados finales de sus postulaciones a las Becas de Excelencia Acad\u00e9mica de Educaci\u00f3n Superior (proceso 2022) que corresponden al vigente Acuerdo Marco entre la Confederaci\u00f3n de Trabajadores del Cobre (CTC), Agema y Codelco.<\/strong><\/p>\n\n\n\n<ul class=\"wp-block-list\"><li>Las becas, conquistadas por las y los trabajadores agrupados y organizados en la Confederaci\u00f3n de Trabajadores del Cobre (CTC), y contenidas en el vigente Acuerdo Marco firmado entre la propia CTC, Agema y Codelco,&nbsp;<strong>establecen para este a\u00f1o una cantidad de 2.800 cupos&nbsp;por un total de $857.000 brutos cada una y est\u00e1n destinadas a&nbsp;las y los hijos, c\u00f3nyuges o convivientes \u2014independiente de su orientaci\u00f3n sexual\u2014 de las y los trabajadores contratistas y subcontratistas, o para las y los propios compa\u00f1eros que prestan servicios de manera permanente, continua y exclusiva a las Empresas Contratistas en los recintos industriales, establecimientos productivos o administrativos de las divisiones productivas y Casa Matriz de Codelco por un per\u00edodo m\u00ednimo de un mes calendario.<\/strong><\/li><\/ul>\n\n\n\n<p><strong>Para revisar el resultado final de sus postulaciones, y saber si la beca ha sido adjudicada, deben ingresar desde un computador al sitio de la OTIC de la C\u00e1mara Chilena de la Construcci\u00f3n&nbsp;<a href=\"https:\/\/www.oticdelaconstruccion.cl\/fondos2022\/portada.php\" target=\"_blank\" rel=\"noreferrer noopener\"><u>(haciendo click aqu\u00ed)<\/u><\/a>&nbsp;seleccionando la opci\u00f3n \u201cBecas de Educaci\u00f3n Superior\u201d. Una vez all\u00ed, en el bot\u00f3n \u201cingresar\u201d, el o la trabajadora debe ingresar su RUT y el sistema arrojar\u00e1 la informaci\u00f3n requerida.&nbsp;<\/strong><\/p>\n\n\n\n<ul class=\"wp-block-list\"><li><strong>IMPORTANTE:<\/strong> <strong>el pago de las becas adjudicadas, a quienes hayan cumplido con el proceso de forma satisfactoria,&nbsp;se har\u00e1 en cualquier sucursal del Banco Chile a partir del viernes 15 de julio y ser\u00e1 efectuado mediante vale vista nominativo a nombre del o la beneficiaria, quien deber\u00e1 concurrir con su c\u00e9dula de identidad dentro de un plazo no superior a seis meses.<\/strong><\/li><li><strong>NOTA<\/strong>: mayores detalles respecto del proceso y pago, pueden encontrarlos en el mismo sitio y secci\u00f3n (Becas) se\u00f1alado.<\/li><\/ul>\n\n\n\n<p><strong>Las y los trabajadores agrupados y organizados en la Confederaci\u00f3n de Trabajadores del Cobre, a partir de la conquista y firma del Acuerdo Marco con Codelco, han logrado una serie de derechos y beneficios, entre ellos el acceso a Becas de Educaci\u00f3n Superior, por lo que reiteramos el llamado a revisar los resultados finales de sus postulaciones y difundir la presente informaci\u00f3n entre sus compa\u00f1eras y compa\u00f1ero<\/strong>s.<\/p>\n\n\n\n<p>A continuaci\u00f3n, para su consideraci\u00f3n, dejamos calendario con el proceso completo:<\/p>\n\n\n\n<figure class=\"wp-block-image size-large\"><img loading=\"lazy\" decoding=\"async\" width=\"793\" height=\"1024\" src=\"https:\/\/www.confederaciondelcobre.cl\/wp-content\/uploads\/2022\/06\/Calrndario-Becas-AmCTCCodelco-2022-793x1024.png\" alt=\"\" class=\"wp-image-2562\" srcset=\"https:\/\/www.confederaciondelcobre.cl\/wp-content\/uploads\/2022\/06\/Calrndario-Becas-AmCTCCodelco-2022-793x1024.png 793w, https:\/\/www.confederaciondelcobre.cl\/wp-content\/uploads\/2022\/06\/Calrndario-Becas-AmCTCCodelco-2022-232x300.png 232w, https:\/\/www.confederaciondelcobre.cl\/wp-content\/uploads\/2022\/06\/Calrndario-Becas-AmCTCCodelco-2022-768x992.png 768w, https:\/\/www.confederaciondelcobre.cl\/wp-content\/uploads\/2022\/06\/Calrndario-Becas-AmCTCCodelco-2022.png 836w\" sizes=\"auto, (max-width: 793px) 100vw, 793px\" \/><\/figure>\n","protected":false},"excerpt":{"rendered":"<p>Compa\u00f1eras y Compa\u00f1eros, comunicamos que&nbsp;a partir de hoy lunes 11 de julio ya est\u00e1n disponibles los resultados finales de sus postulaciones a las Becas de Excelencia Acad\u00e9mica de Educaci\u00f3n Superior &hellip; <\/p>\n","protected":false},"author":2,"featured_media":2280,"comment_status":"closed","ping_status":"closed","sticky":false,"template":"","format":"standard","meta":{"jetpack_post_was_ever_published":false,"_jetpack_newsletter_access":"","_jetpack_dont_email_post_to_subs":false,"_jetpack_newsletter_tier_id":0,"_jetpack_memberships_contains_paywalled_content":false,"_jetpack_memberships_contains_paid_content":false,"footnotes":"","jetpack_publicize_message":"","jetpack_publicize_feature_enabled":false,"jetpack_social_post_already_shared":true,"jetpack_social_options":{"image_generator_settings":{"template":"highway","default_image_id":0,"enabled":false},"version":2}},"categories":[5,23,9,21,15,19],"tags":[],"class_list":["post-2279","post","type-post","status-publish","format-standard","has-post-thumbnail","hentry","category-acuerdo-marco","category-acuerdo-marco-codelco","category-confederacion","category-federaciones","category-nacional","category-trabajadores"],"jetpack_publicize_connections":[],"jetpack_featured_media_url":"https:\/\/www.confederaciondelcobre.cl\/wp-content\/uploads\/2022\/03\/3-Portada-Resultados-Finales.jpg","jetpack_sharing_enabled":true,"post_mailing_queue_ids":[],"_links":{"self":[{"href":"https:\/\/www.confederaciondelcobre.cl\/index.php\/wp-json\/wp\/v2\/posts\/2279","targetHints":{"allow":["GET"]}}],"collection":[{"href":"https:\/\/www.confederaciondelcobre.cl\/index.php\/wp-json\/wp\/v2\/posts"}],"about":[{"href":"https:\/\/www.confederaciondelcobre.cl\/index.php\/wp-json\/wp\/v2\/types\/post"}],"author":[{"embeddable":true,"href":"https:\/\/www.confederaciondelcobre.cl\/index.php\/wp-json\/wp\/v2\/users\/2"}],"replies":[{"embeddable":true,"href":"https:\/\/www.confederaciondelcobre.cl\/index.php\/wp-json\/wp\/v2\/comments?post=2279"}],"version-history":[{"count":6,"href":"https:\/\/www.confederaciondelcobre.cl\/index.php\/wp-json\/wp\/v2\/posts\/2279\/revisions"}],"predecessor-version":[{"id":2661,"href":"https:\/\/www.confederaciondelcobre.cl\/index.php\/wp-json\/wp\/v2\/posts\/2279\/revisions\/2661"}],"wp:featuredmedia":[{"embeddable":true,"href":"https:\/\/www.confederaciondelcobre.cl\/index.php\/wp-json\/wp\/v2\/media\/2280"}],"wp:attachment":[{"href":"https:\/\/www.confederaciondelcobre.cl\/index.php\/wp-json\/wp\/v2\/media?parent=2279"}],"wp:term":[{"taxonomy":"category","embeddable":true,"href":"https:\/\/www.confederaciondelcobre.cl\/index.php\/wp-json\/wp\/v2\/categories?post=2279"},{"taxonomy":"post_tag","embeddable":true,"href":"https:\/\/www.confederaciondelcobre.cl\/index.php\/wp-json\/wp\/v2\/tags?post=2279"}],"curies":[{"name":"wp","href":"https:\/\/api.w.org\/{rel}","templated":true}]}}