{"id":2288,"date":"2022-11-04T11:04:09","date_gmt":"2022-11-04T15:04:09","guid":{"rendered":"https:\/\/www.confederaciondelcobre.cl\/?p=2288"},"modified":"2022-11-04T11:04:12","modified_gmt":"2022-11-04T15:04:12","slug":"acuerdomarco-ctc-codelco-resultados-finales-fondo-unico-de-vivienda-concursable-proceso-2022","status":"publish","type":"post","link":"https:\/\/www.confederaciondelcobre.cl\/index.php\/2022\/11\/04\/acuerdomarco-ctc-codelco-resultados-finales-fondo-unico-de-vivienda-concursable-proceso-2022\/","title":{"rendered":"#AcuerdoMarco CTC-Codelco: resultados finales Fondo \u00danico de Vivienda Concursable, proceso 2022."},"content":{"rendered":"\n<p>Compa\u00f1eras y compa\u00f1eros, comunicamos que<strong> hoy, viernes 04 de noviembre, ya est\u00e1n disponibles los resultados finales de sus postulaciones al Fondo \u00danico de Vivienda Concursable a\u00f1o 2022<\/strong>.<\/p>\n\n\n\n<p>Desde el a\u00f1o 2007 las y los trabajadores contratistas y subcontratistas de Codelco, adem\u00e1s de sus familias, tienen acceso a una variedad de beneficios y derechos laborales y sociales que establece el Acuerdo Marco firmado entre la Confederaci\u00f3n de Trabajadores del Cobre (CTC), las empresas contratistas y Codelco. El Fondo \u00danico de Vivienda Concursable, por su parte, es un derecho y beneficio que consiste en un&nbsp;aporte \u00fanico&nbsp;para&nbsp;la compra, construcci\u00f3n o prepago de cr\u00e9ditos hipotecarios&nbsp;de la primera vivienda. Esta conquista de la Clase Trabajadora, cabe recordar, ha sido \u00fanicamente gracias a la&nbsp;Unidad, Organizaci\u00f3n y Lucha&nbsp;de todas y todos quienes, agrupados en la CTC, lograron y han mantenido vigente el Acuerdo Marco con la cupr\u00edfera estatal.<\/p>\n\n\n\n<ul class=\"wp-block-list\"><li><strong>Para este a\u00f1o 2022, cabe recordar, se han dispuesto 1.000 (mil) cupos por un monto de 20 UF (veinte Unidades de Fomento) cada uno, y ser\u00e1n pagados el viernes 11 de noviembre del presente<\/strong> mediante vale vista que podr\u00e1 ser cobrado en cualquier sucursal del Banco de Chile.\u00a0<strong>Este documento ser\u00e1 emitido a nombre del o la beneficiaria y podr\u00e1 ser retirado a partir de la fecha indicada, por el titular junto a su C\u00e9dula de Identidad en un plazo de 6 meses<\/strong>. Posterior a dicho plazo (seis meses) el documento quedar\u00e1 sin efecto.<\/li><\/ul>\n\n\n\n<p><strong>Para consultar los resultados finales, puedes hacerlo en el sitio web de la OTIC de la C\u00e1mara Chilena de la Construcci\u00f3n\u00a0(<a href=\"https:\/\/www.oticdelaconstruccion.cl\/fondos2022\/portada.php\"><u>haciendo click aqu\u00ed<\/u><\/a>). All\u00ed encontrar\u00e1s la secci\u00f3n \u201cFondos para la Primera Vivienda\u201d, donde se solicitar\u00e1 ingresar el RUT del trabajador o trabajadora que postula.<\/strong><\/p>\n\n\n\n<p><strong><em>NOTA: recomendamos hacer dicho proceso, de consulta y\/\u00f3 apelaciones, A TRAV\u00c9S DE UN COMPUTADOR (sea port\u00e1til o de escritorio), pues la plataforma, para dichos tr\u00e1mites, no es compatible con dispositivos m\u00f3viles (tel\u00e9fonos).<\/em><\/strong><\/p>\n\n\n\n<p><strong>Los beneficios y derechos conquistados gracias a la unidad, organizaci\u00f3n y lucha de las y los trabajadores agrupados en la CTC<\/strong>&nbsp;tienen por objetivo&nbsp;<strong>mejorar nuestras condiciones laborales, sociales y de calidad de vida<\/strong>, por lo que llamamos a todas y todos&nbsp;<strong>a difundir esta informaci\u00f3n entre sus compa\u00f1eras y compa\u00f1eros<\/strong>.<\/p>\n","protected":false},"excerpt":{"rendered":"<p>Compa\u00f1eras y compa\u00f1eros, comunicamos que hoy, viernes 04 de noviembre, ya est\u00e1n disponibles los resultados finales de sus postulaciones al Fondo \u00danico de Vivienda Concursable a\u00f1o 2022. Desde el a\u00f1o &hellip; <\/p>\n","protected":false},"author":2,"featured_media":2289,"comment_status":"closed","ping_status":"closed","sticky":false,"template":"","format":"standard","meta":{"jetpack_post_was_ever_published":false,"_jetpack_newsletter_access":"","_jetpack_dont_email_post_to_subs":false,"_jetpack_newsletter_tier_id":0,"_jetpack_memberships_contains_paywalled_content":false,"_jetpack_memberships_contains_paid_content":false,"footnotes":"","jetpack_publicize_message":"","jetpack_publicize_feature_enabled":true,"jetpack_social_post_already_shared":true,"jetpack_social_options":{"image_generator_settings":{"template":"highway","default_image_id":0,"enabled":false},"version":2}},"categories":[5,23,9,21,19],"tags":[],"class_list":["post-2288","post","type-post","status-publish","format-standard","has-post-thumbnail","hentry","category-acuerdo-marco","category-acuerdo-marco-codelco","category-confederacion","category-federaciones","category-trabajadores"],"jetpack_publicize_connections":[],"jetpack_featured_media_url":"https:\/\/www.confederaciondelcobre.cl\/wp-content\/uploads\/2022\/03\/3-Portada-Resultados-Finales-1.jpg","jetpack_sharing_enabled":true,"post_mailing_queue_ids":[],"_links":{"self":[{"href":"https:\/\/www.confederaciondelcobre.cl\/index.php\/wp-json\/wp\/v2\/posts\/2288","targetHints":{"allow":["GET"]}}],"collection":[{"href":"https:\/\/www.confederaciondelcobre.cl\/index.php\/wp-json\/wp\/v2\/posts"}],"about":[{"href":"https:\/\/www.confederaciondelcobre.cl\/index.php\/wp-json\/wp\/v2\/types\/post"}],"author":[{"embeddable":true,"href":"https:\/\/www.confederaciondelcobre.cl\/index.php\/wp-json\/wp\/v2\/users\/2"}],"replies":[{"embeddable":true,"href":"https:\/\/www.confederaciondelcobre.cl\/index.php\/wp-json\/wp\/v2\/comments?post=2288"}],"version-history":[{"count":8,"href":"https:\/\/www.confederaciondelcobre.cl\/index.php\/wp-json\/wp\/v2\/posts\/2288\/revisions"}],"predecessor-version":[{"id":2958,"href":"https:\/\/www.confederaciondelcobre.cl\/index.php\/wp-json\/wp\/v2\/posts\/2288\/revisions\/2958"}],"wp:featuredmedia":[{"embeddable":true,"href":"https:\/\/www.confederaciondelcobre.cl\/index.php\/wp-json\/wp\/v2\/media\/2289"}],"wp:attachment":[{"href":"https:\/\/www.confederaciondelcobre.cl\/index.php\/wp-json\/wp\/v2\/media?parent=2288"}],"wp:term":[{"taxonomy":"category","embeddable":true,"href":"https:\/\/www.confederaciondelcobre.cl\/index.php\/wp-json\/wp\/v2\/categories?post=2288"},{"taxonomy":"post_tag","embeddable":true,"href":"https:\/\/www.confederaciondelcobre.cl\/index.php\/wp-json\/wp\/v2\/tags?post=2288"}],"curies":[{"name":"wp","href":"https:\/\/api.w.org\/{rel}","templated":true}]}}