{"id":229,"date":"2019-06-19T18:35:42","date_gmt":"2019-06-19T18:35:42","guid":{"rendered":"http:\/\/www.ctc2018.cl\/?p=229"},"modified":"2020-04-27T00:01:13","modified_gmt":"2020-04-27T00:01:13","slug":"sindicato-clinica-san-lorenzo-en-huelga","status":"publish","type":"post","link":"https:\/\/www.confederaciondelcobre.cl\/index.php\/2019\/06\/19\/sindicato-clinica-san-lorenzo-en-huelga\/","title":{"rendered":"Sindicato Cl\u00ednica San Lorenzo en huelga"},"content":{"rendered":"\n<p><strong>Cumplidos los plazos de mediaci\u00f3n obligatoria, durante el actual proceso de Negociaci\u00f3n Colectiva Reglada, y no habiendo respuesta formal ni concreta por parte de la empresa, las y los trabajadores del Sindicato de la Cl\u00ednica San Lorenzo<\/strong>&nbsp;(del campamento minero de El Salvador, Diego de Almagro)&nbsp;<strong>resolvieron hacer efectiva la huelga a partir del d\u00eda de hoy<\/strong>.<\/p>\n\n\n\n<ul class=\"wp-block-list\"><li><strong>La huelga<\/strong>,&nbsp;<strong>que<\/strong>&nbsp;<strong>se traduce&nbsp;como una leg\u00edtima respuesta ante la&nbsp;irresponsable intransigencia del empleador, es resultado de la poca o nula valoraci\u00f3n&nbsp;que tiene la empresa al esfuerzo y trabajo de quienes hoy se movilizan, trabajadores que en todo momento han buscado di\u00e1logo y acuerdo.<\/strong><\/li><\/ul>\n\n\n\n<p><strong>Ana Lamas Aguirre<\/strong>, Presidenta del Sindicato de la Cl\u00ednica San Lorenzo, se\u00f1al\u00f3 que&nbsp;<strong>&#8220;nuestro compromiso \u00e9tico, en primer lugar, es con la vida, la seguridad y la salud de las personas. Es decir que estamos dispuestos a atender las urgencias que sean necesarias y en la forma que establece la ley, pero resguardando que la huelga, leg\u00edtimamente acordada por los trabajadores, no se anule en los hechos&#8221;<\/strong>.<\/p>\n\n\n\n<p>Sobre la actitud que ha tenido la empresa para con los trabajadores, en el actual proceso de Negociaci\u00f3n Colectiva Reglada, indic\u00f3 que&nbsp;<strong>&#8220;considerando el debido respeto a las leg\u00edtimas demandas de los trabajadores, por mejorar sus condiciones laborales, l<\/strong><strong>amentamos profundamente la inesperada y sorprendente actitud de la empresa&nbsp;que nos&nbsp;ha puesto en una situaci\u00f3n que hubi\u00e9ramos querido evitar. Por tal motivo, entonces, apelamos a la comprensi\u00f3n de la comunidad y esperamos que la empresa recapacite&nbsp; y reponga, en el m\u00e1s breve plazo, una propuesta justa y concreta para los trabajadores que entregan su fuerza de trabajo&#8221;<\/strong>, finaliz\u00f3.<\/p>\n","protected":false},"excerpt":{"rendered":"<p>Cumplidos los plazos de mediaci\u00f3n obligatoria, durante el actual proceso de Negociaci\u00f3n Colectiva Reglada, y no habiendo respuesta formal ni concreta por parte de la empresa, las y los trabajadores &hellip; <\/p>\n","protected":false},"author":2,"featured_media":231,"comment_status":"open","ping_status":"open","sticky":false,"template":"","format":"standard","meta":{"jetpack_post_was_ever_published":false,"_jetpack_newsletter_access":"","_jetpack_dont_email_post_to_subs":false,"_jetpack_newsletter_tier_id":0,"_jetpack_memberships_contains_paywalled_content":false,"_jetpack_memberships_contains_paid_content":false,"footnotes":"","jetpack_publicize_message":"","jetpack_publicize_feature_enabled":true,"jetpack_social_post_already_shared":false,"jetpack_social_options":{"image_generator_settings":{"template":"highway","default_image_id":0,"enabled":false},"version":2}},"categories":[9,21,28,20],"tags":[],"class_list":["post-229","post","type-post","status-publish","format-standard","has-post-thumbnail","hentry","category-confederacion","category-federaciones","category-fesal","category-negociacion-colectiva"],"jetpack_publicize_connections":[],"jetpack_featured_media_url":"https:\/\/www.confederaciondelcobre.cl\/wp-content\/uploads\/2019\/11\/HuelgaSSL.jpg","jetpack_sharing_enabled":true,"post_mailing_queue_ids":[],"_links":{"self":[{"href":"https:\/\/www.confederaciondelcobre.cl\/index.php\/wp-json\/wp\/v2\/posts\/229","targetHints":{"allow":["GET"]}}],"collection":[{"href":"https:\/\/www.confederaciondelcobre.cl\/index.php\/wp-json\/wp\/v2\/posts"}],"about":[{"href":"https:\/\/www.confederaciondelcobre.cl\/index.php\/wp-json\/wp\/v2\/types\/post"}],"author":[{"embeddable":true,"href":"https:\/\/www.confederaciondelcobre.cl\/index.php\/wp-json\/wp\/v2\/users\/2"}],"replies":[{"embeddable":true,"href":"https:\/\/www.confederaciondelcobre.cl\/index.php\/wp-json\/wp\/v2\/comments?post=229"}],"version-history":[{"count":1,"href":"https:\/\/www.confederaciondelcobre.cl\/index.php\/wp-json\/wp\/v2\/posts\/229\/revisions"}],"predecessor-version":[{"id":230,"href":"https:\/\/www.confederaciondelcobre.cl\/index.php\/wp-json\/wp\/v2\/posts\/229\/revisions\/230"}],"wp:featuredmedia":[{"embeddable":true,"href":"https:\/\/www.confederaciondelcobre.cl\/index.php\/wp-json\/wp\/v2\/media\/231"}],"wp:attachment":[{"href":"https:\/\/www.confederaciondelcobre.cl\/index.php\/wp-json\/wp\/v2\/media?parent=229"}],"wp:term":[{"taxonomy":"category","embeddable":true,"href":"https:\/\/www.confederaciondelcobre.cl\/index.php\/wp-json\/wp\/v2\/categories?post=229"},{"taxonomy":"post_tag","embeddable":true,"href":"https:\/\/www.confederaciondelcobre.cl\/index.php\/wp-json\/wp\/v2\/tags?post=229"}],"curies":[{"name":"wp","href":"https:\/\/api.w.org\/{rel}","templated":true}]}}