{"id":2303,"date":"2022-03-08T13:36:17","date_gmt":"2022-03-08T13:36:17","guid":{"rendered":"https:\/\/www.confederaciondelcobre.cl\/?p=2303"},"modified":"2022-03-08T13:36:19","modified_gmt":"2022-03-08T13:36:19","slug":"8m-dia-internacional-de-la-mujer-trabajadora","status":"publish","type":"post","link":"https:\/\/www.confederaciondelcobre.cl\/index.php\/2022\/03\/08\/8m-dia-internacional-de-la-mujer-trabajadora\/","title":{"rendered":"#8M: D\u00eda Internacional de la Mujer Trabajadora"},"content":{"rendered":"\n<p>Porque los derechos de la Mujer Trabajadora son demandas de la Clase Trabajadora en su conjunto, y porque solo con unidad, organizaci\u00f3n y lucha construiremos una sociedad donde la humanidad sea libre, justa y solidaria; la Confederaci\u00f3n de Trabajadores del Cobre, organizaci\u00f3n nacional que agrupa y organiza a las y los trabajadores contratistas y subcontratistas de la miner\u00eda del cobre de Chile, saluda con admiraci\u00f3n y respeto a las mujeres que est\u00e1n unidas, organizadas y movilizadas por sus leg\u00edtimos derechos. <\/p>\n\n\n\n<ul class=\"wp-block-list\"><li>Si bien el 08 de marzo ha sido declarado como el D\u00eda Internacional de la Mujer por la Organizaci\u00f3n de Naciones Unidas (ONU) en 1975, este tiene su origen m\u00e1s probable en la movilizaci\u00f3n de miles de obreras textiles en la ciudad de Nueva York-EE.UU (08.03. 1857) que demandaban mejoras laborales, entre ellas la rebaja horaria y ponerle fin al trabajo infantil. Movilizaciones como esta y otras posteriores, que incluyen el tr\u00e1gico incendio en medio de una huelga en la f\u00e1brica de camisas &#8216;Triangle Shirtwaist&#8217; (N.Y-EE.UU en 1911), donde fallecieron 146 personas: 123 mujeres y 23 hombres \u2014la mayor\u00eda j\u00f3venes inmigrantes de entre 14 y 23 a\u00f1os\u2014, fueron reforzando la idea y establecimiento de esta fecha como el D\u00eda de la Mujer, pero con un componente fundamental: de clase trabajadora.<\/li><\/ul>\n\n\n\n<p>Como organizaci\u00f3n tenemos el convencimiento de que los problemas de la mujer no solo afectan a la mujer, afectan a la sociedad en su conjunto. Y es en ese sentido que tampoco es un problema s\u00f3lo de g\u00e9nero sino un problema social, pol\u00edtico, econ\u00f3mico y cultural, que necesariamente se traduce en la manifestaci\u00f3n de una lucha mayor: la lucha de clases, para poder transformar y transformarnos en la construcci\u00f3n de una sociedad mejor.<\/p>\n\n\n\n<p class=\"has-text-align-center\">&#8220;Por un mundo donde seamos socialmente iguales, humanamente diferentes y totalmente libres&#8221;&#8230; \u00a1Arriba las que luchan y no se rinden jam\u00e1s!<\/p>\n\n\n\n<div class=\"wp-block-image\"><figure class=\"aligncenter size-large\"><img loading=\"lazy\" decoding=\"async\" width=\"1024\" height=\"1024\" src=\"https:\/\/www.confederaciondelcobre.cl\/wp-content\/uploads\/2022\/03\/8M-1024x1024.png\" alt=\"\" class=\"wp-image-2305\" srcset=\"https:\/\/www.confederaciondelcobre.cl\/wp-content\/uploads\/2022\/03\/8M-1024x1024.png 1024w, https:\/\/www.confederaciondelcobre.cl\/wp-content\/uploads\/2022\/03\/8M-300x300.png 300w, https:\/\/www.confederaciondelcobre.cl\/wp-content\/uploads\/2022\/03\/8M-150x150.png 150w, https:\/\/www.confederaciondelcobre.cl\/wp-content\/uploads\/2022\/03\/8M-768x768.png 768w, https:\/\/www.confederaciondelcobre.cl\/wp-content\/uploads\/2022\/03\/8M.png 1080w\" sizes=\"auto, (max-width: 1024px) 100vw, 1024px\" \/><\/figure><\/div>\n","protected":false},"excerpt":{"rendered":"<p>Porque los derechos de la Mujer Trabajadora son demandas de la Clase Trabajadora en su conjunto, y porque solo con unidad, organizaci\u00f3n y lucha construiremos una sociedad donde la humanidad &hellip; <\/p>\n","protected":false},"author":2,"featured_media":2312,"comment_status":"closed","ping_status":"closed","sticky":false,"template":"","format":"standard","meta":{"jetpack_post_was_ever_published":false,"_jetpack_newsletter_access":"","_jetpack_dont_email_post_to_subs":false,"_jetpack_newsletter_tier_id":0,"_jetpack_memberships_contains_paywalled_content":false,"_jetpack_memberships_contains_paid_content":false,"footnotes":"","jetpack_publicize_message":"","jetpack_publicize_feature_enabled":true,"jetpack_social_post_already_shared":false,"jetpack_social_options":{"image_generator_settings":{"template":"highway","default_image_id":0,"enabled":false},"version":2}},"categories":[9,13,14,15,19],"tags":[],"class_list":["post-2303","post","type-post","status-publish","format-standard","has-post-thumbnail","hentry","category-confederacion","category-internacional","category-movimientos-sociales","category-nacional","category-trabajadores"],"jetpack_publicize_connections":[],"jetpack_featured_media_url":"https:\/\/www.confederaciondelcobre.cl\/wp-content\/uploads\/2022\/03\/Portada8M.jpg","jetpack_sharing_enabled":true,"post_mailing_queue_ids":[],"_links":{"self":[{"href":"https:\/\/www.confederaciondelcobre.cl\/index.php\/wp-json\/wp\/v2\/posts\/2303","targetHints":{"allow":["GET"]}}],"collection":[{"href":"https:\/\/www.confederaciondelcobre.cl\/index.php\/wp-json\/wp\/v2\/posts"}],"about":[{"href":"https:\/\/www.confederaciondelcobre.cl\/index.php\/wp-json\/wp\/v2\/types\/post"}],"author":[{"embeddable":true,"href":"https:\/\/www.confederaciondelcobre.cl\/index.php\/wp-json\/wp\/v2\/users\/2"}],"replies":[{"embeddable":true,"href":"https:\/\/www.confederaciondelcobre.cl\/index.php\/wp-json\/wp\/v2\/comments?post=2303"}],"version-history":[{"count":7,"href":"https:\/\/www.confederaciondelcobre.cl\/index.php\/wp-json\/wp\/v2\/posts\/2303\/revisions"}],"predecessor-version":[{"id":2313,"href":"https:\/\/www.confederaciondelcobre.cl\/index.php\/wp-json\/wp\/v2\/posts\/2303\/revisions\/2313"}],"wp:featuredmedia":[{"embeddable":true,"href":"https:\/\/www.confederaciondelcobre.cl\/index.php\/wp-json\/wp\/v2\/media\/2312"}],"wp:attachment":[{"href":"https:\/\/www.confederaciondelcobre.cl\/index.php\/wp-json\/wp\/v2\/media?parent=2303"}],"wp:term":[{"taxonomy":"category","embeddable":true,"href":"https:\/\/www.confederaciondelcobre.cl\/index.php\/wp-json\/wp\/v2\/categories?post=2303"},{"taxonomy":"post_tag","embeddable":true,"href":"https:\/\/www.confederaciondelcobre.cl\/index.php\/wp-json\/wp\/v2\/tags?post=2303"}],"curies":[{"name":"wp","href":"https:\/\/api.w.org\/{rel}","templated":true}]}}